{"id":94352,"date":"2019-06-15T07:55:40","date_gmt":"2019-06-15T04:55:40","guid":{"rendered":"https:\/\/www.enerjigazetesi.ist\/?p=94352"},"modified":"2019-06-15T07:58:21","modified_gmt":"2019-06-15T04:58:21","slug":"turkiyede-bu-yil-11-milyar-liralik-dogalgaz-sebeke-yatirimi-gerceklesecek","status":"publish","type":"post","link":"https:\/\/www.enerjigazetesi.ist\/en\/turkiyede-bu-yil-11-milyar-liralik-dogalgaz-sebeke-yatirimi-gerceklesecek\/","title":{"rendered":"(Turkish) T\u00fcrkiye&#8217;de Bu Y\u0131l 1,1 Milyar Liral\u0131k Do\u011falgaz \u015eebeke Yat\u0131r\u0131m\u0131 Ger\u00e7ekle\u015fecek"},"content":{"rendered":"<p class=\"qtranxs-available-languages-message qtranxs-available-languages-message-en\">Sorry, this entry is only available in <a href=\"https:\/\/www.enerjigazetesi.ist\/tr\/wp-json\/wp\/v2\/posts\/94352\" class=\"qtranxs-available-language-link qtranxs-available-language-link-tr\" title=\"Turkish\">Turkish<\/a>. For the sake of viewer convenience, the content is shown below in the alternative language. You may click the link to switch the active language.<\/p><p><\/p>\n<h1>Enerji ve Tabii Kaynaklar Bakan\u0131 Fatih D\u00f6nmez: &#8220;Bu y\u0131l 1,1 milyar liral\u0131k do\u011fal gaz \u015febeke yat\u0131r\u0131m\u0131 yaparak, 1 milyon yeni aboneyi daha do\u011fal gaz ile tan\u0131\u015ft\u0131raca\u011f\u0131z&#8221; dedi.<\/h1>\n<p>Gazbir-Gazmer&#8217;in d\u00fczenledi\u011fi bir programda konu\u015fan Bakan D\u00f6nmez, yo\u011fun ve istikrarl\u0131 \u00e7al\u0131\u015fmayla do\u011fal gaz abone say\u0131s\u0131n\u0131n 15 milyonun \u00fczerine \u00e7\u0131kt\u0131\u011f\u0131n\u0131 ve bug\u00fcn 65 milyon civar\u0131nda vatanda\u015f\u0131n do\u011fal gaza eri\u015fti\u011fini belirtti.<\/p>\n<p><img loading=\"lazy\" class=\"alignleft size-medium wp-image-94354\" src=\"https:\/\/www.enerjigazetesi.ist\/wp-content\/uploads\/2019\/06\/turkiyede-bu-yil-11-milyar-liralik-dogalgaz-sebeke-yatirimi-gerceklesecek-300x200.jpg\" alt=\"\" width=\"300\" height=\"200\" srcset=\"https:\/\/www.enerjigazetesi.ist\/wp-content\/uploads\/2019\/06\/turkiyede-bu-yil-11-milyar-liralik-dogalgaz-sebeke-yatirimi-gerceklesecek-300x200.jpg 300w, https:\/\/www.enerjigazetesi.ist\/wp-content\/uploads\/2019\/06\/turkiyede-bu-yil-11-milyar-liralik-dogalgaz-sebeke-yatirimi-gerceklesecek-500x333.jpg 500w, https:\/\/www.enerjigazetesi.ist\/wp-content\/uploads\/2019\/06\/turkiyede-bu-yil-11-milyar-liralik-dogalgaz-sebeke-yatirimi-gerceklesecek-75x50.jpg 75w, https:\/\/www.enerjigazetesi.ist\/wp-content\/uploads\/2019\/06\/turkiyede-bu-yil-11-milyar-liralik-dogalgaz-sebeke-yatirimi-gerceklesecek-450x300.jpg 450w, https:\/\/www.enerjigazetesi.ist\/wp-content\/uploads\/2019\/06\/turkiyede-bu-yil-11-milyar-liralik-dogalgaz-sebeke-yatirimi-gerceklesecek.jpg 732w\" sizes=\"(max-width: 300px) 100vw, 300px\" \/>D\u00f6nmez, &#8220;Do\u011fal gaz arama ve \u00fcretimi kadar \u00f6nemli olan di\u011fer bir hedefimiz ise do\u011fal gaz konforunu istisnas\u0131z milletimizin tamam\u0131na bu hizmeti g\u00f6t\u00fcrmektir. Bu hedefimiz kapsam\u0131nda ge\u00e7en y\u0131l 81 ilimizin tamam\u0131na do\u011fal gaz\u0131 ula\u015ft\u0131rd\u0131k.&#8221; ifadelerini kulland\u0131.<\/p>\n<p>Do\u011falgaz da\u011f\u0131t\u0131m piyasas\u0131nda sekt\u00f6r ad\u0131na ba\u015far\u0131l\u0131 i\u015flere imza atan Gazbir-Gazmer&#8217;in, \u00fcr\u00fcn ve i\u015f g\u00fcc\u00fc niteli\u011finin art\u0131r\u0131ld\u0131\u011f\u0131 bir do\u011fal gaz piyasas\u0131n\u0131n olu\u015fturulmas\u0131 ad\u0131na \u00f6nemli bir rol ifa etti\u011fini kaydeden D\u00f6nmez, &#8220;Bu alanda yap\u0131lan Ar-Ge \u00e7al\u0131\u015fmalar\u0131 da hem do\u011fal gaz piyasas\u0131n\u0131n yetkinli\u011finin artmas\u0131 hem de vatanda\u015flar\u0131m\u0131za sunulan hizmet kalitesinin daha da iyile\u015ftirilmesi a\u00e7\u0131s\u0131ndan g\u00fczel bir \u00f6rnek te\u015fkil ediyor.&#8221; dedi.<\/p>\n<p>Bakan D\u00f6nmez, s\u00f6zlerine \u015f\u00f6yle devam etti:<br \/>\n&#8220;Trakya b\u00f6lgemizdeki 300 bin hanenin 10 y\u0131ll\u0131k ihtiyac\u0131na denk gelecek do\u011fal gaz ke\u015ffimizin ard\u0131ndan, bir ba\u015fka \u00f6nemli geli\u015fme daha ya\u015fand\u0131. Yine Trakya b\u00f6lgemizde \u00f6zel sekt\u00f6r taraf\u0131ndan yap\u0131lan \u00e7al\u0131\u015fmalarda do\u011fal gaz emaresine rastland\u0131. Ancak, \u015fu anda kesin bir rakamdan s\u00f6z etmek zor. Testler ve gerekli \u00e7al\u0131\u015fmalar yap\u0131ld\u0131ktan sonra buradaki rezervin miktar\u0131 da ortaya \u00e7\u0131kacak. Bug\u00fcn 81 il ve 512 yerle\u015fim birimimize do\u011fal gaz\u0131 ula\u015ft\u0131rm\u0131\u015f bulunmaktay\u0131z.<\/p>\n<p>\u00dclkemizdeki her 10 ki\u015fiden 8&#8217;ine do\u011fal gaz\u0131 ula\u015ft\u0131rm\u0131\u015f durumday\u0131z. Bu konforu aktif olarak kullananlar\u0131n say\u0131s\u0131 ise 50 milyonun \u00fczerinde. Ge\u00e7ti\u011fimiz 5 y\u0131lda, y\u0131ll\u0131k ortalama 9 bin 900 kilometre \u015febeke yat\u0131r\u0131m\u0131yla do\u011fal gaz da\u011f\u0131t\u0131m hatt\u0131m\u0131z\u0131 140 bin kilometreye \u00e7\u0131kararak neredeyse d\u00fcnyan\u0131n \u00e7evresini 3,5 defa dola\u015fabilecek uzunlu\u011fa y\u00fckseltmi\u015f bulunmaktay\u0131z. Yine bu s\u00fcre\u00e7te do\u011fal gaz ula\u015fan il\u00e7e say\u0131m\u0131z\u0131, y\u00fczde 66 artt\u0131rm\u0131\u015f bulunmaktay\u0131z. Sadece 2018 y\u0131l\u0131nda 1 milyon 150 bine yak\u0131n vatanda\u015f\u0131m\u0131z daha do\u011fal gaz ile tan\u0131\u015fm\u0131\u015f oldu. \u0130l\u00e7e baz\u0131nda ise toplam do\u011fal gaz arz\u0131 sa\u011flanan il\u00e7elerin y\u00fczde 15&#8217;ine 2018 y\u0131l\u0131nda do\u011fal gaz verdik.&#8221;<\/p>\n<h2>&#8220;Son 3 y\u0131lda 216 yerle\u015fim yerine daha do\u011fal gaz\u0131 g\u00f6t\u00fcrd\u00fck&#8221;<\/h2>\n<p>D\u00f6nmez, son 3 y\u0131lda 11 il, 188 il\u00e7e ve 17 belde olmak \u00fczere toplam 216 yerle\u015fim yerine daha do\u011fal gaz\u0131 g\u00f6t\u00fcrd\u00fcklerini belirterek, &#8220;2019&#8217;da da yerle\u015fim yerlerine do\u011fal gaz\u0131 g\u00f6t\u00fcrmeye devam edece\u011fiz. Bu y\u0131l sonu itibar\u0131yla 30 yerle\u015fim yerine daha bu y\u0131l i\u00e7erisinde do\u011fal gaz\u0131 g\u00f6t\u00fcrmek suretiyle do\u011fal gaz \u015febekemizi geni\u015fletmi\u015f olaca\u011f\u0131z.&#8221; dedi.<\/p>\n<p>Ge\u00e7ti\u011fimiz y\u0131l do\u011fal gaz da\u011f\u0131t\u0131m \u015firketleri taraf\u0131ndan 2,3 milyar lira \u015febeke yat\u0131r\u0131m\u0131n\u0131 ger\u00e7ekle\u015ftirdiklerinin alt\u0131n\u0131 \u00e7izen D\u00f6nmez, &#8220;T\u00fcm bu yat\u0131r\u0131mlarla \u00fclkemizde kullan\u0131lan do\u011fal gaz\u0131n y\u00fczde 90\u2019\u0131 da\u011f\u0131t\u0131m \u015firketlerimiz taraf\u0131ndan t\u00fcketiciye ula\u015ft\u0131rm\u0131\u015f oldu. Bu rakamlar\u0131n da g\u00f6sterdi\u011fi gibi sekt\u00f6r\u00fcm\u00fcz her anlamda serbest piyasa kural ve ger\u00e7ekleriyle yoluna devam ediyor.&#8221; diye konu\u015ftu.<\/p>\n<p>D\u00f6nmez, bu y\u0131l i\u00e7erisinde, 1,1 milyar liral\u0131k \u015febeke yat\u0131r\u0131m\u0131 yaparak 1 milyon yeni aboneyi daha do\u011fal gaz ile tan\u0131\u015ft\u0131racaklar\u0131n\u0131 s\u00f6yledi.<\/p>\n<p>Do\u011fal gaz\u0131n fosil yak\u0131tlar\u0131n en temizi oldu\u011funu belirten D\u00f6nmez, s\u00f6zlerini \u015f\u00f6yle s\u00fcrd\u00fcrd\u00fc:<\/p>\n<p>&#8220;Bu nedenle yerle\u015fim yerlerinde k\u00f6m\u00fcr kullan\u0131m\u0131 nedeniyle olu\u015fan hava kirlili\u011fine en g\u00fczel \u00e7\u00f6z\u00fcmlerden birisi, yine do\u011fal gaz\u0131 yayg\u0131nla\u015ft\u0131rmak. Biz de 2018 y\u0131l\u0131nda yayg\u0131n do\u011fal gaz kullan\u0131m\u0131 sayesinde 7 milyon ton civar\u0131ndan hava kirletici maddeden ve gaz\u0131n sal\u0131n\u0131m\u0131n\u0131 engelledik. Daha \u00f6nce de defaatle belirtti\u011fim \u00fczere T\u00fcrkiye d\u00fcnyaya en az karbon sal\u0131m\u0131 yapan \u00fclkelerin ba\u015f\u0131nda geliyor ve biz bu konuda sorumlulu\u011fumuzun da her zaman \u00fczerinde hareket ediyoruz. \u00c7\u00fcnk\u00fc bizim i\u00e7in \u00e7evrecilik, \u00e7evreci olmak i\u00e7i bo\u015f sloganlardan ibaret de\u011fildir.<\/p>\n<p>Buna ek olarak &#8216;\u00c7evremiz daha g\u00fczel olsun.&#8217; diyerek ba\u015flatt\u0131\u011f\u0131m\u0131z ba\u015fka projemiz var. &#8216;Bir Enerji Bir Nefes&#8217; projemiz kapsam\u0131nda, ge\u00e7ti\u011fimiz y\u0131l daha temiz bir gelecek i\u00e7in 1 milyon yeni fidan\u0131 toprakla bulu\u015fturduk. \u00d6n\u00fcm\u00fczdeki s\u00fcre\u00e7te de do\u011faya, insana ve t\u00fcm yarat\u0131lanlara muhabbet ve sayg\u0131y\u0131 bor\u00e7 kabul eden bir medeniyetin fertleri olarak \u00e7evre ve do\u011fa hassasiyetimizi geli\u015ftirerek s\u00fcrd\u00fcrece\u011fiz.&#8221;<br \/>\nD\u00f6nmez, yar\u0131n 19 May\u0131s oldu\u011funu belirterek, &#8220;Gazi Mustafa Kemal Atat\u00fcrk&#8217;\u00fcn Samsun&#8217;a \u00e7\u0131karak ba\u015flatt\u0131\u011f\u0131 ba\u011f\u0131ms\u0131zl\u0131k ve \u00f6zg\u00fcrl\u00fck m\u00fccadelesiyle \u00fclkemizin bug\u00fcnk\u00fc temelleri 19 May\u0131s 1919&#8217;da at\u0131ld\u0131. Ben bu vesileyle, t\u00fcm gen\u00e7lerimizin 19 May\u0131s Atat\u00fcrk&#8217;\u00fc Anma ve Gen\u00e7lik Spor Bayram\u0131&#8217;n\u0131 kutluyorum.&#8221; \u015feklinde konu\u015ftu.<\/p>","protected":false},"excerpt":{"rendered":"<p>Sorry, this entry is only available in Turkish. For the sake of viewer convenience, the content is shown below in the alternative language. You may click the link to switch the active language. Enerji ve Tabii Kaynaklar Bakan\u0131 Fatih D\u00f6nmez: &#8220;Bu y\u0131l 1,1 milyar liral\u0131k do\u011fal gaz \u015febeke yat\u0131r\u0131m\u0131 yaparak, 1 milyon yeni aboneyi daha [&hellip;]<\/p>\n","protected":false},"author":1,"featured_media":94354,"comment_status":"open","ping_status":"open","sticky":false,"template":"","format":"standard","meta":[],"categories":[46,53],"tags":[11683,52277,52278,1128,19761,34929,52279,23219,52276,27530,40429],"views":436,"_links":{"self":[{"href":"https:\/\/www.enerjigazetesi.ist\/en\/wp-json\/wp\/v2\/posts\/94352"}],"collection":[{"href":"https:\/\/www.enerjigazetesi.ist\/en\/wp-json\/wp\/v2\/posts"}],"about":[{"href":"https:\/\/www.enerjigazetesi.ist\/en\/wp-json\/wp\/v2\/types\/post"}],"author":[{"embeddable":true,"href":"https:\/\/www.enerjigazetesi.ist\/en\/wp-json\/wp\/v2\/users\/1"}],"replies":[{"embeddable":true,"href":"https:\/\/www.enerjigazetesi.ist\/en\/wp-json\/wp\/v2\/comments?post=94352"}],"version-history":[{"count":1,"href":"https:\/\/www.enerjigazetesi.ist\/en\/wp-json\/wp\/v2\/posts\/94352\/revisions"}],"predecessor-version":[{"id":94353,"href":"https:\/\/www.enerjigazetesi.ist\/en\/wp-json\/wp\/v2\/posts\/94352\/revisions\/94353"}],"wp:featuredmedia":[{"embeddable":true,"href":"https:\/\/www.enerjigazetesi.ist\/en\/wp-json\/wp\/v2\/media\/94354"}],"wp:attachment":[{"href":"https:\/\/www.enerjigazetesi.ist\/en\/wp-json\/wp\/v2\/media?parent=94352"}],"wp:term":[{"taxonomy":"category","embeddable":true,"href":"https:\/\/www.enerjigazetesi.ist\/en\/wp-json\/wp\/v2\/categories?post=94352"},{"taxonomy":"post_tag","embeddable":true,"href":"https:\/\/www.enerjigazetesi.ist\/en\/wp-json\/wp\/v2\/tags?post=94352"}],"curies":[{"name":"wp","href":"https:\/\/api.w.org\/{rel}","templated":true}]}}