{"id":943,"date":"2012-07-18T08:54:44","date_gmt":"2012-07-18T05:54:44","guid":{"rendered":"https:\/\/www.enerjigazetesi.ist\/?p=943"},"modified":"2012-07-18T08:54:44","modified_gmt":"2012-07-18T05:54:44","slug":"a-enerji-etiketleri-tuketiciyi-yaniltiyor","status":"publish","type":"post","link":"https:\/\/www.enerjigazetesi.ist\/en\/a-enerji-etiketleri-tuketiciyi-yaniltiyor\/","title":{"rendered":"(Turkish) A Enerji Etiketleri T\u00fcketiciyi Yan\u0131lt\u0131yor"},"content":{"rendered":"<p class=\"qtranxs-available-languages-message qtranxs-available-languages-message-en\">Sorry, this entry is only available in <a href=\"https:\/\/www.enerjigazetesi.ist\/tr\/wp-json\/wp\/v2\/posts\/943\" class=\"qtranxs-available-language-link qtranxs-available-language-link-tr\" title=\"Turkish\">Turkish<\/a>. For the sake of viewer convenience, the content is shown below in the alternative language. You may click the link to switch the active language.<\/p><p><\/p>\n<div><strong>Mevcut durumda klimalar\u0131n enerji verimlili\u011fi etiketleri tek bir s\u0131cakl\u0131k de\u011ferine g\u00f6re haz\u0131rlan\u0131yor.<\/strong><\/div>\n<div>\n<p>Mevcut durumda klimalar\u0131n enerji verimlili\u011fi etiketleri tek bir s\u0131cakl\u0131k de\u011ferine g\u00f6re haz\u0131rlan\u0131yor. Daikin CEO&#8217;su Hasan \u00d6nder, ger\u00e7ekte s\u0131cakl\u0131\u011f\u0131n de\u011fi\u015fkenlik g\u00f6sterdi\u011fini ve etiketlerin t\u00fcketiciyi yan\u0131ltt\u0131\u011f\u0131n\u0131 s\u00f6yledi.<\/p>\n<p><img loading=\"lazy\" class=\"alignright size-full wp-image-944\" title=\"klima-enerji-tasarrufu\" src=\"https:\/\/www.enerjigazetesi.ist\/wp-content\/uploads\/2012\/07\/klima-enerji-tasarrufu.jpg\" alt=\"\" width=\"300\" height=\"210\" srcset=\"https:\/\/www.enerjigazetesi.ist\/wp-content\/uploads\/2012\/07\/klima-enerji-tasarrufu.jpg 300w, https:\/\/www.enerjigazetesi.ist\/wp-content\/uploads\/2012\/07\/klima-enerji-tasarrufu-71x50.jpg 71w\" sizes=\"(max-width: 300px) 100vw, 300px\" \/>T\u00fcrkiye&#8217;de cari a\u00e7\u0131\u011f\u0131n olu\u015fmas\u0131nda en b\u00fcy\u00fck etkenlerden biri enerji t\u00fcketimi iken \u015firketler bu alanda daha tasarruflu \u00fcr\u00fcnlere y\u00f6neliyor. T\u00fcketiciler de art\u0131k \u00fcr\u00fcn\u00fcn \u00fczerinde A enerji etiketine bakarak beyaz e\u015fyalar\u0131n\u0131 al\u0131yor. Daikin T\u00fcrkiye CEO&#8217;su Hasan \u00d6nder ise A enerji etiketlerinin t\u00fcketiciyi yan\u0131ltt\u0131\u011f\u0131na dikkat \u00e7ekiyor. \u00d6nder, \u015firket olarak Avrupa&#8217;da lobi faaliyetleri yapt\u0131klar\u0131n\u0131 ve bu \u00e7al\u0131\u015fman\u0131n sonucunda Avrupa \u00fclkelerinde 2013 y\u0131l\u0131ndan itibaren \u0131s\u0131tma ve so\u011futma cihazlar\u0131n\u0131n ger\u00e7ek enerji verimlili\u011fini \u00f6l\u00e7en bu &#8216;sezonsal verimlilik&#8217; kriterlerine ge\u00e7ece\u011fini hat\u0131rlatt\u0131. \u00d6nder, \u00fcr\u00fcnlerin sezonsal verimlilik kriterlerine uygun olarak tasarlanmas\u0131yla Avrupa&#8217;da inverter klima pazar\u0131n\u0131n y\u00fczde 100&#8217;e \u00e7\u0131kaca\u011f\u0131na da i\u015faret etti. T\u00fcrkiye&#8217;nin de Avrupa&#8217;daki geli\u015fmelere paralel olarak en ge\u00e7 2014 y\u0131l\u0131nda bu kriterleri uygulamas\u0131n\u0131n \u00f6nemi \u00fczerinde duruluyor. \u00d6nder, bu konuda \u015fu bilgileri payla\u015ft\u0131: &#8220;Mevcut durumda, klimalar\u0131n enerji verimlili\u011fi etiketleri, laboratuvar ortam\u0131nda tek bir s\u0131cakl\u0131k de\u011ferine g\u00f6re olu\u015fturulmaktad\u0131r. Ancak ger\u00e7ek hayatta s\u0131cakl\u0131k, de\u011fi\u015fkenlik g\u00f6sterdi\u011finden enerji verimlili\u011finin de t\u00fcm y\u0131l boyunca farkl\u0131 s\u0131cakl\u0131klara g\u00f6re \u00f6l\u00e7\u00fclmesi ve enerji etiketlerinin t\u00fcketiciyi yan\u0131ltmamas\u0131 a\u00e7\u0131s\u0131ndan bu de\u011ferlere g\u00f6re olu\u015fturulmas\u0131 gerekmektedir.&#8221; Ge\u00e7en y\u0131l Airfel&#8217;i sat\u0131n alarak T\u00fcrkiye&#8217;de \u0131s\u0131tma-so\u011futma sekt\u00f6r\u00fcne giri\u015f yapan Daikin, haziran sonu itibar\u0131yla 285 milyon TL&#8217;ye ula\u015fan cirosu ile ge\u00e7en y\u0131l\u0131n ayn\u0131 d\u00f6nemine g\u00f6re y\u00fczde 65 b\u00fcy\u00fcd\u00fc. B\u00f6ylece Daikin T\u00fcrkiye, bu y\u0131l ciro hedefinin y\u00fczde 55&#8217;ini 6 ayda ger\u00e7ekle\u015ftirmi\u015f oldu. D\u00fcnya iklimlendirme sekt\u00f6r\u00fcn\u00fcn pazar b\u00fcy\u00fckl\u00fc\u011f\u00fcn\u00fcn 120 milyon dolar de\u011ferinde oldu\u011funu belirten \u00d6nder, bunun 88 milyar dolar\u0131n\u0131 so\u011futma, 32 milyar dolar\u0131n\u0131 da \u0131s\u0131tma \u00fcr\u00fcnlerinin olu\u015fturdu\u011funu ifade etti. T\u00fcrkiye, bu pazarda hen\u00fcz 1 milyar dolar\u0131 so\u011futma, 1,2 milyar dolar\u0131 da \u0131s\u0131tma \u00fcr\u00fcnleri olmak \u00fczere 2,2 milyar dolarl\u0131k (3,97 milyar TL) bir paya sahip bulunuyor. \u00d6nder, h\u0131zla geli\u015fen ekonomi ve ki\u015fi ba\u015f\u0131na d\u00fc\u015fen milli gelirin de artmas\u0131yla T\u00fcrkiye&#8217;nin bu alanda geli\u015fime a\u00e7\u0131k en b\u00fcy\u00fck pazarlardan biri haline geldi\u011fini belirtti. Daikin T\u00fcrkiye CEO&#8217;su, \u0131s\u0131tma alan\u0131nda Airfel markas\u0131yla faaliyet g\u00f6sterdiklerini hat\u0131rlatt\u0131.<\/p>\n<p>\u00d6nder, bu alanda 2013 y\u0131l\u0131 sonuna kadar sat\u0131n alma yapmaya ihtiya\u00e7 duyacaklar\u0131n\u0131 anlat\u0131rken, &#8220;Avrupa&#8217;da iyi bir firmay\u0131 sat\u0131n alma plan\u0131m\u0131z var. Daikin T\u00fcrkiye know how&#8217;\u0131yla \u0131s\u0131tma faaliyetlerine \u00f6nc\u00fcl\u00fck ediyor. Is\u0131tma taraf\u0131nda da Daikin&#8217;in global olarak liderli\u011fini \u00fcstlenerek, t\u00fcm \u0131s\u0131tma stratejilerini T\u00fcrkiye \u00fczerinden \u015fekillendirece\u011fiz.&#8221; dedi. Daikin Avrupa M\u00fcd\u00fcr\u00fc Wim Vangeenberghe de T\u00fcrkiye&#8217;nin \u00f6n\u00fcm\u00fczdeki be\u015f y\u0131l i\u00e7erisinde Avrupa&#8217;n\u0131n en iyi pazarlar\u0131ndan olaca\u011f\u0131n\u0131 s\u00f6yledi. Vangeenberghe; &#8220;Biz T\u00fcrkiye Daikin&#8217;den sadece i\u00e7 piyasas\u0131na y\u00f6nelik \u00e7al\u0131\u015fmalar beklemiyoruz. Avrupa \u00fclkelerine ihracat da bekliyoruz. Ayn\u0131 zamanda biz Avrupa&#8217;daki \u015firketlerimiz i\u00e7in de buradan i\u015fe al\u0131mlar yapmay\u0131 planl\u0131yoruz.&#8221; dedi.<\/p>\n<p><script type=\"text\/javascript\"><\/script><\/div>\n<div>Kaynak: <a href=\"http:\/\/www.ekoayrinti.com\/news_detail.php?id=103362\" target=\"_blank\">EkoAyr\u0131nt\u0131<\/a><\/div>\n<p><\/p>","protected":false},"excerpt":{"rendered":"<p>Sorry, this entry is only available in Turkish. For the sake of viewer convenience, the content is shown below in the alternative language. You may click the link to switch the active language. Mevcut durumda klimalar\u0131n enerji verimlili\u011fi etiketleri tek bir s\u0131cakl\u0131k de\u011ferine g\u00f6re haz\u0131rlan\u0131yor. Mevcut durumda klimalar\u0131n enerji verimlili\u011fi etiketleri tek bir s\u0131cakl\u0131k de\u011ferine [&hellip;]<\/p>\n","protected":false},"author":1,"featured_media":944,"comment_status":"open","ping_status":"open","sticky":false,"template":"","format":"standard","meta":[],"categories":[53,52],"tags":[147,148,146],"views":608,"_links":{"self":[{"href":"https:\/\/www.enerjigazetesi.ist\/en\/wp-json\/wp\/v2\/posts\/943"}],"collection":[{"href":"https:\/\/www.enerjigazetesi.ist\/en\/wp-json\/wp\/v2\/posts"}],"about":[{"href":"https:\/\/www.enerjigazetesi.ist\/en\/wp-json\/wp\/v2\/types\/post"}],"author":[{"embeddable":true,"href":"https:\/\/www.enerjigazetesi.ist\/en\/wp-json\/wp\/v2\/users\/1"}],"replies":[{"embeddable":true,"href":"https:\/\/www.enerjigazetesi.ist\/en\/wp-json\/wp\/v2\/comments?post=943"}],"version-history":[{"count":2,"href":"https:\/\/www.enerjigazetesi.ist\/en\/wp-json\/wp\/v2\/posts\/943\/revisions"}],"predecessor-version":[{"id":946,"href":"https:\/\/www.enerjigazetesi.ist\/en\/wp-json\/wp\/v2\/posts\/943\/revisions\/946"}],"wp:featuredmedia":[{"embeddable":true,"href":"https:\/\/www.enerjigazetesi.ist\/en\/wp-json\/wp\/v2\/media\/944"}],"wp:attachment":[{"href":"https:\/\/www.enerjigazetesi.ist\/en\/wp-json\/wp\/v2\/media?parent=943"}],"wp:term":[{"taxonomy":"category","embeddable":true,"href":"https:\/\/www.enerjigazetesi.ist\/en\/wp-json\/wp\/v2\/categories?post=943"},{"taxonomy":"post_tag","embeddable":true,"href":"https:\/\/www.enerjigazetesi.ist\/en\/wp-json\/wp\/v2\/tags?post=943"}],"curies":[{"name":"wp","href":"https:\/\/api.w.org\/{rel}","templated":true}]}}