{"id":94191,"date":"2019-06-12T14:23:58","date_gmt":"2019-06-12T11:23:58","guid":{"rendered":"https:\/\/www.enerjigazetesi.ist\/?p=94191"},"modified":"2019-06-12T14:27:18","modified_gmt":"2019-06-12T11:27:18","slug":"karbondioksit-yogunlugu-gectigimiz-ay-41466-ppme-yukseldi","status":"publish","type":"post","link":"https:\/\/www.enerjigazetesi.ist\/en\/karbondioksit-yogunlugu-gectigimiz-ay-41466-ppme-yukseldi\/","title":{"rendered":"(Turkish) K\u00fcresel Karbondioksit Yo\u011funlu\u011fu Ge\u00e7ti\u011fimiz Ay 414,66 ppm&#8217;e Y\u00fckseldi!"},"content":{"rendered":"<p class=\"qtranxs-available-languages-message qtranxs-available-languages-message-en\">Sorry, this entry is only available in <a href=\"https:\/\/www.enerjigazetesi.ist\/tr\/wp-json\/wp\/v2\/posts\/94191\" class=\"qtranxs-available-language-link qtranxs-available-language-link-tr\" title=\"Turkish\">Turkish<\/a>. For the sake of viewer convenience, the content is shown below in the alternative language. You may click the link to switch the active language.<\/p><p><\/p>\n<h1>ABD&#8217;nin Ulusal Okyanus ve Atmosfer \u0130daresi\u2019ne ba\u011fl\u0131 Mauna Loa \u0130stasyonunca ger\u00e7ekle\u015ftirilen \u00f6l\u00e7\u00fcm sonucunda <strong><img loading=\"lazy\" class=\"alignleft wp-image-94194\" src=\"https:\/\/www.enerjigazetesi.ist\/wp-content\/uploads\/2019\/06\/karbondioksit-yogunlugu-gectigimiz-ay-41466-ppme-yukseldi-300x170.jpg\" alt=\"\" width=\"340\" height=\"192\" srcset=\"https:\/\/www.enerjigazetesi.ist\/wp-content\/uploads\/2019\/06\/karbondioksit-yogunlugu-gectigimiz-ay-41466-ppme-yukseldi-300x170.jpg 300w, https:\/\/www.enerjigazetesi.ist\/wp-content\/uploads\/2019\/06\/karbondioksit-yogunlugu-gectigimiz-ay-41466-ppme-yukseldi-768x434.jpg 768w, https:\/\/www.enerjigazetesi.ist\/wp-content\/uploads\/2019\/06\/karbondioksit-yogunlugu-gectigimiz-ay-41466-ppme-yukseldi-500x283.jpg 500w, https:\/\/www.enerjigazetesi.ist\/wp-content\/uploads\/2019\/06\/karbondioksit-yogunlugu-gectigimiz-ay-41466-ppme-yukseldi-80x45.jpg 80w, https:\/\/www.enerjigazetesi.ist\/wp-content\/uploads\/2019\/06\/karbondioksit-yogunlugu-gectigimiz-ay-41466-ppme-yukseldi.jpg 810w\" sizes=\"(max-width: 340px) 100vw, 340px\" \/><\/strong>karbondioksit yo\u011funlu\u011fu bir y\u0131l \u00f6ncesine g\u00f6re\u00a0 3,42 ppm\u00a0art\u0131\u015f g\u00f6sterdi.<\/h1>\n<p>Atmosferdeki <strong>karbondioksit yo\u011funlu\u011fu<\/strong> ilk defa ge\u00e7ti\u011fimiz ay\u00a0<strong>415 ppm seviyesini de a\u015ft\u0131<\/strong>\u00a0ve <strong>12 &#8211; 17 May\u0131s 2019<\/strong> aras\u0131ndaki <strong>6 g\u00fcn boyunca<\/strong> bu de\u011ferin \u00fczerine \u00e7\u0131km\u0131\u015ft\u0131r.<\/p>\n<h1>G\u00fcvenli S\u0131n\u0131r 350 ppm<\/h1>\n<p>Karbondioksit yo\u011funlu\u011funun 350 ppm\u2019in \u00fczerine \u00e7\u0131kmas\u0131 iklim de\u011fi\u015fikli\u011fi a\u00e7\u0131s\u0131ndan g\u00fcvenilir s\u0131n\u0131r\u0131n a\u015f\u0131ld\u0131\u011f\u0131n\u0131 ifade ederken bu de\u011ferin Mauna Loa \u0130stasyonu\u2019nda ilk \u00f6l\u00e7\u00fcm\u00fcn yap\u0131ld\u0131\u011f\u0131 1958 y\u0131l\u0131n\u0131n Mart ay\u0131nda 317,71 ppm oldu\u011fu belirtilmi\u015ftir.<\/p>","protected":false},"excerpt":{"rendered":"<p>Sorry, this entry is only available in Turkish. For the sake of viewer convenience, the content is shown below in the alternative language. You may click the link to switch the active language. ABD&#8217;nin Ulusal Okyanus ve Atmosfer \u0130daresi\u2019ne ba\u011fl\u0131 Mauna Loa \u0130stasyonunca ger\u00e7ekle\u015ftirilen \u00f6l\u00e7\u00fcm sonucunda karbondioksit yo\u011funlu\u011fu bir y\u0131l \u00f6ncesine g\u00f6re\u00a0 3,42 ppm\u00a0art\u0131\u015f g\u00f6sterdi. [&hellip;]<\/p>\n","protected":false},"author":1,"featured_media":94194,"comment_status":"open","ping_status":"open","sticky":false,"template":"","format":"standard","meta":[],"categories":[53,52],"tags":[67,1009,26559,41159,5050,52135,52136,52134,22868,793],"views":575,"_links":{"self":[{"href":"https:\/\/www.enerjigazetesi.ist\/en\/wp-json\/wp\/v2\/posts\/94191"}],"collection":[{"href":"https:\/\/www.enerjigazetesi.ist\/en\/wp-json\/wp\/v2\/posts"}],"about":[{"href":"https:\/\/www.enerjigazetesi.ist\/en\/wp-json\/wp\/v2\/types\/post"}],"author":[{"embeddable":true,"href":"https:\/\/www.enerjigazetesi.ist\/en\/wp-json\/wp\/v2\/users\/1"}],"replies":[{"embeddable":true,"href":"https:\/\/www.enerjigazetesi.ist\/en\/wp-json\/wp\/v2\/comments?post=94191"}],"version-history":[{"count":0,"href":"https:\/\/www.enerjigazetesi.ist\/en\/wp-json\/wp\/v2\/posts\/94191\/revisions"}],"wp:featuredmedia":[{"embeddable":true,"href":"https:\/\/www.enerjigazetesi.ist\/en\/wp-json\/wp\/v2\/media\/94194"}],"wp:attachment":[{"href":"https:\/\/www.enerjigazetesi.ist\/en\/wp-json\/wp\/v2\/media?parent=94191"}],"wp:term":[{"taxonomy":"category","embeddable":true,"href":"https:\/\/www.enerjigazetesi.ist\/en\/wp-json\/wp\/v2\/categories?post=94191"},{"taxonomy":"post_tag","embeddable":true,"href":"https:\/\/www.enerjigazetesi.ist\/en\/wp-json\/wp\/v2\/tags?post=94191"}],"curies":[{"name":"wp","href":"https:\/\/api.w.org\/{rel}","templated":true}]}}