{"id":94126,"date":"2019-06-11T19:34:37","date_gmt":"2019-06-11T16:34:37","guid":{"rendered":"https:\/\/www.enerjigazetesi.ist\/?p=94126"},"modified":"2019-06-11T19:37:42","modified_gmt":"2019-06-11T16:37:42","slug":"epdk-elektrik-zammi-haberlerinin-asilsiz-oldugunu-acikladi","status":"publish","type":"post","link":"https:\/\/www.enerjigazetesi.ist\/en\/epdk-elektrik-zammi-haberlerinin-asilsiz-oldugunu-acikladi\/","title":{"rendered":"(Turkish) &#8217;EPDK&#8217; Elektrik Zamm\u0131 Haberlerinin As\u0131ls\u0131z Oldu\u011funu A\u00e7\u0131klad\u0131"},"content":{"rendered":"<p class=\"qtranxs-available-languages-message qtranxs-available-languages-message-en\">Sorry, this entry is only available in <a href=\"https:\/\/www.enerjigazetesi.ist\/tr\/wp-json\/wp\/v2\/posts\/94126\" class=\"qtranxs-available-language-link qtranxs-available-language-link-tr\" title=\"Turkish\">Turkish<\/a>. For the sake of viewer convenience, the content is shown below in the alternative language. You may click the link to switch the active language.<\/p><p><\/p>\n<h1>Enerji Piyasas\u0131 D\u00fczenleme Kurumu (EPDK) taraf\u0131ndan 1 Temmuz tarihinde elektri\u011fe % 34 zam yap\u0131laca\u011f\u0131na y\u00f6nelik haberlerin as\u0131ls\u0131z oldu\u011fu a\u00e7\u0131kland\u0131.<\/h1>\n<p>Kurum taraf\u0131ndan yap\u0131lan resmi a\u00e7\u0131klamada ise \u015fu ifadeler kullan\u0131ld\u0131.<\/p>\n<p><em>&#8220;Bir gazetede yer alan \u2018Elektri\u011fe zam yolda: Temmuz ay\u0131nda y\u00fczde 30\u2019un \u00fczerinde zam yap\u0131lacak\u2019 <img loading=\"lazy\" class=\"alignright size-medium wp-image-94129\" src=\"https:\/\/www.enerjigazetesi.ist\/wp-content\/uploads\/2019\/06\/epdkdan-elektrige-zam-haberlerinin-asilsiz-oldugu-aciklamasi-300x166.jpg\" alt=\"\" width=\"300\" height=\"166\" srcset=\"https:\/\/www.enerjigazetesi.ist\/wp-content\/uploads\/2019\/06\/epdkdan-elektrige-zam-haberlerinin-asilsiz-oldugu-aciklamasi-300x166.jpg 300w, https:\/\/www.enerjigazetesi.ist\/wp-content\/uploads\/2019\/06\/epdkdan-elektrige-zam-haberlerinin-asilsiz-oldugu-aciklamasi-500x276.jpg 500w, https:\/\/www.enerjigazetesi.ist\/wp-content\/uploads\/2019\/06\/epdkdan-elektrige-zam-haberlerinin-asilsiz-oldugu-aciklamasi-80x44.jpg 80w, https:\/\/www.enerjigazetesi.ist\/wp-content\/uploads\/2019\/06\/epdkdan-elektrige-zam-haberlerinin-asilsiz-oldugu-aciklamasi.jpg 642w\" sizes=\"(max-width: 300px) 100vw, 300px\" \/>ba\u015fl\u0131kl\u0131 haberde, kurumumuzun 16\/5\/2019 tarihli ve 8592 say\u0131l\u0131 Kurul Karar\u0131 ile 2019 y\u0131l\u0131 Haziran-Aral\u0131k d\u00f6nemi i\u00e7in ayl\u0131k bazda, tedarik edilen birim enerji miktar\u0131 ba\u015f\u0131na \u00f6ng\u00f6r\u00fclen YEKDEM maliyetlerinin g\u00fcncellenmesi de gerek\u00e7e g\u00f6sterilerek 1 Temmuz 2019 itibar\u0131yla ge\u00e7erli olacak perakende elektrik sat\u0131\u015f tarifelerinde y\u00fczde 34 oran\u0131nda art\u0131\u015f olaca\u011f\u0131 y\u00f6n\u00fcnde as\u0131ls\u0131z bir bilgi yer almaktad\u0131r.<\/em><\/p>\n<p><em>Bilindi\u011fi \u00fczere tedarik edilen birim enerji miktar\u0131 ba\u015f\u0131na \u00f6ng\u00f6r\u00fclen YEKDEM maliyetinde yap\u0131lan g\u00fcncelleme nihai elektrik tarifelerini etkilememekte olup, s\u00f6z konusu \u00f6ng\u00f6r\u00fc referans niteli\u011findedir.<\/em><\/p>\n<p><em>Perakende elektrik sat\u0131\u015f tarifeleri ilgili mevzuat kapsam\u0131nda belirlenmekte olup, 1 Temmuz 2019 itibar\u0131yla ge\u00e7erli olacak tarifelere ili\u015fkin herhangi bir karar al\u0131nmad\u0131\u011f\u0131 gibi herhangi bir karara esas hesaplama da hen\u00fcz yap\u0131lmam\u0131\u015ft\u0131r.&#8221;<\/em><\/p>","protected":false},"excerpt":{"rendered":"<p>Sorry, this entry is only available in Turkish. For the sake of viewer convenience, the content is shown below in the alternative language. You may click the link to switch the active language. Enerji Piyasas\u0131 D\u00fczenleme Kurumu (EPDK) taraf\u0131ndan 1 Temmuz tarihinde elektri\u011fe % 34 zam yap\u0131laca\u011f\u0131na y\u00f6nelik haberlerin as\u0131ls\u0131z oldu\u011fu a\u00e7\u0131kland\u0131. Kurum taraf\u0131ndan yap\u0131lan [&hellip;]<\/p>\n","protected":false},"author":1,"featured_media":94129,"comment_status":"open","ping_status":"open","sticky":false,"template":"","format":"standard","meta":[],"categories":[51,53],"tags":[7282,34979,19638,26353,657,67,1009,1046,750,52086,52085],"views":505,"_links":{"self":[{"href":"https:\/\/www.enerjigazetesi.ist\/en\/wp-json\/wp\/v2\/posts\/94126"}],"collection":[{"href":"https:\/\/www.enerjigazetesi.ist\/en\/wp-json\/wp\/v2\/posts"}],"about":[{"href":"https:\/\/www.enerjigazetesi.ist\/en\/wp-json\/wp\/v2\/types\/post"}],"author":[{"embeddable":true,"href":"https:\/\/www.enerjigazetesi.ist\/en\/wp-json\/wp\/v2\/users\/1"}],"replies":[{"embeddable":true,"href":"https:\/\/www.enerjigazetesi.ist\/en\/wp-json\/wp\/v2\/comments?post=94126"}],"version-history":[{"count":0,"href":"https:\/\/www.enerjigazetesi.ist\/en\/wp-json\/wp\/v2\/posts\/94126\/revisions"}],"wp:featuredmedia":[{"embeddable":true,"href":"https:\/\/www.enerjigazetesi.ist\/en\/wp-json\/wp\/v2\/media\/94129"}],"wp:attachment":[{"href":"https:\/\/www.enerjigazetesi.ist\/en\/wp-json\/wp\/v2\/media?parent=94126"}],"wp:term":[{"taxonomy":"category","embeddable":true,"href":"https:\/\/www.enerjigazetesi.ist\/en\/wp-json\/wp\/v2\/categories?post=94126"},{"taxonomy":"post_tag","embeddable":true,"href":"https:\/\/www.enerjigazetesi.ist\/en\/wp-json\/wp\/v2\/tags?post=94126"}],"curies":[{"name":"wp","href":"https:\/\/api.w.org\/{rel}","templated":true}]}}