{"id":94099,"date":"2019-06-11T11:04:24","date_gmt":"2019-06-11T08:04:24","guid":{"rendered":"https:\/\/www.enerjigazetesi.ist\/?p=94099"},"modified":"2019-06-11T11:07:06","modified_gmt":"2019-06-11T08:07:06","slug":"sehrin-isiklari-sergisi-bursayi-aydinlatiyor","status":"publish","type":"post","link":"https:\/\/www.enerjigazetesi.ist\/en\/sehrin-isiklari-sergisi-bursayi-aydinlatiyor\/","title":{"rendered":"(Turkish) \u015eehrin I\u015f\u0131klar\u0131 Sergisi Bursa\u2019y\u0131 Ayd\u0131nlat\u0131yor"},"content":{"rendered":"<p class=\"qtranxs-available-languages-message qtranxs-available-languages-message-en\">Sorry, this entry is only available in <a href=\"https:\/\/www.enerjigazetesi.ist\/tr\/wp-json\/wp\/v2\/posts\/94099\" class=\"qtranxs-available-language-link qtranxs-available-language-link-tr\" title=\"Turkish\">Turkish<\/a>. For the sake of viewer convenience, the content is shown below in the alternative language. You may click the link to switch the active language.<\/p><p><\/p>\n<h1>UEDA\u015e\u2019\u0131n bu y\u0131l uluslararas\u0131 kat\u0131l\u0131ma a\u00e7\u0131lan \u201c\u015eehrin I\u015f\u0131klar\u0131 Foto\u011fraf Yar\u0131\u015fmas\u0131nda\u201d dereceye giren 50 foto\u011fraf, Bursa Tayyare K\u00fclt\u00fcr Merkezi\u2019nde g\u00f6r\u00fclebilecek. Sergi, 15 Haziran Cumartesi g\u00fcn\u00fcne kadar ziyarete a\u00e7\u0131k tutulacak.<\/h1>\n<h1><img loading=\"lazy\" class=\"alignright size-medium wp-image-94101\" src=\"https:\/\/www.enerjigazetesi.ist\/wp-content\/uploads\/2019\/06\/sehrin-isiklari-sergisi-bursayi-aydinlatiyor2-300x225.jpg\" alt=\"\" width=\"300\" height=\"225\" srcset=\"https:\/\/www.enerjigazetesi.ist\/wp-content\/uploads\/2019\/06\/sehrin-isiklari-sergisi-bursayi-aydinlatiyor2-300x225.jpg 300w, https:\/\/www.enerjigazetesi.ist\/wp-content\/uploads\/2019\/06\/sehrin-isiklari-sergisi-bursayi-aydinlatiyor2-500x375.jpg 500w, https:\/\/www.enerjigazetesi.ist\/wp-content\/uploads\/2019\/06\/sehrin-isiklari-sergisi-bursayi-aydinlatiyor2-67x50.jpg 67w, https:\/\/www.enerjigazetesi.ist\/wp-content\/uploads\/2019\/06\/sehrin-isiklari-sergisi-bursayi-aydinlatiyor2.jpg 651w\" sizes=\"(max-width: 300px) 100vw, 300px\" \/><\/h1>\n<p>Enerji sekt\u00f6r\u00fcn\u00fcn \u00f6nc\u00fc \u015firketlerinden Limak Enerji Grubu b\u00fcnyesinde faaliyet g\u00f6steren Uluda\u011f Elektrik Da\u011f\u0131t\u0131m Anonim \u015eirketi (UEDA\u015e) kesintisiz ve kaliteli elektrik da\u011f\u0131t\u0131m hizmetinin yan\u0131nda sosyal ve k\u00fclt\u00fcrel faaliyetlere verdi\u011fi destekle de vatanda\u015flar\u0131n hayatlar\u0131na dokunuyor. UEDA\u015e\u2019\u0131n 6 y\u0131ld\u0131r geleneksel olarak d\u00fczenledi\u011fi ve bu y\u0131l ilk kez uluslararas\u0131 kat\u0131l\u0131ma a\u00e7\u0131lan \u201c\u015eehrin I\u015f\u0131klar\u0131 Foto\u011fraf Yar\u0131\u015fmas\u0131nda\u201d dereceye giren 50 foto\u011fraf, Bursa\u2019n\u0131n Osmangazi \u0130l\u00e7esi\u2019ndeki Tayyare K\u00fclt\u00fcr Merkezi\u2019nde sanatseverlerin be\u011fenisine sunuldu. Sergi, 15 Haziran Cumartesi g\u00fcn\u00fcne kadar vatanda\u015flar\u0131n ziyaretine a\u00e7\u0131k tutulacak<strong>. <\/strong><\/p>\n<p><strong>\u00dc\u00c7\u00dcNC\u00dc KEZ SERG\u0130LEN\u0130YOR <\/strong><\/p>\n<p>Ge\u00e7ti\u011fimiz aylarda Ankara\u2019da Enerji Piyasas\u0131 D\u00fczenleme Kurumu (EPDK) Sergi Salonu\u2019nda ve Bursa\u2019n\u0131n Osmangazi \u0130l\u00e7esi\u2019ndeki Korupark AVM\u2019de sanatseverlerle bulu\u015fan s\u00f6z konusu foto\u011fraflar bu y\u0131l \u00fc\u00e7\u00fcnc\u00fc kez sergileniyor. Foto\u011fraflar\u0131n UEDA\u015e\u2019\u0131n hizmet b\u00f6lgesinin yan\u0131 s\u0131ra, T\u00fcrkiye\u2019nin \u00e7e\u015fitli illerinde sergilenmeye devam edece\u011fi belirtiliyor.<\/p>\n<p><strong>FOTO\u011eRAFLAR D\u00dcNYANIN D\u00d6RT B\u0130R YANINDAN <\/strong><\/p>\n<p>UEDA\u015e\u2019\u0131n, &#8216;Gece ve I\u015f\u0131k&#8217; temas\u0131yla d\u00fczenledi\u011fi \u201c\u015eehrin I\u015f\u0131klar\u0131 Foto\u011fraf Yar\u0131\u015fmas\u0131\u201d her y\u0131l amat\u00f6r veya profesyonel binlerce foto\u011fraf tutkununu bir araya getiriyor. Bu y\u0131l ilk kez uluslararas\u0131 kat\u0131l\u0131ma a\u00e7\u0131lan yar\u0131\u015fmaya, 15 A\u011fustos \u2013 30 Eyl\u00fcl tarihleri aras\u0131nda, Avustralya, Tayland, K\u0131br\u0131s, Amerika, \u0130ran, Slovenya, Hindistan, Suudi Arabistan, \u0130spanya, Azerbaycan, \u0130talya, Portekiz gibi \u00fclkelerden 5 bin 204 ba\u015fvuru geldi.<\/p>\n<p>Ge\u00e7en y\u0131l 3 bin 821 ba\u015fvuruya sahne olan yar\u0131\u015fman\u0131n ba\u015fvuru say\u0131s\u0131nda y\u00fczde 36\u2019l\u0131k bir art\u0131\u015f ger\u00e7ekle\u015ferek, yar\u0131\u015fma tarihinin ba\u015fvuru rekoru k\u0131r\u0131ld\u0131. En fazla 5 foto\u011frafla kat\u0131lan yar\u0131\u015fmac\u0131lar dereceye girebilmek i\u00e7in m\u00fccadele etti. Ayr\u0131ca sergilerden elde edilen t\u00fcm gelirler \u015firketin sosyal sorumluluk projelerine aktar\u0131l\u0131yor.<\/p>","protected":false},"excerpt":{"rendered":"<p>Sorry, this entry is only available in Turkish. For the sake of viewer convenience, the content is shown below in the alternative language. You may click the link to switch the active language. UEDA\u015e\u2019\u0131n bu y\u0131l uluslararas\u0131 kat\u0131l\u0131ma a\u00e7\u0131lan \u201c\u015eehrin I\u015f\u0131klar\u0131 Foto\u011fraf Yar\u0131\u015fmas\u0131nda\u201d dereceye giren 50 foto\u011fraf, Bursa Tayyare K\u00fclt\u00fcr Merkezi\u2019nde g\u00f6r\u00fclebilecek. Sergi, 15 Haziran [&hellip;]<\/p>\n","protected":false},"author":1,"featured_media":94102,"comment_status":"open","ping_status":"open","sticky":false,"template":"","format":"standard","meta":[],"categories":[51,53],"tags":[958,52078,45641,34979,19638,34980,26353,67,1009,40000,38629,52079,52077,2227,34128],"views":708,"_links":{"self":[{"href":"https:\/\/www.enerjigazetesi.ist\/en\/wp-json\/wp\/v2\/posts\/94099"}],"collection":[{"href":"https:\/\/www.enerjigazetesi.ist\/en\/wp-json\/wp\/v2\/posts"}],"about":[{"href":"https:\/\/www.enerjigazetesi.ist\/en\/wp-json\/wp\/v2\/types\/post"}],"author":[{"embeddable":true,"href":"https:\/\/www.enerjigazetesi.ist\/en\/wp-json\/wp\/v2\/users\/1"}],"replies":[{"embeddable":true,"href":"https:\/\/www.enerjigazetesi.ist\/en\/wp-json\/wp\/v2\/comments?post=94099"}],"version-history":[{"count":0,"href":"https:\/\/www.enerjigazetesi.ist\/en\/wp-json\/wp\/v2\/posts\/94099\/revisions"}],"wp:featuredmedia":[{"embeddable":true,"href":"https:\/\/www.enerjigazetesi.ist\/en\/wp-json\/wp\/v2\/media\/94102"}],"wp:attachment":[{"href":"https:\/\/www.enerjigazetesi.ist\/en\/wp-json\/wp\/v2\/media?parent=94099"}],"wp:term":[{"taxonomy":"category","embeddable":true,"href":"https:\/\/www.enerjigazetesi.ist\/en\/wp-json\/wp\/v2\/categories?post=94099"},{"taxonomy":"post_tag","embeddable":true,"href":"https:\/\/www.enerjigazetesi.ist\/en\/wp-json\/wp\/v2\/tags?post=94099"}],"curies":[{"name":"wp","href":"https:\/\/api.w.org\/{rel}","templated":true}]}}