{"id":93790,"date":"2019-06-03T15:12:48","date_gmt":"2019-06-03T12:12:48","guid":{"rendered":"https:\/\/www.enerjigazetesi.ist\/?p=93790"},"modified":"2019-06-03T15:18:17","modified_gmt":"2019-06-03T12:18:17","slug":"kastamonu-entegre-urunleri-ile-yilda-31-milyon-ton-karbon-depoluyor","status":"publish","type":"post","link":"https:\/\/www.enerjigazetesi.ist\/en\/kastamonu-entegre-urunleri-ile-yilda-31-milyon-ton-karbon-depoluyor\/","title":{"rendered":"(Turkish) &#8217;Kastamonu Entegre&#8217; \u00dcr\u00fcnleriyle Y\u0131lda 3,1 Milyon Ton Karbon Depoluyor"},"content":{"rendered":"<p class=\"qtranxs-available-languages-message qtranxs-available-languages-message-en\">Sorry, this entry is only available in <a href=\"https:\/\/www.enerjigazetesi.ist\/tr\/wp-json\/wp\/v2\/posts\/93790\" class=\"qtranxs-available-language-link qtranxs-available-language-link-tr\" title=\"Turkish\">Turkish<\/a>. For the sake of viewer convenience, the content is shown below in the alternative language. You may click the link to switch the active language.<\/p><p><\/p>\n<h1>A\u011fa\u00e7 bazl\u0131 panel sekt\u00f6r\u00fcn\u00fcn yar\u0131m as\u0131rl\u0131k g\u00fcvenilir markas\u0131 Kastamonu Entegre, gelecek nesillere daha ya\u015fan\u0131l\u0131r bir d\u00fcnya b\u0131rakmak i\u00e7in \u00e7al\u0131\u015fmalar\u0131n\u0131 s\u00fcrd\u00fcr\u00fcyor. S\u00fcrd\u00fcr\u00fclebilir \u00e7evre yakla\u015f\u0131mlar\u0131n\u0131, kurumsal y\u00f6netim ilkelerinin ayr\u0131lmaz bile\u015feni olarak g\u00f6ren \u015firket, do\u011fan\u0131n ve ekolojik sistemin korunmas\u0131 konusunda y\u00fcr\u00fctmekte oldu\u011fu projelerle \u00f6ne \u00e7\u0131k\u0131yor. 5 Haziran D\u00fcnya \u00c7evre G\u00fcn\u00fc dolay\u0131s\u0131yla a\u00e7\u0131klama yapan Kastamonu Entegre CEO\u2019su Haluk Y\u0131ld\u0131z, \u00fcr\u00fcnleri ile y\u0131lda 3.1 milyon ton karbon depolayarak, karbon sal\u0131n\u0131m\u0131na engel olduklar\u0131n\u0131 vurguluyor.<\/h1>\n<p>Kurulu\u015funun 50&#8217;inci y\u0131l\u0131n\u0131 kutlayan Kastamonu Entegre, \u00e7evre, su ve enerji kaynaklar\u0131n\u0131n s\u00fcrd\u00fcr\u00fclebilirli\u011fine y\u00f6nelik kal\u0131c\u0131 projeleri ile \u00f6rnek te\u015fkil ediyor. \u015eirket, alt\u0131 \u00fclkeye yay\u0131lan tesislerin <img loading=\"lazy\" class=\"alignright size-medium wp-image-93793\" src=\"https:\/\/www.enerjigazetesi.ist\/wp-content\/uploads\/2019\/06\/kastamonu-entegre-urunleri-ile-yilda-31-milyon-ton-karbon-depoluyor1-300x200.jpg\" alt=\"\" width=\"300\" height=\"200\" srcset=\"https:\/\/www.enerjigazetesi.ist\/wp-content\/uploads\/2019\/06\/kastamonu-entegre-urunleri-ile-yilda-31-milyon-ton-karbon-depoluyor1-300x200.jpg 300w, https:\/\/www.enerjigazetesi.ist\/wp-content\/uploads\/2019\/06\/kastamonu-entegre-urunleri-ile-yilda-31-milyon-ton-karbon-depoluyor1-500x333.jpg 500w, https:\/\/www.enerjigazetesi.ist\/wp-content\/uploads\/2019\/06\/kastamonu-entegre-urunleri-ile-yilda-31-milyon-ton-karbon-depoluyor1-75x50.jpg 75w, https:\/\/www.enerjigazetesi.ist\/wp-content\/uploads\/2019\/06\/kastamonu-entegre-urunleri-ile-yilda-31-milyon-ton-karbon-depoluyor1-450x300.jpg 450w, https:\/\/www.enerjigazetesi.ist\/wp-content\/uploads\/2019\/06\/kastamonu-entegre-urunleri-ile-yilda-31-milyon-ton-karbon-depoluyor1.jpg 732w\" sizes=\"(max-width: 300px) 100vw, 300px\" \/>tamam\u0131nda, \u00fcretim ve sonras\u0131 t\u00fcm s\u00fcre\u00e7lerde s\u00fcrd\u00fcr\u00fclebilir \u00e7evre duyarl\u0131l\u0131\u011f\u0131n\u0131 g\u00f6zeten bir bilin\u00e7le hareket ederken, AR-GE \u00e7al\u0131\u015fmalar\u0131 sonucunda hayata ge\u00e7irdi\u011fi kal\u0131c\u0131 projelerle sekt\u00f6r\u00fcnde pek \u00e7ok ilke imza at\u0131yor. <strong>Kastamonu Entegre CEO\u2019su Haluk Y\u0131ld\u0131z,<\/strong> \u00f6zellikle de enerji y\u00f6netimi ve geri d\u00f6n\u00fc\u015f\u00fcm konular\u0131na odakland\u0131klar\u0131n\u0131 vurguluyor. <strong>Y\u0131ld\u0131z,<\/strong> hedeflerini \u015fu s\u00f6zlerle a\u00e7\u0131kl\u0131yor: <em>&#8220;Bug\u00fcn\u00fcn insan\u0131na ve gelecek ku\u015faklara kar\u015f\u0131 sorumluluklar\u0131m\u0131z\u0131 yerine getirmek i\u00e7in 50 y\u0131ld\u0131r var g\u00fcc\u00fcm\u00fczle \u00e7al\u0131\u015f\u0131yoruz. Hedefimiz, \u00fcretim s\u00fcre\u00e7lerinde kullan\u0131lan hammadde ve enerji gibi kaynaklar\u0131 minimize etmek, bu s\u00fcre\u00e7lerde ortaya \u00e7\u0131kan sal\u0131n\u0131mlar\u0131 ve \u00e7evresel etkileri s\u0131f\u0131ra yakla\u015ft\u0131rmak, t\u00fcm \u00fcretim tesislerinde gaz sal\u0131n\u0131m\u0131ndan, enerji, kat\u0131 ve s\u0131v\u0131 at\u0131k y\u00f6netimine kadar \u00e7evre ve do\u011faya uygun, bu konularda kabul edilmi\u015f standartlar d\u00e2hilinde \u00fcretim ger\u00e7ekle\u015ftirmek.\u201d<\/em><\/p>\n<h2>\u201cS\u00fcrd\u00fcr\u00fclebilirlik alan\u0131nda a\u011f\u0131rl\u0131k verdi\u011fimiz konular\u0131n ba\u015f\u0131nda enerji y\u00f6netimi geliyor\u201d<\/h2>\n<p>Enerji verimlili\u011fine y\u00f6nelik \u00e7al\u0131\u015fmalar\u0131na son y\u0131llarda h\u0131z kazand\u0131ran Kastamonu Entegre, <strong>T\u00dcB\u0130TAK-TEYDEB<\/strong> destekli <strong><em>\u201cAt\u0131k Biyok\u00fctlelerin Gazla\u015ft\u0131r\u0131lmas\u0131 ve Yenilenebilir Temiz Enerji \u00dcretimi\u201d<\/em><\/strong> AR-GE projesi ile enerji verimlili\u011fi alan\u0131nda sekt\u00f6rde \u00f6nc\u00fc olarak konumlan\u0131yor. Biyok\u00fctle at\u0131klar\u0131n\u0131n de\u011ferlendirilmesi ve bunlar\u0131n temiz bir \u015fekilde bertaraf\u0131na y\u00f6nelik \u00e7al\u0131\u015fmalar\u0131 kapsayan projede at\u0131klar\u0131n yak\u0131lmas\u0131na alternatif olarak, ileri teknolojiler kullan\u0131larak gazla\u015ft\u0131r\u0131lmas\u0131 sa\u011flan\u0131yor. Proje hakk\u0131nda a\u00e7\u0131klamalarda bulunan <strong>Kastamonu Entegre CEO\u2019su Haluk Y\u0131ld\u0131z, <\/strong>proje ile y\u0131lda 15.000 ton karbondioksit sal\u0131n\u0131m\u0131n\u0131n \u00f6n\u00fcne ge\u00e7me potansiyeli yakalad\u0131klar\u0131n\u0131 vurguluyor. Proje, enerji sekt\u00f6r\u00fcn\u00fcn T\u00fcrkiye\u2019deki en \u00f6nemli etkinliklerinden biri say\u0131lan <strong>\u2018ICCI Enerji \u00d6d\u00fclleri\u2019<\/strong> kapsam\u0131nda verilen <strong>\u2018Biyok\u00fctle ve At\u0131k\u2019<\/strong> kategori \u00f6d\u00fcl\u00fcne lay\u0131k g\u00f6r\u00fcld\u00fc.<\/p>\n<p>2016 y\u0131l\u0131nda ilk kez Adana Organize Sanayi B\u00f6lgesi\u2019ndeki MDF tesisi \u00e7at\u0131s\u0131nda kurulan Hayat-GES 1 G\u00fcne\u015f Enerjisi Santrali ile y\u0131lda ortalama 1450 MWh elektrik enerjisi \u00fcrettiklerini hat\u0131rlatan <strong>Y\u0131ld\u0131z,<\/strong> enerji verimlili\u011fi sa\u011flamak ad\u0131na tesislerdeki mevcut motorin yak\u0131tl\u0131 forkliftlerin elektrikli forklifte d\u00f6n\u00fc\u015f\u00fcm\u00fc konusunda \u00e7al\u0131\u015fmalar y\u00fcr\u00fctt\u00fcklerini s\u00f6zlerine ekledi. Kastamonu Entegre ayr\u0131ca, enerji verimlili\u011fi alan\u0131nda T\u00fcrkiye&#8217;nin en b\u00fcy\u00fck ve en \u00f6nemli etkinliklerinden biri olan <strong>10. Enerji Verimlili\u011fi Forumu ve Fuar\u0131\u2019ndan iki ba\u015far\u0131 \u00f6d\u00fcl\u00fc<\/strong><em> ald\u0131. Etkinlikte, <\/em>VAP deste\u011fi alan ve projelerini ba\u015far\u0131yla tamamlayan <strong>Gebze ve Bal\u0131kesir Tesisleri<\/strong>\u2019ne ba\u015far\u0131 belgesi takdim edildi.<\/p>\n<h2>&#8220;\u0130talya\u2019daki tesislerimizde <strong>%100 geri d\u00f6n\u00fc\u015f\u00fcml\u00fc hammadde kullan\u0131yoruz&#8221;<\/strong><\/h2>\n<p>\u00dcretimde kulland\u0131\u011f\u0131 odun hammaddesini, %100 s\u00fcrd\u00fcr\u00fclebilir ve yenilenebilir kaynaklardan elde eden Kastamonu Entegre, ormanlarda yap\u0131lan gen\u00e7le\u015ftirme ve bak\u0131m faaliyetleri sonucu \u00f6mr\u00fcn\u00fc tamamlam\u0131\u015f ormanlardan hammadde temin ediyor. Ayn\u0131 zamanda ikinci b\u00fcy\u00fck orta\u011f\u0131 oldu\u011fu <strong>ENAT A.\u015e<\/strong>, ile end\u00fcstriyel plantasyon ormanc\u0131l\u0131\u011f\u0131 konusunda \u00f6rnek olmak ve bunun geli\u015fimini sa\u011flamak hedefiyle \u00e7al\u0131\u015fan \u015firket, bug\u00fcne kadar yakla\u015f\u0131k <strong>2000 futbol sahas\u0131<\/strong> b\u00fcy\u00fckl\u00fc\u011f\u00fcndeki 14.000 d\u00f6n\u00fcm araziye, 1,7 milyon fidan dikilmesinde \u00f6nemli rol oynad\u0131.<strong>\u201cEn B\u00fcy\u00fck T\u00fcrk Yat\u0131r\u0131mc\u0131s\u0131<\/strong>\u201d olduklar\u0131 \u0130talya\u2019daki tesislerde %100 geri d\u00f6n\u00fc\u015f\u00fcml\u00fc hammadde kulland\u0131klar\u0131n\u0131 belirten\u00a0<strong>Y\u0131ld\u0131z,<\/strong> son olarak, \u0130talya olmak \u00fczere Avrupa mobilya sekt\u00f6r\u00fcne y\u00f6nelik ham ve melamin kapl\u0131 yonga levha \u00fcretimi yapacaklar\u0131n\u0131 s\u00f6zlerine ekledi.<\/p>","protected":false},"excerpt":{"rendered":"<p>Sorry, this entry is only available in Turkish. For the sake of viewer convenience, the content is shown below in the alternative language. You may click the link to switch the active language. A\u011fa\u00e7 bazl\u0131 panel sekt\u00f6r\u00fcn\u00fcn yar\u0131m as\u0131rl\u0131k g\u00fcvenilir markas\u0131 Kastamonu Entegre, gelecek nesillere daha ya\u015fan\u0131l\u0131r bir d\u00fcnya b\u0131rakmak i\u00e7in \u00e7al\u0131\u015fmalar\u0131n\u0131 s\u00fcrd\u00fcr\u00fcyor. S\u00fcrd\u00fcr\u00fclebilir \u00e7evre [&hellip;]<\/p>\n","protected":false},"author":1,"featured_media":93793,"comment_status":"open","ping_status":"open","sticky":false,"template":"","format":"standard","meta":[],"categories":[22893,51,53],"tags":[49280,51765,11683,49577,44893,40760,35122,41926,18396,2530,15555,34979,19,51763,67,1009,26559,154,51762,51766,51767,51768,51764,44889,44895,33861,7853,41936,51770,10931,37619,51761,37032,44892,793,51769],"views":572,"_links":{"self":[{"href":"https:\/\/www.enerjigazetesi.ist\/en\/wp-json\/wp\/v2\/posts\/93790"}],"collection":[{"href":"https:\/\/www.enerjigazetesi.ist\/en\/wp-json\/wp\/v2\/posts"}],"about":[{"href":"https:\/\/www.enerjigazetesi.ist\/en\/wp-json\/wp\/v2\/types\/post"}],"author":[{"embeddable":true,"href":"https:\/\/www.enerjigazetesi.ist\/en\/wp-json\/wp\/v2\/users\/1"}],"replies":[{"embeddable":true,"href":"https:\/\/www.enerjigazetesi.ist\/en\/wp-json\/wp\/v2\/comments?post=93790"}],"version-history":[{"count":0,"href":"https:\/\/www.enerjigazetesi.ist\/en\/wp-json\/wp\/v2\/posts\/93790\/revisions"}],"wp:featuredmedia":[{"embeddable":true,"href":"https:\/\/www.enerjigazetesi.ist\/en\/wp-json\/wp\/v2\/media\/93793"}],"wp:attachment":[{"href":"https:\/\/www.enerjigazetesi.ist\/en\/wp-json\/wp\/v2\/media?parent=93790"}],"wp:term":[{"taxonomy":"category","embeddable":true,"href":"https:\/\/www.enerjigazetesi.ist\/en\/wp-json\/wp\/v2\/categories?post=93790"},{"taxonomy":"post_tag","embeddable":true,"href":"https:\/\/www.enerjigazetesi.ist\/en\/wp-json\/wp\/v2\/tags?post=93790"}],"curies":[{"name":"wp","href":"https:\/\/api.w.org\/{rel}","templated":true}]}}