{"id":93773,"date":"2019-06-03T12:47:23","date_gmt":"2019-06-03T09:47:23","guid":{"rendered":"https:\/\/www.enerjigazetesi.ist\/?p=93773"},"modified":"2019-06-03T12:56:51","modified_gmt":"2019-06-03T09:56:51","slug":"subaru-karbondioksit-saliminini-miktarini-yilda-yaklasik-20-000-ton-azaltacak","status":"publish","type":"post","link":"https:\/\/www.enerjigazetesi.ist\/en\/subaru-karbondioksit-saliminini-miktarini-yilda-yaklasik-20-000-ton-azaltacak\/","title":{"rendered":"(Turkish) Subaru Karbondioksit Sal\u0131m\u0131n\u0131n\u0131 Y\u0131lda Yakla\u015f\u0131k 20.000 Ton Azaltacak"},"content":{"rendered":"<p class=\"qtranxs-available-languages-message qtranxs-available-languages-message-en\">Sorry, this entry is only available in <a href=\"https:\/\/www.enerjigazetesi.ist\/tr\/wp-json\/wp\/v2\/posts\/93773\" class=\"qtranxs-available-language-link qtranxs-available-language-link-tr\" title=\"Turkish\">Turkish<\/a>. For the sake of viewer convenience, the content is shown below in the alternative language. You may click the link to switch the active language.<\/p><p><\/p>\n<h1>Subaru Corporation, Subaru Grubu\u2019nun karbondioksit sal\u0131m\u0131nlar\u0131n\u0131 azaltmak i\u00e7in yeni at\u0131l\u0131mlar\u0131n\u0131 a\u00e7\u0131klad\u0131. Halihaz\u0131rda uygulanmakta olan tedbirlere eklenecek g\u00fcne\u015f enerjisi santrali ve hidroelektrik tesisi kurulmas\u0131 gibi yeni at\u0131l\u0131mlar sayesinde Subaru Grubu\u2019nun do\u011frudan karbondioksit sal\u0131m\u0131n\u0131 %3&#8217;\u00fc oran\u0131nda ve y\u0131ll\u0131k yakla\u015f\u0131k 20.000 ton azalacak. Bunun 2020 mali y\u0131l\u0131na kadar (Mart 2021) tamamlanmas\u0131 hedefleniyor. Subaru Corporation, karbondioksit sal\u0131m\u0131n\u0131n\u0131 2030 y\u0131l\u0131nda %30 oran\u0131nda azaltmay\u0131 planl\u0131yor.<\/h1>\n<p>Karbondioksit sal\u0131n\u0131mlar\u0131n\u0131 d\u00fc\u015f\u00fcrmek isteyen Subaru Corporation bunun i\u00e7in \u00fc\u00e7 farkl\u0131 \u00e7al\u0131\u015fma ger\u00e7ekle\u015ftirecek. Subaru modelleri i\u00e7in Boxer motor ve \u015fanz\u0131man \u00fcretti\u011fi Gunma Oizumi \u00dcretim Tesisi\u2019nde Japonya\u2019n\u0131n en b\u00fcy\u00fck g\u00fcne\u015f enerjisi santralini kuracak. Gunma&#8217;daki \u00dcretim Tesisi\u2019nde ve Tokyo Mitaka&#8217;daki Tokyo Ofisi\u2019nde \u201cAqua Premium\u201d hidroelektrik tesisi tan\u0131t\u0131lacak. \u015eirketin Ebisu, Tokyo&#8217;daki Merkez Ofisi\u2019nde ve Tokyo&#8217;daki Hachioji&#8217;deki Subaru E\u011fitim Merkezi\u2019nde ise Green Power <img loading=\"lazy\" class=\"alignleft size-medium wp-image-93775\" src=\"https:\/\/www.enerjigazetesi.ist\/wp-content\/uploads\/2019\/06\/subaru-karbondioksit-salinim-miktarini-yilda-yaklasik-20-000-ton-azaltacak-300x131.jpg\" alt=\"\" width=\"300\" height=\"131\" srcset=\"https:\/\/www.enerjigazetesi.ist\/wp-content\/uploads\/2019\/06\/subaru-karbondioksit-salinim-miktarini-yilda-yaklasik-20-000-ton-azaltacak-300x131.jpg 300w, https:\/\/www.enerjigazetesi.ist\/wp-content\/uploads\/2019\/06\/subaru-karbondioksit-salinim-miktarini-yilda-yaklasik-20-000-ton-azaltacak-768x336.jpg 768w, https:\/\/www.enerjigazetesi.ist\/wp-content\/uploads\/2019\/06\/subaru-karbondioksit-salinim-miktarini-yilda-yaklasik-20-000-ton-azaltacak-1024x448.jpg 1024w, https:\/\/www.enerjigazetesi.ist\/wp-content\/uploads\/2019\/06\/subaru-karbondioksit-salinim-miktarini-yilda-yaklasik-20-000-ton-azaltacak-500x219.jpg 500w, https:\/\/www.enerjigazetesi.ist\/wp-content\/uploads\/2019\/06\/subaru-karbondioksit-salinim-miktarini-yilda-yaklasik-20-000-ton-azaltacak-80x35.jpg 80w, https:\/\/www.enerjigazetesi.ist\/wp-content\/uploads\/2019\/06\/subaru-karbondioksit-salinim-miktarini-yilda-yaklasik-20-000-ton-azaltacak.jpg 1116w\" sizes=\"(max-width: 300px) 100vw, 300px\" \/>belgelendirme \/ Green Heat belgelendirme program\u0131 kullan\u0131lacak.<\/p>\n<p>Subaru\u2019nun Gunma Oizumi \u00dcretim Tesisi\u2019ne monte edilecek g\u00fcne\u015f enerjisi santralinin Mart 2020\u2019de tamamlan\u0131p elektrik \u00fcretmesi hedefleniyor. Japonya\u2019n\u0131n en b\u00fcy\u00fck g\u00fcne\u015f enerjisi santrali olacak olan bu santral y\u0131lda 1.145 MWh enerji \u00fcretebilecek. Bu santral sayesinde Subaru\u2019nun Gunma Oizumi \u00dcretim Tesisi y\u0131lda 2.600 ton daha az karbondioksit sal\u0131n\u0131m\u0131 ger\u00e7ekle\u015ftirecek.<\/p>\n<p>Oizumi&#8217;deki Subaru Aksesuar Merkezi ile Kanto PDI merkezi&#8217;nde sabit t\u00fcketimli g\u00fcne\u015f enerjisi sisteminin monte edilmesi ve bu elektri\u011fin tesislerde kullan\u0131lmas\u0131 tesislerin karbondioksit sal\u0131n\u0131m\u0131n\u0131n yakla\u015f\u0131k % 40&#8217;\u0131na e\u015fde\u011fer 330 ton karbondioksit sal\u0131n\u0131m\u0131n\u0131 azaltmas\u0131 bekleniyor.<\/p>\n<p>Subaru, Gunma&#8217;daki Ana \u00dcretim Tesisi\u2019nin ve Mitaka&#8217;daki Tokyo Ofisi\u2019nin enerji ihtiya\u00e7lar\u0131n\u0131n bir k\u0131sm\u0131n\u0131 kar\u015f\u0131lamak i\u00e7in TEPCO Energy Partner Inc., \u015firketinin sundu\u011fu &#8220;Aqua Premium&#8221; program\u0131na ge\u00e7ilecek. Bu program, hidroelektrik enerji \u00fcretimi yoluyla elektrik enerjisi sa\u011flaman\u0131n yan\u0131nda 0 karbondioksit sal\u0131n\u0131m\u0131na sahip. Bu hamlenin Subaru&#8217;nun karbondioksit sal\u0131n\u0131m\u0131n\u0131 yakla\u015f\u0131k 10.000 ton (y\u0131lda 21 GWh elektrik enerjisi \u00fcretimi) kadar azaltmas\u0131 tahmin ediliyor.<\/p>\n<p>Subaru ayr\u0131ca s\u0131f\u0131r karbondioksit sal\u0131n\u0131ml\u0131 ofisler hedefiyle Ebisu&#8217;daki merkez ofisinin ve Hachioji&#8217;deki Subaru E\u011fitim Merkezi&#8217;nin t\u00fcketti\u011fi <strong>elektrik ve \u0131s\u0131nma<\/strong> i\u00e7in <strong>Ye\u015fil Enerji belgelendirmesi \/ Ye\u015fil Is\u0131 belgelendirmesi<\/strong> program\u0131ndan faydalanacak.<\/p>\n<p>2017 y\u0131l\u0131nda revize edilen Subaru \u00c7evre Politikalar\u0131 kapsam\u0131nda Subaru Corporation, t\u00fcm operasyonlar\u0131nda karbondioksit emisyonlar\u0131n\u0131 azaltmay\u0131 hedefliyor. Bu kapsamda Subaru Corporation, 2016 y\u0131l\u0131ndaki karbondioksit sal\u0131n\u0131m\u0131n\u0131 2030 y\u0131l\u0131nda %30 oran\u0131nda azaltmay\u0131 planl\u0131yor.<\/p>","protected":false},"excerpt":{"rendered":"<p>Sorry, this entry is only available in Turkish. For the sake of viewer convenience, the content is shown below in the alternative language. You may click the link to switch the active language. Subaru Corporation, Subaru Grubu\u2019nun karbondioksit sal\u0131m\u0131nlar\u0131n\u0131 azaltmak i\u00e7in yeni at\u0131l\u0131mlar\u0131n\u0131 a\u00e7\u0131klad\u0131. Halihaz\u0131rda uygulanmakta olan tedbirlere eklenecek g\u00fcne\u015f enerjisi santrali ve hidroelektrik tesisi [&hellip;]<\/p>\n","protected":false},"author":1,"featured_media":93775,"comment_status":"open","ping_status":"open","sticky":false,"template":"","format":"standard","meta":[],"categories":[51,53,52,49,47],"tags":[34979,34980,26353,130,19,34923,23311,35038,51737,23416,2569,23131,51742,26043,51736,23426,26044,51743,1547,6843,42446,896,43734,18031,51740,51738,42445,51741,51735,51739,51744],"views":590,"_links":{"self":[{"href":"https:\/\/www.enerjigazetesi.ist\/en\/wp-json\/wp\/v2\/posts\/93773"}],"collection":[{"href":"https:\/\/www.enerjigazetesi.ist\/en\/wp-json\/wp\/v2\/posts"}],"about":[{"href":"https:\/\/www.enerjigazetesi.ist\/en\/wp-json\/wp\/v2\/types\/post"}],"author":[{"embeddable":true,"href":"https:\/\/www.enerjigazetesi.ist\/en\/wp-json\/wp\/v2\/users\/1"}],"replies":[{"embeddable":true,"href":"https:\/\/www.enerjigazetesi.ist\/en\/wp-json\/wp\/v2\/comments?post=93773"}],"version-history":[{"count":0,"href":"https:\/\/www.enerjigazetesi.ist\/en\/wp-json\/wp\/v2\/posts\/93773\/revisions"}],"wp:featuredmedia":[{"embeddable":true,"href":"https:\/\/www.enerjigazetesi.ist\/en\/wp-json\/wp\/v2\/media\/93775"}],"wp:attachment":[{"href":"https:\/\/www.enerjigazetesi.ist\/en\/wp-json\/wp\/v2\/media?parent=93773"}],"wp:term":[{"taxonomy":"category","embeddable":true,"href":"https:\/\/www.enerjigazetesi.ist\/en\/wp-json\/wp\/v2\/categories?post=93773"},{"taxonomy":"post_tag","embeddable":true,"href":"https:\/\/www.enerjigazetesi.ist\/en\/wp-json\/wp\/v2\/tags?post=93773"}],"curies":[{"name":"wp","href":"https:\/\/api.w.org\/{rel}","templated":true}]}}