{"id":93663,"date":"2019-06-01T08:25:13","date_gmt":"2019-06-01T05:25:13","guid":{"rendered":"https:\/\/www.enerjigazetesi.ist\/?p=93663"},"modified":"2019-06-01T08:26:40","modified_gmt":"2019-06-01T05:26:40","slug":"elektrik-piyasasi-istatistiksel-analizi-31-05-2019","status":"publish","type":"post","link":"https:\/\/www.enerjigazetesi.ist\/en\/elektrik-piyasasi-istatistiksel-analizi-31-05-2019\/","title":{"rendered":"(Turkish) Elektrik Piyasas\u0131 \u0130statistiksel Analizi \u2013 ( 31.05.2019 )"},"content":{"rendered":"<p class=\"qtranxs-available-languages-message qtranxs-available-languages-message-en\">Sorry, this entry is only available in <a href=\"https:\/\/www.enerjigazetesi.ist\/tr\/wp-json\/wp\/v2\/posts\/93663\" class=\"qtranxs-available-language-link qtranxs-available-language-link-tr\" title=\"Turkish\">Turkish<\/a>. For the sake of viewer convenience, the content is shown below in the alternative language. You may click the link to switch the active language.<\/p><p><\/p>\n<h2><strong>\u00d6ne \u00e7\u0131kan piyasaya dair g\u00fcncel <span style=\"text-decoration: underline;\">haberler \u015fu \u015fekildedir;<\/span><\/strong><\/h2>\n<h2><strong>&#8211; Petrol fiyatlar\u0131, Ba\u015fkan Trump&#8217;\u0131n Meksika \u00fcr\u00fcnlerine ek tarife uygulanaca\u011f\u0131n\u0131 a\u00e7\u0131klamas\u0131n\u0131n ard\u0131ndan d\u00fc\u015f\u00fc\u015f\u00fcn\u00fc s\u00fcrd\u00fcrd\u00fc. <\/strong><\/h2>\n<h2><strong>&#8211; Enerji ve Tabii Kaynaklar Bakan\u0131 Fatih D\u00f6nmez, g\u00fcnl\u00fck petrol \u00fcretiminde 45 bin 800 varil ile son 17 y\u0131l\u0131n rekorunun k\u0131r\u0131ld\u0131\u011f\u0131n\u0131 a\u00e7\u0131klad\u0131. <\/strong><\/h2>\n<h2><strong>&#8211; Trakya\u2019n\u0131n hidrolik \u00e7atlatma y\u00f6ntemiyle do\u011falgaz aramas\u0131 yapacak olan ilk sondaj kuyusu \u00c7e\u015fmekolu-2 \u00e7al\u0131\u015fmalar\u0131na ba\u015flad\u0131. <\/strong><\/h2>\n<h2><strong>&#8211; Akaryak\u0131t t\u00fcrlerinden motorinin fiyat\u0131nda 17 kuru\u015f\/lt indirim yap\u0131ld\u0131, GENSED Ba\u015fkan Yard\u0131mc\u0131s\u0131 Tolga \u00d6zdemir, g\u00fcne\u015fte standartlara ve g\u00fcvenlik kurallar\u0131na uygun \u00e7at\u0131 kurulumlar\u0131 i\u00e7in e\u011fitim verip sertifika vereceklerini s\u00f6yledi. <\/strong><\/h2>\n<h2><strong>&#8211; Bakan Fatih D\u00f6nmez g\u00fcne\u015f YEKA\u2019lar\u0131nda farkl\u0131 bir model \u00fczerinde \u00e7al\u0131\u015f\u0131ld\u0131\u011f\u0131n\u0131 s\u00f6yledi.<\/strong><\/h2>\n<p>G\u00fcn \u00f6ncesi elektrik piyasas\u0131nda yar\u0131n i\u00e7in olu\u015fan megavat saat (MWh) ba\u015f\u0131na piyasa takas fiyat\u0131 ortalamas\u0131 <strong>223<\/strong>.<strong>96<\/strong> TL olarak belirlendi. Fiyatlardaki da\u011f\u0131l\u0131ma bak\u0131ld\u0131\u011f\u0131nda, g\u00fcn\u00fcn maksimum fiyat\u0131 <strong>304<\/strong>.<strong>56<\/strong> TL\/MWh olarak <strong>21<\/strong>:<strong>00<\/strong> &#8211; <strong>22<\/strong>:<strong>00<\/strong> saat aral\u0131\u011f\u0131nda, minimum fiyat\u0131 <strong>113<\/strong>.<strong>65<\/strong> TL\/MWh olarak <strong>06<\/strong>:<strong>00<\/strong> <img loading=\"lazy\" class=\"alignright size-medium wp-image-93669\" src=\"https:\/\/www.enerjigazetesi.ist\/wp-content\/uploads\/2019\/06\/elektrik-piyasasi-istatistiksel-analizi-31-05-2019-300x129.jpg\" alt=\"\" width=\"300\" height=\"129\" srcset=\"https:\/\/www.enerjigazetesi.ist\/wp-content\/uploads\/2019\/06\/elektrik-piyasasi-istatistiksel-analizi-31-05-2019-300x129.jpg 300w, https:\/\/www.enerjigazetesi.ist\/wp-content\/uploads\/2019\/06\/elektrik-piyasasi-istatistiksel-analizi-31-05-2019-768x329.jpg 768w, https:\/\/www.enerjigazetesi.ist\/wp-content\/uploads\/2019\/06\/elektrik-piyasasi-istatistiksel-analizi-31-05-2019-1024x439.jpg 1024w, https:\/\/www.enerjigazetesi.ist\/wp-content\/uploads\/2019\/06\/elektrik-piyasasi-istatistiksel-analizi-31-05-2019-500x214.jpg 500w, https:\/\/www.enerjigazetesi.ist\/wp-content\/uploads\/2019\/06\/elektrik-piyasasi-istatistiksel-analizi-31-05-2019-80x34.jpg 80w, https:\/\/www.enerjigazetesi.ist\/wp-content\/uploads\/2019\/06\/elektrik-piyasasi-istatistiksel-analizi-31-05-2019.jpg 1139w\" sizes=\"(max-width: 300px) 100vw, 300px\" \/>&#8211; <strong>07<\/strong>:<strong>00<\/strong> saat aral\u0131\u011f\u0131nda ger\u00e7ekle\u015fti. Puant saatlerde (<strong>17<\/strong>:<strong>00<\/strong> &#8211; <strong>22<\/strong>:<strong>00<\/strong>) ortalama piyasa takas fiyat\u0131 ise <strong>265<\/strong>.<strong>15<\/strong> TL\/MWh olarak hesaplanabilmektedir.<\/p>\n<p>Bir \u00f6nceki g\u00fcn ile k\u0131yasland\u0131\u011f\u0131nda ortalama piyasa takas fiyat\u0131nda &#8211;<strong>50<\/strong>.<strong>98<\/strong> TL d\u00fc\u015f\u00fc\u015f g\u00f6zlemlenmektedir. Kesinle\u015fmi\u015f G\u00fcnl\u00fck \u00dcretim Plan\u0131 (KG\u00dcP) verilerine bak\u0131ld\u0131\u011f\u0131nda termik enerji dahilinde do\u011fal gaz % <strong>7<\/strong>, linyit % <strong>14<\/strong>, ithal k\u00f6m\u00fcr % <strong>14<\/strong> oran\u0131nda \u00fcretimin ger\u00e7ekle\u015fmesi beklenirken, yenilenebilir enerji dahilinde ise hidro % <strong>57<\/strong>, r\u00fczgar % <strong>3<\/strong>, jeotermal % <strong>3<\/strong> oran\u0131nda \u00fcretimin ger\u00e7ekle\u015fmesi beklenmektedir. Bununla birlikte fiyatlardaki d\u00fc\u015f\u00fc\u015f, <strong>hafta sonu t\u00fcketim talebindeki d\u00fc\u015f\u00fc\u015f ve \u00fcretimin a\u011f\u0131rl\u0131kl\u0131 olarak hidro elektrik santrallerinde beklenmesi<\/strong> ile a\u00e7\u0131klanabilmektedir. Yar\u0131n i\u00e7in planlanan \u00fcretim bazl\u0131 Kesinle\u015fmi\u015f G\u00fcnl\u00fck \u00dcretim Plan\u0131 (KG\u00dcP) a\u015fa\u011f\u0131daki grafikte yer almaktad\u0131r.<\/p>\n<p style=\"text-align: center;\"><img loading=\"lazy\" class=\"aligncenter wp-image-93664 size-full\" src=\"https:\/\/www.enerjigazetesi.ist\/wp-content\/uploads\/2019\/06\/01.jpg\" alt=\"\" width=\"503\" height=\"223\" srcset=\"https:\/\/www.enerjigazetesi.ist\/wp-content\/uploads\/2019\/06\/01.jpg 503w, https:\/\/www.enerjigazetesi.ist\/wp-content\/uploads\/2019\/06\/01-300x133.jpg 300w, https:\/\/www.enerjigazetesi.ist\/wp-content\/uploads\/2019\/06\/01-500x222.jpg 500w, https:\/\/www.enerjigazetesi.ist\/wp-content\/uploads\/2019\/06\/01-80x35.jpg 80w\" sizes=\"(max-width: 503px) 100vw, 503px\" \/><\/p>\n<p>Tahminleme Modeli* analizi sonucu ortalama piyasa takas fiyat\u0131 <strong>153<\/strong>.<strong>39<\/strong> TL\/MWh ve ortalama t\u00fcketim <strong>29,944<\/strong> MWh olarak \u00f6ng\u00f6r\u00fclmektedir. Modelin piyasa takas fiyat\u0131na dair ba\u015far\u0131 oran\u0131 g\u00fcnl\u00fck % <strong>50<\/strong>, t\u00fcketime dair ba\u015far\u0131 oran\u0131** ise g\u00fcnl\u00fck % <strong>89<\/strong> olarak hesaplan\u0131rken, bug\u00fcne kadar yap\u0131lan piyasa takas fiyat\u0131na dair analizlere g\u00f6re ba\u015far\u0131 oran\u0131 % <strong>88<\/strong>, t\u00fcketime dair ba\u015far\u0131 oran\u0131 ise % <strong>95<\/strong> olarak hesaplanmaktad\u0131r. Saatlik yar\u0131n i\u00e7in olu\u015fan ve tahmin edilen piyasa takas fiyatlar\u0131 ile haftal\u0131k bazda tahmin edilen ve ger\u00e7ekle\u015ftik\u00e7e yer alacak g\u00fcnl\u00fck ortalama t\u00fcketim de\u011ferleri a\u015fa\u011f\u0131daki grafiklerde yer almaktad\u0131r.<\/p>\n<p style=\"text-align: center;\"><img loading=\"lazy\" class=\"aligncenter size-full wp-image-93665\" src=\"https:\/\/www.enerjigazetesi.ist\/wp-content\/uploads\/2019\/06\/02.jpg\" alt=\"\" width=\"622\" height=\"455\" srcset=\"https:\/\/www.enerjigazetesi.ist\/wp-content\/uploads\/2019\/06\/02.jpg 622w, https:\/\/www.enerjigazetesi.ist\/wp-content\/uploads\/2019\/06\/02-300x219.jpg 300w, https:\/\/www.enerjigazetesi.ist\/wp-content\/uploads\/2019\/06\/02-500x366.jpg 500w, https:\/\/www.enerjigazetesi.ist\/wp-content\/uploads\/2019\/06\/02-68x50.jpg 68w\" sizes=\"(max-width: 622px) 100vw, 622px\" \/><\/p>\n<p>Yar\u0131ndan sonraki g\u00fcn i\u00e7in olu\u015facak ortalama piyasa takas fiyat\u0131 <strong>83<\/strong>.<strong>72<\/strong> TL\/MWH olarak tahmin edilmektedir. Buna ba\u011fl\u0131 olarak g\u00fcn\u00fcn maksimum fiyat\u0131 <strong>173<\/strong> TL\/MWh olarak <strong>20<\/strong>:<strong>00<\/strong> &#8211; <strong>21<\/strong>:<strong>00<\/strong> saat aral\u0131\u011f\u0131nda, minimum fiyat\u0131 <strong>0<\/strong>.<strong>98<\/strong> TL\/MWh olarak <strong>07<\/strong>:<strong>00<\/strong> &#8211; <strong>08<\/strong>:<strong>00<\/strong> saat aral\u0131\u011f\u0131nda ger\u00e7ekle\u015fece\u011fi \u00f6ng\u00f6r\u00fclmektedir. Puant saatlerde (<strong>17<\/strong>:<strong>00<\/strong> &#8211; <strong>22<\/strong>:<strong>00<\/strong>) tahmini ortalama piyasa takas fiyat\u0131 ise <strong>155<\/strong>.<strong>33<\/strong> TL\/MWh olarak hesaplanabilmektedir. Saatlik olu\u015facak piyasa takas fiyat\u0131 tahminleri a\u015fa\u011f\u0131daki grafikte yer almaktad\u0131r.<\/p>\n<p style=\"text-align: center;\"><img loading=\"lazy\" class=\"aligncenter size-full wp-image-93666\" src=\"https:\/\/www.enerjigazetesi.ist\/wp-content\/uploads\/2019\/06\/03.jpg\" alt=\"\" width=\"600\" height=\"217\" srcset=\"https:\/\/www.enerjigazetesi.ist\/wp-content\/uploads\/2019\/06\/03.jpg 600w, https:\/\/www.enerjigazetesi.ist\/wp-content\/uploads\/2019\/06\/03-300x109.jpg 300w, https:\/\/www.enerjigazetesi.ist\/wp-content\/uploads\/2019\/06\/03-500x181.jpg 500w, https:\/\/www.enerjigazetesi.ist\/wp-content\/uploads\/2019\/06\/03-80x29.jpg 80w\" sizes=\"(max-width: 600px) 100vw, 600px\" \/><\/p>\n<p>Organize Toptan Do\u011fal Gaz Sat\u0131\u015f Piyasas\u0131 (OTSP) dahilinde <strong>01<\/strong>.<strong>05<\/strong>.<strong>2019<\/strong> \u2013 <strong>31<\/strong>.<strong>05<\/strong>.<strong>2019<\/strong> tarihleri aras\u0131 ortalama Gaz Referans Fiyat\u0131 (GRF) <strong>1,512<\/strong>.<strong>37<\/strong> TL\/<strong>1000<\/strong> sm<strong>3<\/strong> olarak belirlenirken, ayn\u0131 tarihler aras\u0131nda toplam ger\u00e7ekle\u015fen e\u015fle\u015fmelerin miktar\u0131 ise <strong>52,105<\/strong> x<strong>1000<\/strong> sm<strong>3<\/strong> olarak belirlendi. \u0130lgili tarihler aras\u0131nda g\u00fcnl\u00fck Gaz Referans Fiyat\u0131 (GRF) ile E\u015fle\u015fme Miktar\u0131 verileri a\u015fa\u011f\u0131daki grafikte yer almaktad\u0131r.<\/p>\n<p style=\"text-align: center;\"><img loading=\"lazy\" class=\"aligncenter wp-image-93667 size-full\" src=\"https:\/\/www.enerjigazetesi.ist\/wp-content\/uploads\/2019\/06\/04.jpg\" alt=\"\" width=\"577\" height=\"238\" srcset=\"https:\/\/www.enerjigazetesi.ist\/wp-content\/uploads\/2019\/06\/04.jpg 577w, https:\/\/www.enerjigazetesi.ist\/wp-content\/uploads\/2019\/06\/04-300x124.jpg 300w, https:\/\/www.enerjigazetesi.ist\/wp-content\/uploads\/2019\/06\/04-500x206.jpg 500w, https:\/\/www.enerjigazetesi.ist\/wp-content\/uploads\/2019\/06\/04-80x33.jpg 80w\" sizes=\"(max-width: 577px) 100vw, 577px\" \/><\/p>\n<p><em>*Tahminleme Modeli; istatistiksel tahminleme metodu olan SARIMA (Seasonal Autoregressive Integrated Moving Average) kullan\u0131larak MATLAB yaz\u0131l\u0131m geli\u015ftirme platformunda haz\u0131rlanm\u0131\u015ft\u0131r. Model ve di\u011fer t\u00fcm kullan\u0131lan veriler dahilinde girdi verileri olarak EP\u0130A\u015e \u015eeffafl\u0131k Platformunda g\u00fcnl\u00fck yay\u0131nlanan piyasa takas fiyatlar\u0131 ve ger\u00e7ekle\u015fen t\u00fcketim verileri kullan\u0131lmaktad\u0131r. Model ile ilgili detayl\u0131 bilgi alabilmek i\u00e7in l\u00fctfen ileti\u015fime ge\u00e7iniz.<\/em><\/p>\n<p><em>**T\u00fcketime Dair Ba\u015far\u0131 Oran\u0131; t\u00fcketim baz\u0131nda yap\u0131lan haftal\u0131k tahminlerde Pazar g\u00fcnleri yay\u0131nlanan raporda hen\u00fcz ger\u00e7ekle\u015fen veri olmad\u0131\u011f\u0131 i\u00e7in Sal\u0131 g\u00fcn\u00fc itibari ile ba\u015far\u0131 oran\u0131 g\u00fcnl\u00fck olarak hesaplanarak, raporda g\u00fcncellenecektir.<\/em><\/p>\n<p>T\u00fcmay SOLAK \u2013 Risk Y\u00f6netimi Uzman\u0131 \u2013\u00a0<a href=\"mailto:tumay.solak@enerjigazetesi.ist\" target=\"_blank\" rel=\"noopener\">tumay.solak@enerjigazetesi.ist<\/a><\/p>","protected":false},"excerpt":{"rendered":"<p>Sorry, this entry is only available in Turkish. For the sake of viewer convenience, the content is shown below in the alternative language. You may click the link to switch the active language. \u00d6ne \u00e7\u0131kan piyasaya dair g\u00fcncel haberler \u015fu \u015fekildedir; &#8211; Petrol fiyatlar\u0131, Ba\u015fkan Trump&#8217;\u0131n Meksika \u00fcr\u00fcnlerine ek tarife uygulanaca\u011f\u0131n\u0131 a\u00e7\u0131klamas\u0131n\u0131n ard\u0131ndan d\u00fc\u015f\u00fc\u015f\u00fcn\u00fc s\u00fcrd\u00fcrd\u00fc. [&hellip;]<\/p>\n","protected":false},"author":1,"featured_media":93669,"comment_status":"open","ping_status":"open","sticky":false,"template":"","format":"standard","meta":[],"categories":[51,53],"tags":[51608,42489,1079,45271,50069,61,34979,343,19638,50070,8304,39373,34980,39661,39426,26353,19,67,35376,2485,1009,40289,40290,39352,39351],"views":459,"_links":{"self":[{"href":"https:\/\/www.enerjigazetesi.ist\/en\/wp-json\/wp\/v2\/posts\/93663"}],"collection":[{"href":"https:\/\/www.enerjigazetesi.ist\/en\/wp-json\/wp\/v2\/posts"}],"about":[{"href":"https:\/\/www.enerjigazetesi.ist\/en\/wp-json\/wp\/v2\/types\/post"}],"author":[{"embeddable":true,"href":"https:\/\/www.enerjigazetesi.ist\/en\/wp-json\/wp\/v2\/users\/1"}],"replies":[{"embeddable":true,"href":"https:\/\/www.enerjigazetesi.ist\/en\/wp-json\/wp\/v2\/comments?post=93663"}],"version-history":[{"count":0,"href":"https:\/\/www.enerjigazetesi.ist\/en\/wp-json\/wp\/v2\/posts\/93663\/revisions"}],"wp:featuredmedia":[{"embeddable":true,"href":"https:\/\/www.enerjigazetesi.ist\/en\/wp-json\/wp\/v2\/media\/93669"}],"wp:attachment":[{"href":"https:\/\/www.enerjigazetesi.ist\/en\/wp-json\/wp\/v2\/media?parent=93663"}],"wp:term":[{"taxonomy":"category","embeddable":true,"href":"https:\/\/www.enerjigazetesi.ist\/en\/wp-json\/wp\/v2\/categories?post=93663"},{"taxonomy":"post_tag","embeddable":true,"href":"https:\/\/www.enerjigazetesi.ist\/en\/wp-json\/wp\/v2\/tags?post=93663"}],"curies":[{"name":"wp","href":"https:\/\/api.w.org\/{rel}","templated":true}]}}