{"id":93658,"date":"2019-06-01T01:31:22","date_gmt":"2019-05-31T22:31:22","guid":{"rendered":"https:\/\/www.enerjigazetesi.ist\/?p=93658"},"modified":"2019-06-01T01:36:14","modified_gmt":"2019-05-31T22:36:14","slug":"korfezin-petrol-ihracati-tehdit-altinda","status":"publish","type":"post","link":"https:\/\/www.enerjigazetesi.ist\/en\/korfezin-petrol-ihracati-tehdit-altinda\/","title":{"rendered":"(Turkish) K\u00f6rfezin Petrol \u0130hracat\u0131 Tehdit Alt\u0131nda"},"content":{"rendered":"<p class=\"qtranxs-available-languages-message qtranxs-available-languages-message-en\">Sorry, this entry is only available in <a href=\"https:\/\/www.enerjigazetesi.ist\/tr\/wp-json\/wp\/v2\/posts\/93658\" class=\"qtranxs-available-language-link qtranxs-available-language-link-tr\" title=\"Turkish\">Turkish<\/a>. For the sake of viewer convenience, the content is shown below in the alternative language. You may click the link to switch the active language.<\/p><p><\/p>\n<h1>Suudi Arabistan taraf\u0131ndan petrol tankerlerinden ikisinin, Birle\u015fik Arap Emirlikleri a\u00e7\u0131klar\u0131nda sald\u0131r\u0131ya u\u011frayan d\u00f6rt ticari gemi aras\u0131nda oldu\u011fu a\u00e7\u0131klan\u0131rken Reuters&#8217;\u0131n haberine g\u00f6re, sald\u0131rganlar\u0131n \u0130ran Devrim Muhaf\u0131zlar\u0131\u2019ndan destek ald\u0131\u011f\u0131 \u00f6ne s\u00fcr\u00fcld\u00fc. Suudi Arabistan ayr\u0131ca Do\u011fu-Bat\u0131 boru hatt\u0131n\u0131n pompa istasyonlar\u0131na sald\u0131r\u0131 d\u00fczenlendi\u011fini de dile getirdi.<\/h1>\n<p>Petrol piyasas\u0131, sald\u0131r\u0131lar ve misilleme tehditlerine ra\u011fmen sessizli\u011fini korudu. Brent, hafta ba\u015f\u0131nda g\u00f6re <img loading=\"lazy\" class=\"alignleft size-medium wp-image-93660\" src=\"https:\/\/www.enerjigazetesi.ist\/wp-content\/uploads\/2019\/06\/korfezin-petrol-ihracati-tehdit-altinda-300x168.jpg\" alt=\"\" width=\"300\" height=\"168\" srcset=\"https:\/\/www.enerjigazetesi.ist\/wp-content\/uploads\/2019\/06\/korfezin-petrol-ihracati-tehdit-altinda-300x168.jpg 300w, https:\/\/www.enerjigazetesi.ist\/wp-content\/uploads\/2019\/06\/korfezin-petrol-ihracati-tehdit-altinda-768x429.jpg 768w, https:\/\/www.enerjigazetesi.ist\/wp-content\/uploads\/2019\/06\/korfezin-petrol-ihracati-tehdit-altinda-500x279.jpg 500w, https:\/\/www.enerjigazetesi.ist\/wp-content\/uploads\/2019\/06\/korfezin-petrol-ihracati-tehdit-altinda-80x45.jpg 80w, https:\/\/www.enerjigazetesi.ist\/wp-content\/uploads\/2019\/06\/korfezin-petrol-ihracati-tehdit-altinda.jpg 838w\" sizes=\"(max-width: 300px) 100vw, 300px\" \/>2 dolar gerileyerek, 72.20$\u2019dan i\u015flem g\u00f6rd\u00fc. Suudi Arabistan Enerji Bakan\u0131 Khalid Al Falih, tankerlere ve boru hatt\u0131na yap\u0131lan sald\u0131r\u0131lar\u0131n yaln\u0131zca \u00fclkesine de\u011fil, ayn\u0131 zamanda \u201cd\u00fcnya petrol arz\u0131n\u0131n ve k\u00fcresel ekonominin g\u00fcvenli\u011fine\u201d y\u00f6nelik oldu\u011funu s\u00f6yledi. ABD Enerji Bilgi \u0130daresi, H\u00fcrm\u00fcz Bo\u011faz\u0131\u2019n\u0131, petrol i\u00e7in \u201cd\u00fcnyan\u0131n en \u00f6nemli ge\u00e7i\u015f noktas\u0131\u201d olarak belirtmektedir.<\/p>\n<p>Di\u011fer yandan tarih bize ancak \u00e7ok b\u00fcy\u00fck aksakl\u0131klar\u0131n k\u00fcresel petrol piyasas\u0131n\u0131 etkiledi\u011fini g\u00f6steriyor. \u00d6rne\u011fin ABD Donanma Enstit\u00fcs\u00fc\u2019n\u00fcn 1988 tarihli dergisinde \u0130ran ve Irak aras\u0131nda tanker sava\u015flar\u0131n\u0131n ya\u015fand\u0131\u011f\u0131, ancak petrol ihracat\u0131n\u0131n \u00f6nemli \u00f6l\u00e7\u00fcde azalmad\u0131\u011f\u0131 ve petrol fiyatlar\u0131nda kayda de\u011fer bir art\u0131\u015f olmad\u0131\u011f\u0131n\u0131 yaz\u0131l\u0131yordu. Bug\u00fcn de ABD\u2019nin \u0130ran\u2019\u0131n petrol ihracat\u0131n\u0131 azaltmaya y\u00f6nelik yapt\u0131r\u0131mlar\u0131na ra\u011fmen ham petrol piyasas\u0131n\u0131n zorluklar\u0131n \u00fcstesinden geldi\u011fi g\u00f6r\u00fcl\u00fcyor.<\/p>\n<p>Kaynak:\u00a0<a href=\"https:\/\/www.ft.com\/content\/f18d7cd8-7912-11e9-bbad-7c18c0ea0201\" target=\"_blank\" rel=\"noopener\">Financial Times\u00a0<\/a><\/p>","protected":false},"excerpt":{"rendered":"<p>Sorry, this entry is only available in Turkish. For the sake of viewer convenience, the content is shown below in the alternative language. You may click the link to switch the active language. Suudi Arabistan taraf\u0131ndan petrol tankerlerinden ikisinin, Birle\u015fik Arap Emirlikleri a\u00e7\u0131klar\u0131nda sald\u0131r\u0131ya u\u011frayan d\u00f6rt ticari gemi aras\u0131nda oldu\u011fu a\u00e7\u0131klan\u0131rken Reuters&#8217;\u0131n haberine g\u00f6re, sald\u0131rganlar\u0131n [&hellip;]<\/p>\n","protected":false},"author":1,"featured_media":93660,"comment_status":"open","ping_status":"open","sticky":false,"template":"","format":"standard","meta":[],"categories":[53,44],"tags":[1198,51675,3648,51674,67,1009,1333,51673,42283,34935,41603,2388,628,34937,34936,1463],"views":539,"_links":{"self":[{"href":"https:\/\/www.enerjigazetesi.ist\/en\/wp-json\/wp\/v2\/posts\/93658"}],"collection":[{"href":"https:\/\/www.enerjigazetesi.ist\/en\/wp-json\/wp\/v2\/posts"}],"about":[{"href":"https:\/\/www.enerjigazetesi.ist\/en\/wp-json\/wp\/v2\/types\/post"}],"author":[{"embeddable":true,"href":"https:\/\/www.enerjigazetesi.ist\/en\/wp-json\/wp\/v2\/users\/1"}],"replies":[{"embeddable":true,"href":"https:\/\/www.enerjigazetesi.ist\/en\/wp-json\/wp\/v2\/comments?post=93658"}],"version-history":[{"count":0,"href":"https:\/\/www.enerjigazetesi.ist\/en\/wp-json\/wp\/v2\/posts\/93658\/revisions"}],"wp:featuredmedia":[{"embeddable":true,"href":"https:\/\/www.enerjigazetesi.ist\/en\/wp-json\/wp\/v2\/media\/93660"}],"wp:attachment":[{"href":"https:\/\/www.enerjigazetesi.ist\/en\/wp-json\/wp\/v2\/media?parent=93658"}],"wp:term":[{"taxonomy":"category","embeddable":true,"href":"https:\/\/www.enerjigazetesi.ist\/en\/wp-json\/wp\/v2\/categories?post=93658"},{"taxonomy":"post_tag","embeddable":true,"href":"https:\/\/www.enerjigazetesi.ist\/en\/wp-json\/wp\/v2\/tags?post=93658"}],"curies":[{"name":"wp","href":"https:\/\/api.w.org\/{rel}","templated":true}]}}