{"id":9360,"date":"2013-04-08T16:43:08","date_gmt":"2013-04-08T13:43:08","guid":{"rendered":"https:\/\/www.enerjigazetesi.ist\/?p=9360"},"modified":"2013-04-08T16:44:44","modified_gmt":"2013-04-08T13:44:44","slug":"solarex-istanbul-en-buyuk-bulusmaya-hazirlaniyor","status":"publish","type":"post","link":"https:\/\/www.enerjigazetesi.ist\/en\/solarex-istanbul-en-buyuk-bulusmaya-hazirlaniyor\/","title":{"rendered":"(Turkish) Solarex \u0130stanbul En B\u00fcy\u00fck Bulu\u015fmaya Haz\u0131rlan\u0131yor&#8230;"},"content":{"rendered":"<p class=\"qtranxs-available-languages-message qtranxs-available-languages-message-en\">Sorry, this entry is only available in <a href=\"https:\/\/www.enerjigazetesi.ist\/tr\/wp-json\/wp\/v2\/posts\/9360\" class=\"qtranxs-available-language-link qtranxs-available-language-link-tr\" title=\"Turkish\">Turkish<\/a>. For the sake of viewer convenience, the content is shown below in the alternative language. You may click the link to switch the active language.<\/p><p><strong>G\u00fcne\u015f enerjisi sekt\u00f6r\u00fcn\u00fcn uluslararas\u0131 bulu\u015fma noktas\u0131 olan, 6. G\u00fcne\u015f Enerjisi ve Teknolojileri Fuar\u0131, 11- 13 Nisan 2013 tarihleri aras\u0131nda, g\u00fcne\u015f enerjisi sekt\u00f6r\u00fcn\u00fc bir\u00e7ok yeni \u00fcr\u00fcn ve hizmet ile tan\u0131\u015ft\u0131r\u0131yor.<\/strong><\/p>\n<p>6 y\u0131ld\u0131r g\u00fcne\u015f enerjisi sekt\u00f6r\u00fc ve b\u00f6lgelerinin en g\u00fc\u00e7l\u00fc fuar\u0131 olan Solarex \u0130stanbul, binlerce ziyaret\u00e7iyi a\u011f\u0131rlarken, \u00e7ok say\u0131da yeni i\u015f ba\u011flant\u0131lar\u0131na da sahne oluyor.<\/p>\n<p>\u0130hlas Fuarc\u0131l\u0131k taraf\u0131ndan d\u00fczenlenen ve 6 y\u0131ld\u0131r g\u00fcne\u015f enerjisi sekt\u00f6r\u00fcn\u00fcn ve b\u00f6lgenin en b\u00fcy\u00fck bulu\u015fmas\u0131 olan Uluslararas\u0131 G\u00fcne\u015f Enerjisi Fuar\u0131 Solarex \u0130stanbul, 11 \u2013 13 Nisan 2013 tarihleri aras\u0131nda \u0130stanbul Fuar Merkezi Ye\u015filk\u00f6y\u2019de ger\u00e7ekle\u015ftiriliyor. Solarex \u0130stanbul, T\u00fcrkiye\u2019nin de i\u00e7inde bulundu\u011fu Balkanlar, BDT \u00fclkeleri, Orta Do\u011fu ve Kuzey Afrika\u2019y\u0131 kapsayan b\u00f6lgenin en b\u00fcy\u00fck g\u00fcne\u015f enerjisi fuar\u0131 olma \u00f6zelli\u011fini ta\u015f\u0131yor. Sadece bir fuar olmayan ayn\u0131 zamanda bir i\u015f platformu da olan G\u00fcne\u015f Enerjisi Fuar\u0131, sekt\u00f6r\u00fcn b\u00fcy\u00fcmesine katk\u0131 sa\u011flayan ba\u015far\u0131l\u0131 bir organizasyon. Fuar s\u0131ras\u0131nda organize edilen seminer programlar\u0131 da fuar\u0131n ba\u015far\u0131s\u0131nda \u00f6nemli bir rol \u00fcstlenmi\u015f durumda.<br \/>\nD\u00fczenlenen seminerler, fuar s\u0131ras\u0131nda binlerce yeni i\u015f ba\u011flant\u0131s\u0131n\u0131n kurulmas\u0131n\u0131 olanakl\u0131 hale getirirken, kat\u0131l\u0131mc\u0131 \u00fclkelerin g\u00fcne\u015f enerjisi sekt\u00f6rleri a\u00e7\u0131s\u0131ndan da e\u015fsiz f\u0131rsatlar\u0131n do\u011fmas\u0131n\u0131 sa\u011fl\u0131yor.<\/p>\n<p><strong>Yerli ve Yabanc\u0131 Firmalardan Seminerlere B\u00fcy\u00fck \u0130lgi!<\/strong><\/p>\n<p>L\u0130 \u2013 DER (Lisanss\u0131z Elektrik \u00dcretimi Derne\u011fi)\u2019in katk\u0131lar\u0131yla ger\u00e7ekle\u015ftirilen seminerler, sekt\u00f6r taraf\u0131ndan ilgiyle takip edilecek. \u00dclke \u00e7ap\u0131nda sekt\u00f6r\u00fcn t\u00fcm payda\u015flar\u0131n\u0131n birbiri ile etkin bir bi\u00e7imde ileti\u015fime ge\u00e7ebilmesi, sekt\u00f6rdeki t\u00fcm yeniliklerden haberdar olup takip edebilmesi, bu alandaki ticari faaliyetlerin artmas\u0131 amac\u0131yla fuar kapsam\u0131nda d\u00fczenlenen seminerlere kat\u0131l\u0131m\u0131n yo\u011fun olmas\u0131 bekleniyor.<\/p>\n<p>Fuar\u0131n ilk g\u00fcn\u00fc, sponsor firmalar\u0131n sunum yapaca\u011f\u0131 organizasyonun ard\u0131ndan, 12 Nisan Cuma g\u00fcn\u00fc, L\u0130 \u2013 DER taraf\u0131ndan t\u00fcm g\u00fcn boyunca s\u00fcrd\u00fcr\u00fclecek bir seminer program\u0131 organize edildi. L\u0130 \u2013 DER Y\u00f6netim Kurulu Ba\u015fkan\u0131 Yal\u00e7\u0131n K\u0131ro\u011flu, ETKB Yenilenebilir Enerji Genel M\u00fcd\u00fcr\u00fc Yusuf Yazar, EPDK Elektrik Piyasas\u0131 Daire Ba\u015fkan\u0131 Ahmet Ocak, ETKB M\u00fcste\u015far Yard\u0131mc\u0131s\u0131 Selahattin \u00c7imen\u2019in kat\u0131laca\u011f\u0131 oturumun ard\u0131ndan, \u201cLisanss\u0131z G\u00fcne\u015f Enerjisi Sekt\u00f6r\u00fcnde Finansman Se\u00e7enekleri\u201d konu ba\u015fl\u0131\u011f\u0131 alt\u0131nda,TSKB, Halkbank ve Garanti Bankas\u0131\u2019ndan konu\u015fmac\u0131lar kat\u0131lacak. \u00d6\u011fleden sonraki oturumlarda, \u201cLisanss\u0131z uygulama \u00f6rnekleri ve yerli panel \u00fcretimi\u201d sunumlar\u0131, CSUN, Mimta Solar, Solarturk\u00a0 Enerji, IBC Solar T\u00fcrkiye, Form Temiz Enerji Sistemleri\u2019nin kat\u0131l\u0131mlar\u0131yla ger\u00e7ekle\u015fecek. Son oturum, \u201cYabanc\u0131 yat\u0131r\u0131mc\u0131lar a\u00e7\u0131s\u0131ndan \u00fclkemiz\u201d. Burak G\u00fcner moderat\u00f6rl\u00fc\u011f\u00fcnde ger\u00e7ekle\u015fecek oturumun konu\u015fmac\u0131lar\u0131, Dimitris KYRIAKIDES, Global Energy Solutions Ltd, <a href=\"https:\/\/www.enerjigazetesi.ist\/wp-content\/uploads\/2013\/04\/solarex_istanbul-2013.jpg\"><img loading=\"lazy\" class=\"alignright size-medium wp-image-9361\" title=\"solarex_istanbul-2013\" src=\"https:\/\/www.enerjigazetesi.ist\/wp-content\/uploads\/2013\/04\/solarex_istanbul-2013-300x172.jpg\" alt=\"\" width=\"300\" height=\"172\" srcset=\"https:\/\/www.enerjigazetesi.ist\/wp-content\/uploads\/2013\/04\/solarex_istanbul-2013-300x172.jpg 300w, https:\/\/www.enerjigazetesi.ist\/wp-content\/uploads\/2013\/04\/solarex_istanbul-2013-80x45.jpg 80w, https:\/\/www.enerjigazetesi.ist\/wp-content\/uploads\/2013\/04\/solarex_istanbul-2013.jpg 310w\" sizes=\"(max-width: 300px) 100vw, 300px\" \/><\/a>Johannes STUMP, Danfoss A\/S, Holger HERBST, Engynious Enerji \u00c7\u00f6z\u00fcmleri A.\u015e, Martin MEYER, Centrotherm Photovoltaics AG, Timothy KIM, Export-Import Bank of the United States.<\/p>\n<p>Son g\u00fcn, 13 Nisan cumartesi, Gensed oturumunun ard\u0131ndan Edh Enerji, \u00c7a\u011fr\u0131 Cengiz, &#8220;Ges Tesislerinde \u00d6l\u00e7\u00fcm ve \u0130zleme&#8221;, Ekosolar, Markuz\u00a0 Schulz \u2013 Recep Zeydan\u00a0 &#8220;Lorentz Solar Pompa Sistemleri&#8221;, Sunplast, Mr. Xabier Herrarte \u2013 Mr. David Kim &#8220;Panel \u00dcretim Tesisleri\u00a0 \u2013 Tpo\u00a0 Encapsulant Malzemeleri&#8221;, Else Enerji, \u00d6zg\u00fcr Sarpda\u011f, 500Kwp &#8220;Pv Santral i\u00e7in Vaka Analiz&#8221;\u00a0 sunumlar\u0131 yap\u0131lacak. Son olarak, Solar Baba Platformu Ate\u015f U\u011furel ile seminer sunumlar\u0131 kapanacak.<\/p>\n<p>T\u00fcrkiye\u2019de h\u0131zla geli\u015fen bir kat\u0131l\u0131mc\u0131 kitlesine do\u011fru giden G\u00fcne\u015f Enerjisi ve Teknolojileri Fuar\u0131 SOLAREX \u0130STANBUL, art\u0131k tam anlam\u0131yla oturmu\u015f bir organizasyon olup bundan sonraki s\u00fcre\u00e7te de yurt d\u0131\u015f\u0131 kat\u0131l\u0131mc\u0131lar\u0131n yo\u011fun ilgisi ve kat\u0131l\u0131m\u0131yla yoluna devam ediyor.<br \/>\nAvrupa\u2019daki ve d\u00fcnyadaki geli\u015fmeleri yak\u0131ndan takip ettiklerini s\u00f6yleyen G\u00fcne\u015f Enerjisi ve Teknolojileri Fuar\u0131 kat\u0131l\u0131mc\u0131s\u0131 pek \u00e7ok firma, fuar sayesinde bir araya geldiklerini ve T\u00fcrkiye\u2019de yeni yat\u0131r\u0131mlar konusunda g\u00f6r\u00fc\u015febildiklerini, bu g\u00f6r\u00fc\u015fmeler sonras\u0131nda da gelecek y\u0131llarda sekt\u00f6r i\u00e7in olumlu bir tak\u0131m geli\u015fmeler ya\u015fanaca\u011f\u0131n\u0131 belirtiyorlar.<\/p>\n<p><strong>\u00dcniversitelerin Getirece\u011fi G\u00fcne\u015f Enerjisi Ara\u00e7lar\u0131 Merakla Bekleniyor\u2026<\/strong><\/p>\n<p>\u0130stanbul \u00dcniversitesi, Gebze Y\u00fcksek Teknoloji Enstit\u00fcs\u00fc, Y\u0131ld\u0131z Teknik \u00dcniversitesi Ae2 Project Tak\u0131m\u0131, \u0130stanbul Teknik \u00dcniversitesi, 9 Eyl\u00fcl \u00dcniversitesi Solaris Tak\u0131m\u0131 ve Hacettepe \u00dcniversitesi Yeni ve Temiz Enerji Ara\u015ft\u0131rma ve Uygulama Merkezi\u2019nin ara\u00e7lar\u0131yla kat\u0131laca\u011f\u0131 fuara ilgi b\u00fcy\u00fck\u2026Fuarda ara\u00e7lar\u0131yla tam kadro haz\u0131r bulunacak \u00fcniversitelerden, Y\u0131ld\u0131z Teknik \u00dcniversitesi Ae2 Proje tak\u0131m\u0131, 11 Nisan Per\u015fembe g\u00fcn\u00fc, saat 15:00\u2019de bir bas\u0131n toplant\u0131s\u0131 d\u00fczenleyecek\u2026<\/p>\n<p>Avrupa\u2019n\u0131n en g\u00fcne\u015fli \u00fclkelerinden biri olarak kabul edilen T\u00fcrkiye\u2019de, g\u00fcne\u015f enerjisi konusuna yo\u011funla\u015fan tek bir fuar\u0131n olmas\u0131, D\u00fcnya \u00e7ap\u0131nda tan\u0131nm\u0131\u015f ve T\u00fcrkiye\u2019de yat\u0131r\u0131m yapmaya g\u00f6n\u00fcll\u00fc\u00a0 \u00e7ok say\u0131da d\u00fcnya markas\u0131 taraf\u0131ndan da yo\u011fun bir ilgi ile kar\u015f\u0131la\u015f\u0131yor. SOLAREX \u0130STANBUL, g\u00fcne\u015f enerjisi sekt\u00f6r\u00fcn\u00fc ve \u00f6zellikle g\u00fcne\u015f alma bak\u0131m\u0131ndan zengin olan \u00fclkemizi de, d\u00fcnya \u00e7ap\u0131nda \u00f6n plana \u00e7\u0131kararak, hak etti\u011fi ilgiyi g\u00f6rmesine sebep oluyor. G\u00fcne\u015flenme alan\u0131 olduk\u00e7a y\u00fcksek olan \u00fclkemiz, bu co\u011frafi \u00f6zelli\u011fi avantaja d\u00f6n\u00fc\u015ft\u00fcrme konusunda en b\u00fcy\u00fck deste\u011fi bu fuar ile al\u0131yor.<\/p>\n<p>Sekt\u00f6rde ilk defa \u0130hlas Fuarc\u0131l\u0131k taraf\u0131ndan d\u00fczenlenen\u00a0 SOLAREX \u0130STANBUL, konusuyla ilgili dernekler taraf\u0131ndan da tam destek g\u00f6r\u00fcyor. T. C. Enerji ve Tabi Kaynaklar Bakanl\u0131\u011f\u0131, T.C. \u00c7evre ve \u015eehircilik Bakanl\u0131\u011f\u0131 ba\u015fta olmak \u00fczere, GENSED (G\u00fcne\u015f Enerjisi Sanayicileri ve End\u00fcstrisi Derne\u011fi), L\u0130 \u2013 DER (Lisanss\u0131z Elektrik \u00dcretimi Derne\u011fi), Ak\u00fcder, SEHAD (S\u00fcrd\u00fcr\u00fclebilir Enerji Hareketi Derne\u011fi), UGETAM, Enerji Hukuku Ara\u015ft\u0131rma Ensitit\u00fcs\u00fc, Alosbi, KOSGEB, JC\u0130 ve daha \u00e7ok say\u0131da kurum taraf\u0131ndan tam destek g\u00f6r\u00fcyor. Bas\u0131n sponsorlar\u0131 aras\u0131nda, Solarex Magazine, Hi- tech, Yap\u0131 Malzeme Dergileri ve web portallar\u0131n\u0131n yer ald\u0131\u011f\u0131 fuar, yaz\u0131l\u0131 ve g\u00f6rsel medya destekleri ile yoluna devam ediyor.<\/p>\n<p>G\u00fcne\u015f Enerjisi ve Teknolojileri Fuar\u0131\u2019n\u0131n kat\u0131l\u0131mc\u0131 profili \u015f\u00f6yle : Fotovoltaikler kategorisinde, h\u00fccreler, mod\u00fcller, inverterler (evirici), \u00f6l\u00e7me ve kontol teknolojileri, \u015farj cihazlar\u0131, piller, kablolar, konnekt\u00f6rler, ba\u011flant\u0131 kutular\u0131, g\u00fcne\u015f takip sistemleri, montaj sistemleri, kurulum aparatlar\u0131, bina entegre \u00e7\u00f6z\u00fcmler (BIPV), \u201cStand Alone\u201d sistemler, g\u00fcne\u015f enerji santralleri, enerji depolama sistemleri, g\u00fcne\u015fle \u00e7al\u0131\u015fan t\u00fcketici \u00fcr\u00fcnleri, waferlar, malzeme ve \u00fcretim ekipmanlar\u0131\u2026<\/p>\n<p>G\u00fcne\u015f Is\u0131 Teknolojileri kategorisinde, so\u011furucular, kaplamalar, kolekt\u00f6rler, ba\u011flant\u0131 par\u00e7alar\u0131, genle\u015fme tanklar\u0131, degaz\u00f6rler, \u0131s\u0131 transferi ak\u0131\u015fkanlar\u0131, \u00f6l\u00e7me ve kontrol teknolojisi, montaj sistemleri, depolama tanklar\u0131, \u00fcretim teknolojileri ve ekipmanlar\u0131, havaland\u0131rma, so\u011futma, bina entegre \u00e7\u00f6z\u00fcmler, \u0131s\u0131l i\u015flem, g\u00fcne\u015f termal enerji santralleri, ara\u015ft\u0131rma ve geli\u015ftirme, test enstit\u00fcleri, sekt\u00f6rel bas\u0131n ve di\u011fer yay\u0131nc\u0131lar, e\u011fitim, finansman, organizasyonlar, dernekler ve dan\u0131\u015fmanlar yer almaktad\u0131r. Ziyaret\u00e7i profili ise, \u00e7o\u011funlukla \u00f6zel sekt\u00f6r, siyaset, kamu kurumlar\u0131, akademi ve bas\u0131n, sat\u0131\u015f- pazarlama y\u00f6neticileri, teknik dan\u0131\u015fmanlar, uzmanlar, m\u00fchendisler, \u00fcst d\u00fczet y\u00f6neticiler, proje ger\u00e7ekle\u015ftirmek isteyen farkl\u0131 sekt\u00f6rlerden ticari al\u0131c\u0131lar, i\u015f adamlar\u0131, yat\u0131r\u0131mc\u0131lar, sanayi sat\u0131n alma y\u00f6neticileri ve yetkilileri, acente ve distrib\u00fct\u00f6r, distrib\u00fct\u00f6rl\u00fck ve bayiik almak isteyen firmalar, ticaret odalar\u0131 ve sekt\u00f6r kurumlar\u0131d\u0131r.<\/p>\n<p>Yay\u0131nc\u0131: <a href=\"https:\/\/www.enerjigazetesi.ist\" target=\"_blank\">Enerji Gazetesi<\/a><\/p>","protected":false},"excerpt":{"rendered":"<p>Sorry, this entry is only available in Turkish. For the sake of viewer convenience, the content is shown below in the alternative language. You may click the link to switch the active language.G\u00fcne\u015f enerjisi sekt\u00f6r\u00fcn\u00fcn uluslararas\u0131 bulu\u015fma noktas\u0131 olan, 6. G\u00fcne\u015f Enerjisi ve Teknolojileri Fuar\u0131, 11- 13 Nisan 2013 tarihleri aras\u0131nda, g\u00fcne\u015f enerjisi sekt\u00f6r\u00fcn\u00fc bir\u00e7ok [&hellip;]<\/p>\n","protected":false},"author":1,"featured_media":9361,"comment_status":"open","ping_status":"open","sticky":false,"template":"","format":"standard","meta":[],"categories":[53,49],"tags":[4270,67,165,227,13,2206,4269,2208,4272,4273,4271,2207,4274],"views":824,"_links":{"self":[{"href":"https:\/\/www.enerjigazetesi.ist\/en\/wp-json\/wp\/v2\/posts\/9360"}],"collection":[{"href":"https:\/\/www.enerjigazetesi.ist\/en\/wp-json\/wp\/v2\/posts"}],"about":[{"href":"https:\/\/www.enerjigazetesi.ist\/en\/wp-json\/wp\/v2\/types\/post"}],"author":[{"embeddable":true,"href":"https:\/\/www.enerjigazetesi.ist\/en\/wp-json\/wp\/v2\/users\/1"}],"replies":[{"embeddable":true,"href":"https:\/\/www.enerjigazetesi.ist\/en\/wp-json\/wp\/v2\/comments?post=9360"}],"version-history":[{"count":3,"href":"https:\/\/www.enerjigazetesi.ist\/en\/wp-json\/wp\/v2\/posts\/9360\/revisions"}],"predecessor-version":[{"id":9363,"href":"https:\/\/www.enerjigazetesi.ist\/en\/wp-json\/wp\/v2\/posts\/9360\/revisions\/9363"}],"wp:featuredmedia":[{"embeddable":true,"href":"https:\/\/www.enerjigazetesi.ist\/en\/wp-json\/wp\/v2\/media\/9361"}],"wp:attachment":[{"href":"https:\/\/www.enerjigazetesi.ist\/en\/wp-json\/wp\/v2\/media?parent=9360"}],"wp:term":[{"taxonomy":"category","embeddable":true,"href":"https:\/\/www.enerjigazetesi.ist\/en\/wp-json\/wp\/v2\/categories?post=9360"},{"taxonomy":"post_tag","embeddable":true,"href":"https:\/\/www.enerjigazetesi.ist\/en\/wp-json\/wp\/v2\/tags?post=9360"}],"curies":[{"name":"wp","href":"https:\/\/api.w.org\/{rel}","templated":true}]}}