{"id":93538,"date":"2019-05-30T00:26:20","date_gmt":"2019-05-29T21:26:20","guid":{"rendered":"https:\/\/www.enerjigazetesi.ist\/?p=93538"},"modified":"2019-05-30T00:27:46","modified_gmt":"2019-05-29T21:27:46","slug":"turkiye-yenilenebilir-enerji-alaninda-onemli-bir-basariya-imza-atti","status":"publish","type":"post","link":"https:\/\/www.enerjigazetesi.ist\/en\/turkiye-yenilenebilir-enerji-alaninda-onemli-bir-basariya-imza-atti\/","title":{"rendered":"(Turkish) &#8221;T\u00fcrkiye Yenilenebilir Enerji Alan\u0131nda \u00d6nemli Bir Ba\u015far\u0131ya \u0130mza Att\u0131&#8221;"},"content":{"rendered":"<p class=\"qtranxs-available-languages-message qtranxs-available-languages-message-en\">Sorry, this entry is only available in <a href=\"https:\/\/www.enerjigazetesi.ist\/tr\/wp-json\/wp\/v2\/posts\/93538\" class=\"qtranxs-available-language-link qtranxs-available-language-link-tr\" title=\"Turkish\">Turkish<\/a>. For the sake of viewer convenience, the content is shown below in the alternative language. You may click the link to switch the active language.<\/p><p><\/p>\n<h1>Enerji ve Tabii Kaynaklar Bakan Yard\u0131mc\u0131s\u0131 Abdullah Tancan taraf\u0131ndan &#8220;T\u00fcrkiye, yenilenebilir enerjiden elektrik \u00fcretimini ge\u00e7ti\u011fimiz y\u0131l 2017&#8217;ye g\u00f6re % 31 art\u0131rarak Avrupa \u00fclkeleri ba\u015fta olmak \u00fczere d\u00fcnyadaki bir\u00e7ok \u00fclkeyi geride b\u0131rakarak \u00f6nemli bir ba\u015far\u0131ya imza att\u0131.&#8221; ifadeleri kullan\u0131ld\u0131.<\/h1>\n<p>Tancan, bu y\u0131l &#8220;Enerjide D\u00f6n\u00fc\u015f\u00fcm ve De\u011fi\u015fim&#8221; temas\u0131yla d\u00fczenlenen 25. ICCI Uluslararas\u0131 Enerji ve <img loading=\"lazy\" class=\"alignleft size-medium wp-image-93540\" src=\"https:\/\/www.enerjigazetesi.ist\/wp-content\/uploads\/2019\/05\/turkiye-yenilenebilir-enerji-alaninda-onemli-bir-basariya-imza-atti-300x184.jpg\" alt=\"\" width=\"300\" height=\"184\" srcset=\"https:\/\/www.enerjigazetesi.ist\/wp-content\/uploads\/2019\/05\/turkiye-yenilenebilir-enerji-alaninda-onemli-bir-basariya-imza-atti-300x184.jpg 300w, https:\/\/www.enerjigazetesi.ist\/wp-content\/uploads\/2019\/05\/turkiye-yenilenebilir-enerji-alaninda-onemli-bir-basariya-imza-atti-500x307.jpg 500w, https:\/\/www.enerjigazetesi.ist\/wp-content\/uploads\/2019\/05\/turkiye-yenilenebilir-enerji-alaninda-onemli-bir-basariya-imza-atti-80x50.jpg 80w, https:\/\/www.enerjigazetesi.ist\/wp-content\/uploads\/2019\/05\/turkiye-yenilenebilir-enerji-alaninda-onemli-bir-basariya-imza-atti.jpg 640w\" sizes=\"(max-width: 300px) 100vw, 300px\" \/>\u00c7evre Fuar\u0131 ve Konferans\u0131\u2019nda (ICCI 2019) yapt\u0131\u011f\u0131 konu\u015fmada, T\u00fcrkiye\u2019nin son 15 y\u0131lda kaydetti\u011fi h\u0131zl\u0131 ilerlemeye enerji sekt\u00f6r\u00fcndeki d\u00f6n\u00fc\u015f\u00fcm\u00fcn b\u00fcy\u00fck katk\u0131s\u0131 oldu\u011funu s\u00f6yledi.<\/p>\n<p>Enerji sekt\u00f6r\u00fcndeki d\u00f6n\u00fc\u015f\u00fcm\u00fcn temel parametrelerinin Milli Enerji ve Maden Politikas\u0131 ile belirlendi\u011fini kaydeden Tancan, politika kapsam\u0131nda yerli ve yenilenebilir enerji kaynaklar\u0131n\u0131n ekonomiye kazand\u0131r\u0131lmas\u0131ndan k\u00fcresel i\u015f birliklerinin geli\u015ftirilmesine kadar bir\u00e7ok alanda ba\u015far\u0131lara imza at\u0131ld\u0131\u011f\u0131n\u0131 dile getirdi.<\/p>\n<p>Tancan, izlenen politika ve stratejilerin sonucu olarak ge\u00e7ti\u011fimiz y\u0131l yerli ve yenilenebilir enerji kaynaklar\u0131n\u0131n toplam elektrik \u00fcretimindeki pay\u0131n\u0131n % 50&#8217;ye \u00e7\u0131kt\u0131\u011f\u0131n\u0131 belirtti.<\/p>\n<p>Nisan ay\u0131 sonu itibari ile 89.600 mw seviyesine ula\u015fan elektrik kurulu g\u00fcc\u00fcn\u00fcn % 48&#8217;ini yenilenebilir enerji kaynaklar\u0131n\u0131n olu\u015fturdu\u011funu dile getiren Tancan, &#8220;T\u00fcrkiye, yenilenebilir enerjiden elektrik \u00fcretimini ge\u00e7en y\u0131l 2017&#8217;ye g\u00f6re y\u00fczde 31 art\u0131rarak Avrupa \u00fclkeleri ba\u015fta olmak \u00fczere d\u00fcnyadaki bir\u00e7ok \u00fclkeyi geride b\u0131rakarak \u00f6nemli bir ba\u015far\u0131ya imza att\u0131. Bu y\u0131l may\u0131s ay\u0131 itibar\u0131yla ise yerli ve yenilenebilir enerji kaynaklar\u0131ndan \u00fcretimin pay\u0131 % 60&#8217;\u0131n \u00fczerine \u00e7\u0131kt\u0131.&#8221; ifadelerini kulland\u0131.<\/p>\n<p>Ayr\u0131ca Tancan, yerli ve yenilenebilir enerji kaynaklar\u0131n\u0131 ekonomiye kazand\u0131rmaya y\u00f6nelik \u00e7al\u0131\u015fmalar\u0131n s\u00fcrece\u011fine vurgu yaparak, &#8220;2019 y\u0131l\u0131nda Yenilenebilir Enerji Kaynak Alanlar\u0131 (YEKA) yar\u0131\u015fmalar\u0131 h\u0131z kesmeden s\u00fcr\u00fcyor. YEKA-2 r\u00fczgar enerjisi yar\u0131\u015fmalar\u0131n\u0131n bu haftalar i\u00e7erisinde yap\u0131lmas\u0131 planlan\u0131yor. Ayr\u0131ca elektrik piyasas\u0131nda, lisanss\u0131z elektrik \u00fcretim y\u00f6netmeli\u011fi ile kamuoyunun bekledi\u011fi de\u011fi\u015fiklikler hayata ge\u00e7irildi. B\u00f6ylece, lisanss\u0131z elektrik \u00fcretimiyle yeni bir d\u00f6neme girilmi\u015f oldu.&#8221; dedi.<\/p>","protected":false},"excerpt":{"rendered":"<p>Sorry, this entry is only available in Turkish. For the sake of viewer convenience, the content is shown below in the alternative language. You may click the link to switch the active language. Enerji ve Tabii Kaynaklar Bakan Yard\u0131mc\u0131s\u0131 Abdullah Tancan taraf\u0131ndan &#8220;T\u00fcrkiye, yenilenebilir enerjiden elektrik \u00fcretimini ge\u00e7ti\u011fimiz y\u0131l 2017&#8217;ye g\u00f6re % 31 art\u0131rarak Avrupa [&hellip;]<\/p>\n","protected":false},"author":1,"featured_media":93540,"comment_status":"open","ping_status":"open","sticky":false,"template":"","format":"standard","meta":[],"categories":[51,53,49,47,50],"tags":[45999,32584,34979,19638,34980,26353,67,1009,23311,45996,40544,51606,2282,34423,51607,34977,25578,51605,26829,31711,508,42314,12145],"views":551,"_links":{"self":[{"href":"https:\/\/www.enerjigazetesi.ist\/en\/wp-json\/wp\/v2\/posts\/93538"}],"collection":[{"href":"https:\/\/www.enerjigazetesi.ist\/en\/wp-json\/wp\/v2\/posts"}],"about":[{"href":"https:\/\/www.enerjigazetesi.ist\/en\/wp-json\/wp\/v2\/types\/post"}],"author":[{"embeddable":true,"href":"https:\/\/www.enerjigazetesi.ist\/en\/wp-json\/wp\/v2\/users\/1"}],"replies":[{"embeddable":true,"href":"https:\/\/www.enerjigazetesi.ist\/en\/wp-json\/wp\/v2\/comments?post=93538"}],"version-history":[{"count":0,"href":"https:\/\/www.enerjigazetesi.ist\/en\/wp-json\/wp\/v2\/posts\/93538\/revisions"}],"wp:featuredmedia":[{"embeddable":true,"href":"https:\/\/www.enerjigazetesi.ist\/en\/wp-json\/wp\/v2\/media\/93540"}],"wp:attachment":[{"href":"https:\/\/www.enerjigazetesi.ist\/en\/wp-json\/wp\/v2\/media?parent=93538"}],"wp:term":[{"taxonomy":"category","embeddable":true,"href":"https:\/\/www.enerjigazetesi.ist\/en\/wp-json\/wp\/v2\/categories?post=93538"},{"taxonomy":"post_tag","embeddable":true,"href":"https:\/\/www.enerjigazetesi.ist\/en\/wp-json\/wp\/v2\/tags?post=93538"}],"curies":[{"name":"wp","href":"https:\/\/api.w.org\/{rel}","templated":true}]}}