{"id":93432,"date":"2019-05-28T12:32:01","date_gmt":"2019-05-28T09:32:01","guid":{"rendered":"https:\/\/www.enerjigazetesi.ist\/?p=93432"},"modified":"2019-05-28T12:47:04","modified_gmt":"2019-05-28T09:47:04","slug":"gundem-disi-hirsizlik-olaylarina-karsi-tatile-cikmadan-bu-onlemleri-alin","status":"publish","type":"post","link":"https:\/\/www.enerjigazetesi.ist\/en\/gundem-disi-hirsizlik-olaylarina-karsi-tatile-cikmadan-bu-onlemleri-alin\/","title":{"rendered":"(Turkish) G\u00fcndem D\u0131\u015f\u0131: H\u0131rs\u0131zl\u0131k Olaylar\u0131na Kar\u015f\u0131 Tatile \u00c7\u0131kmadan Bu \u00d6nlemleri Al\u0131n!"},"content":{"rendered":"<p class=\"qtranxs-available-languages-message qtranxs-available-languages-message-en\">Sorry, this entry is only available in <a href=\"https:\/\/www.enerjigazetesi.ist\/tr\/wp-json\/wp\/v2\/posts\/93432\" class=\"qtranxs-available-language-link qtranxs-available-language-link-tr\" title=\"Turkish\">Turkish<\/a>. For the sake of viewer convenience, the content is shown below in the alternative language. You may click the link to switch the active language.<\/p><p><\/p>\n<h1>Bu y\u0131l Ramazan Bayram\u0131\u2019n\u0131n 9 g\u00fcnl\u00fck tatil olmas\u0131yla birlikte yolculuk planlar\u0131 yap\u0131lmaya ba\u015fland\u0131. T\u00fcm y\u0131l\u0131n yorgunlu\u011funu at\u0131p, enerji depolamak i\u00e7in hayalini kurdu\u011fumuz tatil kap\u0131da. Ancak tatile \u00e7\u0131karken akl\u0131n\u0131z\u0131n da evde kalmamas\u0131 i\u00e7in birtak\u0131m \u00f6nlemler almakta \u00f6nemlidir.<\/h1>\n<p>Ge\u00e7ti\u011fimiz y\u0131l T\u00fcrkiye\u2019de bug\u00fcne kadar g\u00fcvenlik al\u0131\u015fkanl\u0131klar\u0131 konusunda yap\u0131lm\u0131\u015f en kapsaml\u0131 t\u00fcketici ara\u015ft\u0131rmas\u0131n\u0131 ger\u00e7ekle\u015ftiren Kale End\u00fcstri Holding \u015firketlerinden <strong>Kale Kilit\u2019in Pazarlama ve \u0130\u015f Geli\u015ftirme Direkt\u00f6r\u00fc Sinan Yorganc\u0131gil, <\/strong>9 g\u00fcnl\u00fck Bayram tatili \u00f6ncesinde tatile \u00e7\u0131kacaklar\u0131n <img loading=\"lazy\" class=\"alignright size-medium wp-image-93434\" src=\"https:\/\/www.enerjigazetesi.ist\/wp-content\/uploads\/2019\/05\/gundem-disi-hirsizlik-olaylarina-karsi-tatile-cikmadan-bu-onlemleri-alin-300x210.jpg\" alt=\"\" width=\"300\" height=\"210\" srcset=\"https:\/\/www.enerjigazetesi.ist\/wp-content\/uploads\/2019\/05\/gundem-disi-hirsizlik-olaylarina-karsi-tatile-cikmadan-bu-onlemleri-alin-300x210.jpg 300w, https:\/\/www.enerjigazetesi.ist\/wp-content\/uploads\/2019\/05\/gundem-disi-hirsizlik-olaylarina-karsi-tatile-cikmadan-bu-onlemleri-alin-500x350.jpg 500w, https:\/\/www.enerjigazetesi.ist\/wp-content\/uploads\/2019\/05\/gundem-disi-hirsizlik-olaylarina-karsi-tatile-cikmadan-bu-onlemleri-alin-72x50.jpg 72w, https:\/\/www.enerjigazetesi.ist\/wp-content\/uploads\/2019\/05\/gundem-disi-hirsizlik-olaylarina-karsi-tatile-cikmadan-bu-onlemleri-alin.jpg 698w\" sizes=\"(max-width: 300px) 100vw, 300px\" \/>mutlaka almas\u0131 gereken g\u00fcvenlik \u00f6nlemlerini payla\u015ft\u0131. \u201cT\u00fcrkiye\u2019nin G\u00fcvenlik Al\u0131\u015fkanl\u0131klar\u0131\u201d ara\u015ft\u0131rmas\u0131na kat\u0131lanlar\u0131n y\u00fczde 61\u2019inin evlerinin veya i\u015f yerlerinin g\u00fcvenli\u011fini sa\u011flamak i\u00e7in birden fazla g\u00fcvenlik \u00fcr\u00fcn\u00fcne ihtiya\u00e7 duydu\u011funu belirtti\u011fini hat\u0131rlatan Yorganc\u0131gil, h\u0131rs\u0131zlar\u0131n da al\u0131nan \u00f6nlemleri ke\u015ffederek, y\u00f6ntemlerini s\u00fcrekli geli\u015ftirdiklerine dikkat \u00e7ekti. Tatile \u00e7\u0131karken geleneksel \u00f6nlemlerin al\u0131nmas\u0131n\u0131n \u00f6nemli ama yeterli olmad\u0131\u011f\u0131n\u0131 anlatan Yorganc\u0131gil, \u201cGeli\u015fmi\u015f teknolojik altyap\u0131ya sahip elektronik g\u00fcvenlik sistemleri h\u0131rs\u0131zl\u0131ktan su bask\u0131n\u0131na, yang\u0131ndan gaz ka\u00e7a\u011f\u0131na kadar geni\u015f bir alanda \u00f6nlem almay\u0131 m\u00fcmk\u00fcn k\u0131l\u0131yor. G\u00fcvenlik sistemi, evinizin ihtiya\u00e7lar\u0131 ve g\u00fcvenlik a\u00e7\u0131klar\u0131 tespit edildikten sonra buna uygun \u015fekilde olu\u015fturuluyor. Alarm izleme merkezi alarm\u0131n \u00e7e\u015fidine g\u00f6re, polis ya da itfaiye gibi, ilgili birimlerin evinize y\u00f6nlendirilmesini sa\u011fl\u0131yor. Ayr\u0131ca uzaktan mobil izleme imkan\u0131 da bulunan elektronik g\u00fcvenlik sistemleri, gereksinim duyulan durumlarda, y\u00fczlerin, plakalar\u0131n ve di\u011fer g\u00f6stergelerin net bir \u015fekilde belirlenmesini sa\u011fl\u0131yor\u201d dedi.<\/p>\n<p>&nbsp;<\/p>\n<h2>T\u00fcm Kap\u0131lar\u0131 Kilitledi\u011finizden Emin Olun<\/h2>\n<p>&nbsp;<\/p>\n<p><strong>\u00a0<\/strong>Ge\u00e7ti\u011fimiz y\u0131l Kale End\u00fcstri Holding taraf\u0131ndan ger\u00e7ekle\u015ftirilen \u201cT\u00fcrkiye\u2019nin G\u00fcvenlik Al\u0131\u015fkanl\u0131klar\u0131\u201d ara\u015ft\u0131rmas\u0131 sonu\u00e7lar\u0131na g\u00f6re, T\u00fcrkiye\u2019nin y\u00fczde 38\u2019i evden \u00e7\u0131karken kap\u0131s\u0131n\u0131 kilitlemiyor. Bu da h\u0131rs\u0131zlara a\u00e7\u0131k davetiye \u00e7\u0131kart\u0131yor. Dolay\u0131s\u0131yla tatile \u00e7\u0131kmadan \u00f6nce mutlaka kap\u0131m\u0131z\u0131 kilitlemeliyiz \u00e7\u00fcnk\u00fc kilitlenmeyen kap\u0131, kapal\u0131 de\u011fildir. Ayr\u0131ca eviniz m\u00fcstakil veya apartman giri\u015f kat\u0131 ise pencerelere parmakl\u0131k takt\u0131rarak \u00f6nlem alabilirsiniz.<\/p>\n<p>&nbsp;<\/p>\n<h2>Perdeleri Kapal\u0131, I\u015f\u0131\u011f\u0131 A\u00e7\u0131k B\u0131rakmay\u0131n<\/h2>\n<p>&nbsp;<\/p>\n<p><strong>\u00a0<\/strong>Tatile \u00e7\u0131karken \u0131\u015f\u0131\u011f\u0131 a\u00e7\u0131k b\u0131rakmak h\u0131rs\u0131zlar i\u00e7in \u00e7ok demode bir y\u00f6ntemdir. \u00c7\u00fcnk\u00fc birka\u00e7 g\u00fcn sonra o \u0131\u015f\u0131k asl\u0131nda sizin evde olmad\u0131\u011f\u0131n\u0131z\u0131n g\u00f6stergesi haline gelecektir. Ayr\u0131ca kapal\u0131 kalan perdeler de h\u0131rs\u0131zlara \u201cG\u00fcnlerdir evde kimse yok\u201d mesaj\u0131n\u0131 verir. Bu sebeple tatile \u00e7\u0131karken, evinizin t\u00fcm perdelerini kapatmay\u0131n.<\/p>\n<p>&nbsp;<\/p>\n<h2>Tatil Heyecan\u0131 \u0130le Sosyal Medyadan Konumunuzu Payla\u015fmay\u0131n<\/h2>\n<p><strong>\u00a0<\/strong>Sosyal medyadan yapaca\u011f\u0131n\u0131z konum bildirimleri sizin evden uzakta oldu\u011funuz anlam\u0131na gelir ve h\u0131rs\u0131zlara davetiye \u00e7\u0131kart\u0131r. Tatile \u00e7\u0131kt\u0131\u011f\u0131n\u0131z\u0131 sosyal medyadan herkese duyurmaman\u0131z, evinizin g\u00fcvenli\u011fi i\u00e7in al\u0131nacak bir \u00f6nlemdir.<\/p>\n<h2>Posta Kutunuz \u0130\u00e7in Kom\u015funuzdan Yard\u0131m \u0130steyin<\/h2>\n<p>Siz evde yokken posta kutunuzun bir\u00e7ok fatura ve ilanla dolmamas\u0131 i\u00e7in apartman g\u00f6revlinizden ya da bir kom\u015funuzdan yard\u0131m rica edebilirsiniz. B\u00f6ylece h\u0131rs\u0131zlar\u0131n kontrol ettikleri bu duruma kar\u015f\u0131 da \u00f6nlem alm\u0131\u015f olacaks\u0131n\u0131z.<\/p>","protected":false},"excerpt":{"rendered":"<p>Sorry, this entry is only available in Turkish. For the sake of viewer convenience, the content is shown below in the alternative language. You may click the link to switch the active language. Bu y\u0131l Ramazan Bayram\u0131\u2019n\u0131n 9 g\u00fcnl\u00fck tatil olmas\u0131yla birlikte yolculuk planlar\u0131 yap\u0131lmaya ba\u015fland\u0131. T\u00fcm y\u0131l\u0131n yorgunlu\u011funu at\u0131p, enerji depolamak i\u00e7in hayalini kurdu\u011fumuz [&hellip;]<\/p>\n","protected":false},"author":1,"featured_media":93436,"comment_status":"open","ping_status":"open","sticky":false,"template":"","format":"standard","meta":[],"categories":[53],"tags":[17071,51465,67,1009,51463,51467,51469,17382,51464,51468,51466,51470],"views":664,"_links":{"self":[{"href":"https:\/\/www.enerjigazetesi.ist\/en\/wp-json\/wp\/v2\/posts\/93432"}],"collection":[{"href":"https:\/\/www.enerjigazetesi.ist\/en\/wp-json\/wp\/v2\/posts"}],"about":[{"href":"https:\/\/www.enerjigazetesi.ist\/en\/wp-json\/wp\/v2\/types\/post"}],"author":[{"embeddable":true,"href":"https:\/\/www.enerjigazetesi.ist\/en\/wp-json\/wp\/v2\/users\/1"}],"replies":[{"embeddable":true,"href":"https:\/\/www.enerjigazetesi.ist\/en\/wp-json\/wp\/v2\/comments?post=93432"}],"version-history":[{"count":0,"href":"https:\/\/www.enerjigazetesi.ist\/en\/wp-json\/wp\/v2\/posts\/93432\/revisions"}],"wp:featuredmedia":[{"embeddable":true,"href":"https:\/\/www.enerjigazetesi.ist\/en\/wp-json\/wp\/v2\/media\/93436"}],"wp:attachment":[{"href":"https:\/\/www.enerjigazetesi.ist\/en\/wp-json\/wp\/v2\/media?parent=93432"}],"wp:term":[{"taxonomy":"category","embeddable":true,"href":"https:\/\/www.enerjigazetesi.ist\/en\/wp-json\/wp\/v2\/categories?post=93432"},{"taxonomy":"post_tag","embeddable":true,"href":"https:\/\/www.enerjigazetesi.ist\/en\/wp-json\/wp\/v2\/tags?post=93432"}],"curies":[{"name":"wp","href":"https:\/\/api.w.org\/{rel}","templated":true}]}}