{"id":9337,"date":"2013-04-08T10:02:46","date_gmt":"2013-04-08T07:02:46","guid":{"rendered":"https:\/\/www.enerjigazetesi.ist\/?p=9337"},"modified":"2013-04-08T10:02:46","modified_gmt":"2013-04-08T07:02:46","slug":"fukusimada-yasanan-problemlerin-onune-gecilemiyor","status":"publish","type":"post","link":"https:\/\/www.enerjigazetesi.ist\/en\/fukusimada-yasanan-problemlerin-onune-gecilemiyor\/","title":{"rendered":"(Turkish) Fuku\u015fima\u2019da Ya\u015fanan Problemlerin \u00d6n\u00fcne Ge\u00e7ilemiyor"},"content":{"rendered":"<p class=\"qtranxs-available-languages-message qtranxs-available-languages-message-en\">Sorry, this entry is only available in <a href=\"https:\/\/www.enerjigazetesi.ist\/tr\/wp-json\/wp\/v2\/posts\/9337\" class=\"qtranxs-available-language-link qtranxs-available-language-link-tr\" title=\"Turkish\">Turkish<\/a>. For the sake of viewer convenience, the content is shown below in the alternative language. You may click the link to switch the active language.<\/p><p><strong>Japonya\u2019y\u0131 11 Mart 2011\u2032de vuran \u00e7ifte afetin ard\u0131ndan radyasyon yaymas\u0131yla d\u00fcnyan\u0131n g\u00fcndemine oturan Fuku\u015fima N\u00fckleer Santrali\u2019nde d\u00fcn ortaya \u00e7\u0131kan s\u0131z\u0131nt\u0131n\u0131n ard\u0131ndan bug\u00fcn yeni bir s\u0131z\u0131nt\u0131n\u0131n daha ya\u015fand\u0131\u011f\u0131 ortaya \u00e7\u0131kt\u0131.<\/strong><\/p>\n<p>Fuku\u015fima\u2019daki n\u00fckleer santralde ya\u015fanan sorunlar\u0131n \u00f6n\u00fcne ge\u00e7ilemiyor. Elektrik kesintileri nedeniyle g\u00fcndeme k\u0131sa bir \u00f6nce tekrar gelen santralde bu sefer radyasyonlu su s\u0131z\u0131nt\u0131s\u0131 ya\u015fan\u0131yor. Santrali i\u015fleten Tokyo Elektrik \u015eirketi (TEPCO), radyasyonlu suyun bulundu\u011fu havuzlardan birinden az bir miktarda s\u0131z\u0131nt\u0131 meydana geldi\u011fini tespit ettiklerini a\u00e7\u0131klad\u0131. TEPCO, \u201cHavuzun i\u00e7indeki suda ciddi bir azalma olmamas\u0131na ra\u011fmen havuz d\u0131\u015f\u0131nda radyasyonlu su tespit ettik.\u201d dedi. Bu havuzlardaki su, 11 Mart sonras\u0131 ya\u015fanan krizde n\u00fckleer yak\u0131t \u00e7ubuklar\u0131n\u0131 so\u011futmak i\u00e7in kullan\u0131lm\u0131\u015ft\u0131.<\/p>\n<p><a href=\"https:\/\/www.enerjigazetesi.ist\/wp-content\/uploads\/2013\/04\/fukushima-fukusima-radyasyonlu-su-sizintisi-505x378.jpg\"><img loading=\"lazy\" class=\"alignright size-medium wp-image-9338\" title=\"fukushima-fukusima-radyasyonlu-su-sizintisi-505x378\" src=\"https:\/\/www.enerjigazetesi.ist\/wp-content\/uploads\/2013\/04\/fukushima-fukusima-radyasyonlu-su-sizintisi-505x378-300x224.jpg\" alt=\"\" width=\"300\" height=\"224\" srcset=\"https:\/\/www.enerjigazetesi.ist\/wp-content\/uploads\/2013\/04\/fukushima-fukusima-radyasyonlu-su-sizintisi-505x378-300x224.jpg 300w, https:\/\/www.enerjigazetesi.ist\/wp-content\/uploads\/2013\/04\/fukushima-fukusima-radyasyonlu-su-sizintisi-505x378-500x374.jpg 500w, https:\/\/www.enerjigazetesi.ist\/wp-content\/uploads\/2013\/04\/fukushima-fukusima-radyasyonlu-su-sizintisi-505x378-66x50.jpg 66w, https:\/\/www.enerjigazetesi.ist\/wp-content\/uploads\/2013\/04\/fukushima-fukusima-radyasyonlu-su-sizintisi-505x378.jpg 505w\" sizes=\"(max-width: 300px) 100vw, 300px\" \/><\/a>Tokyo Elektrik \u015eirketi d\u00fcn yapt\u0131\u011f\u0131 a\u00e7\u0131klamada da 120 ton kadar radyasyonlu suyun bulundu\u011fu havuzdan topra\u011fa s\u0131zm\u0131\u015f olabilece\u011fini belirtmi\u015fti. TEPCO, s\u0131z\u0131nt\u0131n\u0131n sebebini hen\u00fcz tespit edemediklerini belirtti. Havuzun, k\u0131y\u0131dan 800 metre uzakta bulundu\u011fu i\u00e7in suyun okyanusa ula\u015famayaca\u011f\u0131 belirtildi.<\/p>\n<p>Fuku\u015fima N\u00fckleer Santrali\u2019ndeki sorun, 11 Mart 2011\u2032de ya\u015fanan 9.0 \u015fiddetindeki depremin tetikledi\u011fi tsunaminin reakt\u00f6rleri vurmas\u0131n\u0131n ard\u0131ndan ba\u015flam\u0131\u015ft\u0131. Jenerat\u00f6rlerin su alt\u0131nda kalmas\u0131yla so\u011futma sistemleri devre d\u0131\u015f\u0131 kalm\u0131\u015f ve etrafa radyasyon yay\u0131lm\u0131\u015ft\u0131. Bu felaketten sonra santralin tamamen kapat\u0131lmas\u0131 hedeflenmi\u015fti ancak santralde s\u00fcrekli sorunlar ya\u015fan\u0131yor. TEPCO \u00f6nceki g\u00fcn yapt\u0131\u011f\u0131 a\u00e7\u0131klamada kullan\u0131lm\u0131\u015f n\u00fckleer \u00e7ubuklar\u0131n bulundu\u011fu \u00fc\u00e7\u00fcnc\u00fc havuzda elektrik ar\u0131zas\u0131 ya\u015fand\u0131\u011f\u0131n\u0131 a\u00e7\u0131klam\u0131\u015ft\u0131. Bu sorun 3 saat i\u00e7inde \u00e7\u00f6z\u00fclmesine ra\u011fmen santralle ilgili soru i\u015faretleri s\u00fcr\u00fcyordu.<\/p>\n<p>Bu son elektrik sorunundan \u00f6nce de kullan\u0131lm\u0131\u015f yak\u0131t \u00e7ubuklar\u0131n\u0131n bulundu\u011fu havuzlarda ge\u00e7ti\u011fimiz ay da benzer bir sorun ya\u015fanm\u0131\u015ft\u0131. Bir, \u00fc\u00e7 ve d\u00f6rt numaral\u0131 havuz ile ortak havuzun elektrik sisteminde ya\u015fanan ar\u0131za nedeniyle so\u011futma i\u015flemi durmu\u015ftu. 30 saat s\u00fcren krizin ard\u0131ndan uzmanlar, ek tedbirlerle sorunu a\u015fm\u0131\u015ft\u0131. Yetkililer daha sonra yapt\u0131klar\u0131 \u00e7al\u0131\u015fmada krize, bir farenin kablolar\u0131 kemirmesinin yol a\u00e7t\u0131\u011f\u0131n\u0131 tespit etmi\u015fti.<\/p>\n<p>Kaynak: <a href=\"http:\/\/enerjienstitusu.com\/2013\/04\/07\/fukusimada-sizinti-bitmiyor-radyasyonlu-su-sizintisi-yasandigi-ortaya-cikti\/\" target=\"_blank\">Enerji Enstit\u00fcs\u00fc<\/a><\/p>","protected":false},"excerpt":{"rendered":"<p>Sorry, this entry is only available in Turkish. For the sake of viewer convenience, the content is shown below in the alternative language. You may click the link to switch the active language.Japonya\u2019y\u0131 11 Mart 2011\u2032de vuran \u00e7ifte afetin ard\u0131ndan radyasyon yaymas\u0131yla d\u00fcnyan\u0131n g\u00fcndemine oturan Fuku\u015fima N\u00fckleer Santrali\u2019nde d\u00fcn ortaya \u00e7\u0131kan s\u0131z\u0131nt\u0131n\u0131n ard\u0131ndan bug\u00fcn yeni [&hellip;]<\/p>\n","protected":false},"author":1,"featured_media":9338,"comment_status":"open","ping_status":"open","sticky":false,"template":"","format":"standard","meta":[],"categories":[53,43],"tags":[67,1546,71,21,4253,4254,2026,4252],"views":696,"_links":{"self":[{"href":"https:\/\/www.enerjigazetesi.ist\/en\/wp-json\/wp\/v2\/posts\/9337"}],"collection":[{"href":"https:\/\/www.enerjigazetesi.ist\/en\/wp-json\/wp\/v2\/posts"}],"about":[{"href":"https:\/\/www.enerjigazetesi.ist\/en\/wp-json\/wp\/v2\/types\/post"}],"author":[{"embeddable":true,"href":"https:\/\/www.enerjigazetesi.ist\/en\/wp-json\/wp\/v2\/users\/1"}],"replies":[{"embeddable":true,"href":"https:\/\/www.enerjigazetesi.ist\/en\/wp-json\/wp\/v2\/comments?post=9337"}],"version-history":[{"count":1,"href":"https:\/\/www.enerjigazetesi.ist\/en\/wp-json\/wp\/v2\/posts\/9337\/revisions"}],"predecessor-version":[{"id":9339,"href":"https:\/\/www.enerjigazetesi.ist\/en\/wp-json\/wp\/v2\/posts\/9337\/revisions\/9339"}],"wp:featuredmedia":[{"embeddable":true,"href":"https:\/\/www.enerjigazetesi.ist\/en\/wp-json\/wp\/v2\/media\/9338"}],"wp:attachment":[{"href":"https:\/\/www.enerjigazetesi.ist\/en\/wp-json\/wp\/v2\/media?parent=9337"}],"wp:term":[{"taxonomy":"category","embeddable":true,"href":"https:\/\/www.enerjigazetesi.ist\/en\/wp-json\/wp\/v2\/categories?post=9337"},{"taxonomy":"post_tag","embeddable":true,"href":"https:\/\/www.enerjigazetesi.ist\/en\/wp-json\/wp\/v2\/tags?post=9337"}],"curies":[{"name":"wp","href":"https:\/\/api.w.org\/{rel}","templated":true}]}}