{"id":93341,"date":"2019-05-26T23:59:00","date_gmt":"2019-05-26T20:59:00","guid":{"rendered":"https:\/\/www.enerjigazetesi.ist\/?p=93341"},"modified":"2019-05-27T00:02:17","modified_gmt":"2019-05-26T21:02:17","slug":"atiksu-tesislerine-cevre-muhendisi-calistirma-zorunlulugu-geldi","status":"publish","type":"post","link":"https:\/\/www.enerjigazetesi.ist\/en\/atiksu-tesislerine-cevre-muhendisi-calistirma-zorunlulugu-geldi\/","title":{"rendered":"(Turkish) At\u0131ksu Tesislerine &#8216;\u00c7evre M\u00fchendisi&#8217; \u00c7al\u0131\u015ft\u0131rma Zorunlulu\u011fu Geldi"},"content":{"rendered":"<p class=\"qtranxs-available-languages-message qtranxs-available-languages-message-en\">Sorry, this entry is only available in <a href=\"https:\/\/www.enerjigazetesi.ist\/tr\/wp-json\/wp\/v2\/posts\/93341\" class=\"qtranxs-available-language-link qtranxs-available-language-link-tr\" title=\"Turkish\">Turkish<\/a>. For the sake of viewer convenience, the content is shown below in the alternative language. You may click the link to switch the active language.<\/p><p><\/p>\n<h1>\u00c7evre ve \u015eehircilik Bakanl\u0131\u011f\u0131&#8217;n\u0131n yay\u0131mlad\u0131\u011f\u0131 tebli\u011fe g\u00f6re at\u0131ksu ar\u0131tma tesislerine y\u00f6nelik\u00a0&#8220;tesis sorumlusu&#8221;\u00a0i\u00e7in en az bir \u00e7evre m\u00fchendisi \u00e7al\u0131\u015ft\u0131rma zorunlulu\u011fu getirildi.<strong><img loading=\"lazy\" class=\"alignright size-medium wp-image-93343\" src=\"https:\/\/www.enerjigazetesi.ist\/wp-content\/uploads\/2019\/05\/atiksu-tesislerine-cevre-muhendisi-calistirma-zorunlulugu-geldi-300x182.jpg\" alt=\"\" width=\"300\" height=\"182\" srcset=\"https:\/\/www.enerjigazetesi.ist\/wp-content\/uploads\/2019\/05\/atiksu-tesislerine-cevre-muhendisi-calistirma-zorunlulugu-geldi-300x182.jpg 300w, https:\/\/www.enerjigazetesi.ist\/wp-content\/uploads\/2019\/05\/atiksu-tesislerine-cevre-muhendisi-calistirma-zorunlulugu-geldi-768x466.jpg 768w, https:\/\/www.enerjigazetesi.ist\/wp-content\/uploads\/2019\/05\/atiksu-tesislerine-cevre-muhendisi-calistirma-zorunlulugu-geldi-500x303.jpg 500w, https:\/\/www.enerjigazetesi.ist\/wp-content\/uploads\/2019\/05\/atiksu-tesislerine-cevre-muhendisi-calistirma-zorunlulugu-geldi-80x50.jpg 80w, https:\/\/www.enerjigazetesi.ist\/wp-content\/uploads\/2019\/05\/atiksu-tesislerine-cevre-muhendisi-calistirma-zorunlulugu-geldi.jpg 804w\" sizes=\"(max-width: 300px) 100vw, 300px\" \/><\/strong><\/h1>\n<p>Tebli\u011f tarihinden \u00f6nce bakanl\u0131k\u00e7a verilen\u00a0<strong>&#8220;At\u0131ksu Ar\u0131tma Tesisi \u0130\u015fletmesinde Kar\u015f\u0131la\u015f\u0131lan Sorunlar ve \u00c7\u00f6z\u00fcm Yollar\u0131&#8221;<\/strong>\u00a0e\u011fitimini alm\u0131\u015f olanlar tebli\u011fin yay\u0131mland\u0131\u011f\u0131 tarihten itibaren <strong>6 ay i\u00e7inde<\/strong> ba\u015fvurmalar\u0131 ve tebli\u011fde belirtilen deneyim ko\u015fullar\u0131n\u0131 sa\u011flamalar\u0131 durumunda <strong>\u00e7evre m\u00fchendisi<\/strong> olma \u015fart\u0131 aranmaks\u0131z\u0131n, <strong>at\u0131ksu ar\u0131tma tesisi<\/strong> yeterlilik e\u011fitimi ve s\u0131nav\u0131ndan muaf tutularak <strong>tesis sorumlusu belgesi<\/strong> alabilecektir.<\/p>\n<p>At\u0131ksu ar\u0131tma tesisini i\u015fleten ve \u00fcniversitelerin lisans b\u00f6l\u00fcmlerinden mezun ki\u015filer, <strong>6\u2019nc\u0131 maddede<\/strong> yer verilen deneyim ko\u015fullar\u0131n\u0131 sa\u011flamalar\u0131 ve <strong>3 y\u0131l i\u00e7erisinde<\/strong> at\u0131ksu ar\u0131tma tesisi yeterlilik e\u011fitimini ba\u015far\u0131 ile almak kayd\u0131yla durumunda <strong>\u00e7evre m\u00fchendisi<\/strong> olma \u015fart\u0131 aranmayacakt\u0131r.<\/p>\n<p>\u0130lgili <a href=\"http:\/\/www.resmigazete.gov.tr\/eskiler\/2019\/05\/20190523-21.htm\" target=\"_blank\" rel=\"noopener\">Resmi Gazete Tebli\u011fi \u0130\u00e7in TIKLAYINIZ &gt;&gt;&gt;<\/a><\/p>","protected":false},"excerpt":{"rendered":"<p>Sorry, this entry is only available in Turkish. For the sake of viewer convenience, the content is shown below in the alternative language. You may click the link to switch the active language. \u00c7evre ve \u015eehircilik Bakanl\u0131\u011f\u0131&#8217;n\u0131n yay\u0131mlad\u0131\u011f\u0131 tebli\u011fe g\u00f6re at\u0131ksu ar\u0131tma tesislerine y\u00f6nelik\u00a0&#8220;tesis sorumlusu&#8221;\u00a0i\u00e7in en az bir \u00e7evre m\u00fchendisi \u00e7al\u0131\u015ft\u0131rma zorunlulu\u011fu getirildi. Tebli\u011f tarihinden [&hellip;]<\/p>\n","protected":false},"author":1,"featured_media":93343,"comment_status":"open","ping_status":"open","sticky":false,"template":"","format":"standard","meta":[],"categories":[53],"tags":[51395,4900,51394,44381,48105,2199,67,1009,1388,51393],"views":1105,"_links":{"self":[{"href":"https:\/\/www.enerjigazetesi.ist\/en\/wp-json\/wp\/v2\/posts\/93341"}],"collection":[{"href":"https:\/\/www.enerjigazetesi.ist\/en\/wp-json\/wp\/v2\/posts"}],"about":[{"href":"https:\/\/www.enerjigazetesi.ist\/en\/wp-json\/wp\/v2\/types\/post"}],"author":[{"embeddable":true,"href":"https:\/\/www.enerjigazetesi.ist\/en\/wp-json\/wp\/v2\/users\/1"}],"replies":[{"embeddable":true,"href":"https:\/\/www.enerjigazetesi.ist\/en\/wp-json\/wp\/v2\/comments?post=93341"}],"version-history":[{"count":0,"href":"https:\/\/www.enerjigazetesi.ist\/en\/wp-json\/wp\/v2\/posts\/93341\/revisions"}],"wp:featuredmedia":[{"embeddable":true,"href":"https:\/\/www.enerjigazetesi.ist\/en\/wp-json\/wp\/v2\/media\/93343"}],"wp:attachment":[{"href":"https:\/\/www.enerjigazetesi.ist\/en\/wp-json\/wp\/v2\/media?parent=93341"}],"wp:term":[{"taxonomy":"category","embeddable":true,"href":"https:\/\/www.enerjigazetesi.ist\/en\/wp-json\/wp\/v2\/categories?post=93341"},{"taxonomy":"post_tag","embeddable":true,"href":"https:\/\/www.enerjigazetesi.ist\/en\/wp-json\/wp\/v2\/tags?post=93341"}],"curies":[{"name":"wp","href":"https:\/\/api.w.org\/{rel}","templated":true}]}}