{"id":9329,"date":"2013-04-08T09:31:08","date_gmt":"2013-04-08T06:31:08","guid":{"rendered":"https:\/\/www.enerjigazetesi.ist\/?p=9329"},"modified":"2013-04-08T10:20:31","modified_gmt":"2013-04-08T07:20:31","slug":"enerji-verimliligi-ve-tasarrufu-icin-en-onemli-adim-isi-yalitimi","status":"publish","type":"post","link":"https:\/\/www.enerjigazetesi.ist\/en\/enerji-verimliligi-ve-tasarrufu-icin-en-onemli-adim-isi-yalitimi\/","title":{"rendered":"(Turkish) Enerji Verimlili\u011fi Ve Tasarrufu \u0130\u00e7in En \u00d6nemli Ad\u0131m Is\u0131 Yal\u0131t\u0131m\u0131"},"content":{"rendered":"<p class=\"qtranxs-available-languages-message qtranxs-available-languages-message-en\">Sorry, this entry is only available in <a href=\"https:\/\/www.enerjigazetesi.ist\/tr\/wp-json\/wp\/v2\/posts\/9329\" class=\"qtranxs-available-language-link qtranxs-available-language-link-tr\" title=\"Turkish\">Turkish<\/a>. For the sake of viewer convenience, the content is shown below in the alternative language. You may click the link to switch the active language.<\/p><p><\/p>\n<h2>XPS Is\u0131 Yal\u0131t\u0131m\u0131 Sanayicileri Derne\u011fi Elaz\u0131\u011f&#8217;da \u0131s\u0131 yal\u0131t\u0131m semineri d\u00fczenledi.<\/h2>\n<p>XPS Is\u0131 Yal\u0131t\u0131m\u0131 Sanayicileri Derne\u011fi 4 Nisan Per\u015fembe g\u00fcn\u00fc Elaz\u0131\u011f Akg\u00fcn Otel&#8217;de &#8220;Binalarda Enerji Verimlili\u011fi i\u00e7in Is\u0131 Yal\u0131t\u0131m\u0131 ve XPS \u00dcr\u00fcnler&#8221; konulu bir seminer d\u00fczenledi. Enerji kaynaklar\u0131n\u0131n h\u0131zla t\u00fckendi\u011fi g\u00fcn\u00fcm\u00fczde s\u00fcrd\u00fcr\u00fclebilir bir d\u00fcnya i\u00e7in \u0131s\u0131 yal\u0131t\u0131m\u0131n\u0131n \u00f6neminin anlat\u0131ld\u0131\u011f\u0131 seminere konu\u015fmac\u0131 olarak XPS Is\u0131 Yal\u0131t\u0131m\u0131 Sanayicileri Derne\u011fi Y\u00f6netim Kurulu Ba\u015fkan\u0131 Ertu\u011frul Y\u00f6r\u00fck, Y\u00f6netim Kurulu \u00dcyesi Ahmet Ya\u015far ve Genel Koordinat\u00f6r Meltem Y\u0131lmaz kat\u0131ld\u0131. Is\u0131 yal\u0131t\u0131m\u0131 ile ilgili bilinmesi gereken t\u00fcm noktalar\u0131n vurguland\u0131\u011f\u0131 seminere Elaz\u0131\u011fl\u0131lar yo\u011fun ilgi g\u00f6sterdi.<\/p>\n<p>K\u00fcresel \u0131s\u0131nma, sanayile\u015fme ve artan d\u00fcnya n\u00fcfusu sonucu enerji a\u00e7\u0131\u011f\u0131 b\u00fcy\u00fcrken, enerji kaynaklar\u0131 da h\u0131zla t\u00fckeniyor. Bu gidi\u015fe dur diyebilmek i\u00e7in d\u00fcnyada ve T\u00fcrkiye&#8217;de gerek kamusal alanda gerekse \u015firketler ve bireyler baz\u0131nda \u00f6nemli \u00e7al\u0131\u015fmalar y\u00fcr\u00fct\u00fcl\u00fcyor. Enerji darbo\u011faz\u0131n\u0131n a\u015f\u0131lmas\u0131 ve enerjinin verimli kullan\u0131lmas\u0131 i\u00e7in herkese b\u00fcy\u00fck sorumluluklar d\u00fc\u015f\u00fcyor. \u00dclkemizde kullan\u0131lan toplam enerjinin y\u00fczde 44&#8217;\u00fc binalarda kullan\u0131l\u0131yor. Binalarda kullan\u0131lan bu enerjinin y\u00fczde 85&#8217;i ise binalar\u0131 \u0131s\u0131tmak ve so\u011futmak i\u00e7in harcan\u0131yor. T\u00fcm bu veriler g\u00f6z \u00f6n\u00fcne al\u0131nd\u0131\u011f\u0131nda bireylerin <strong>enerji verimlili\u011fine<\/strong> katk\u0131s\u0131nda \u0131s\u0131 yal\u0131t\u0131m\u0131n\u0131n \u00f6nemi ortaya \u00e7\u0131k\u0131yor. T\u00fcrkiye&#8217;de \u0131s\u0131 yal\u0131t\u0131m\u0131 bilincini art\u0131rmay\u0131 misyon edinen XPS Is\u0131 Yal\u0131t\u0131m\u0131 Sanayicileri Derne\u011fi binalarda \u0131s\u0131 yal\u0131t\u0131m\u0131 uygulamas\u0131n\u0131n enerji verimlili\u011fine katk\u0131s\u0131n\u0131 Elaz\u0131\u011f&#8217;da ger\u00e7ekle\u015ftirdi\u011fi seminer ile anlatt\u0131.<\/p>\n<p>Elaz\u0131\u011fl\u0131lar&#8217;\u0131n yo\u011fun ilgi g\u00f6sterdi\u011fi seminere, XPS Is\u0131 Yal\u0131t\u0131m\u0131 Sanayicileri Derne\u011fi Y\u00f6netim Kurulu Ba\u015fkan\u0131 Ertu\u011frul Y\u00f6r\u00fck, Y\u00f6netim Kurulu \u00dcyesi Ahmet Ya\u015far ve Genel Koordinat\u00f6r Meltem Y\u0131lmaz&#8217;\u0131n yan\u0131 s\u0131ra \u00c7evre ve \u015eehircilik \u0130l M\u00fcd\u00fcrl\u00fc\u011f\u00fc, \u0130l \u00d6zel \u0130daresi, Elaz\u0131\u011f Belediyesi, Mimar ve M\u00fchendis Odalar\u0131 temsilcileri ile F\u0131rat \u00dcniversitesi Teknik E\u011fitim Fak\u00fcltesi Yap\u0131 E\u011fitimi B\u00f6l\u00fcm\u00fc \u00f6\u011fretim g\u00f6revlileri, yap\u0131 denetim firmalar\u0131 yetkilileri ba\u015fta olmak \u00fczere \u00e7ok say\u0131da dinleyici kat\u0131ld\u0131.<\/p>\n<p><a href=\"https:\/\/www.enerjigazetesi.ist\/wp-content\/uploads\/2013\/04\/enerji-tasarrufu-icin-en-onemli-adim-isi-yalitimi-4500521_3728_o.jpg\"><img loading=\"lazy\" class=\"alignright size-medium wp-image-9330\" title=\"enerji-tasarrufu-icin-en-onemli-adim-isi-yalitimi-4500521_3728_o\" src=\"https:\/\/www.enerjigazetesi.ist\/wp-content\/uploads\/2013\/04\/enerji-tasarrufu-icin-en-onemli-adim-isi-yalitimi-4500521_3728_o-300x192.jpg\" alt=\"\" width=\"300\" height=\"192\" srcset=\"https:\/\/www.enerjigazetesi.ist\/wp-content\/uploads\/2013\/04\/enerji-tasarrufu-icin-en-onemli-adim-isi-yalitimi-4500521_3728_o-300x192.jpg 300w, https:\/\/www.enerjigazetesi.ist\/wp-content\/uploads\/2013\/04\/enerji-tasarrufu-icin-en-onemli-adim-isi-yalitimi-4500521_3728_o-77x50.jpg 77w, https:\/\/www.enerjigazetesi.ist\/wp-content\/uploads\/2013\/04\/enerji-tasarrufu-icin-en-onemli-adim-isi-yalitimi-4500521_3728_o.jpg 460w\" sizes=\"(max-width: 300px) 100vw, 300px\" \/><\/a>Seminerde, \u0131s\u0131 yal\u0131t\u0131m\u0131n\u0131n T\u00fcrkiye, Avrupa ve d\u00fcnyadaki durumunu de\u011ferlendiren XPS Is\u0131 Yal\u0131t\u0131m\u0131 Sanayicileri Derne\u011fi Genel Koordinat\u00f6r\u00fc Meltem Y\u0131lmaz; &#8220;Enerjisinin y\u00fczde 73&#8217;\u00fcn\u00fc ithal eden ve enerjide d\u0131\u015fa ba\u011f\u0131ml\u0131 bir \u00fclke olan T\u00fcrkiye&#8217;de \u0131s\u0131 yal\u0131t\u0131m pazar\u0131 olmas\u0131 gerekti\u011fi yerde de\u011fil. \u00dclkemizde bulunan 19 milyon konutun y\u00fczde 85&#8217;inde \u0131s\u0131 yal\u0131t\u0131m\u0131 hala yok. Yal\u0131t\u0131ms\u0131z binalar y\u00fcz\u00fcnden enerjimizi bo\u015f yere t\u00fcketiyoruz ve her y\u0131l 9 milyar dolar\u0131 havaya savuruyoruz. Oysa ki mevcut ve yeni yap\u0131lacak binalarda \u0131s\u0131 yal\u0131t\u0131m\u0131 uygulamas\u0131 ile y\u00fczde 50&#8217;ye varan oranlarda enerji tasarrufu sa\u011flamak m\u00fcmk\u00fcn. T\u00fcrkiye \u0131s\u0131 yal\u0131t\u0131m\u0131 a\u00e7\u0131s\u0131ndan Avrupa&#8217;n\u0131n gerisinde. Yal\u0131t\u0131m bilinci Avrupa \u00fclkelerinde bizden \u00e7ok daha \u00f6nce olu\u015ftu\u011fu i\u00e7in onlar enerji verimlili\u011fi konusunda bizden \u00e7ok \u00f6ndeler. T\u00fcrkiye&#8217;de yeni yeni konu\u015fulmaya ba\u015flanan Pasif Ev kavram\u0131 Avrupa \u00fclkelerinde uzun y\u0131llard\u0131r biliniyor ve uygulan\u0131yor. Hatta Avrupa \u00fclkelerinde 2020&#8217;ye kadar t\u00fcm binalar\u0131n Pasif Evler&#8217;e yani y\u0131ll\u0131k enerji t\u00fcketimi 15 kWh\/m2&#8217;nin alt\u0131nda olan binalara d\u00f6n\u00fc\u015fmesi hedefleniyor&#8221; dedi.<\/p>\n<p>Is\u0131 yal\u0131t\u0131m\u0131 y\u00f6netmeli\u011fi ve yasal mevzuatlar hakk\u0131nda da a\u00e7\u0131klamalarda bulunan Meltem Y\u0131lmaz; &#8220;1 Ocak 2011&#8217;de y\u00fcr\u00fcrl\u00fc\u011fe giren &#8216;Binalarda Enerji Performans Y\u00f6netmeli\u011fi&#8217; gere\u011fince yeni binalar\u0131n hepsinde zorunlu olan Enerji Kimlik Belgesi&#8217;ni eski binalar da 2017 y\u0131l\u0131na kadar almak zorunda. Bu ba\u011flamda \u0131s\u0131 yal\u0131t\u0131m\u0131 yapt\u0131rmak art\u0131k bir tercih de\u011fil zorunluluk. Y\u00fczde 50&#8217;ye yak\u0131n enerji tasarrufu sa\u011flayan \u0131s\u0131 yal\u0131t\u0131m\u0131 hem \u00fclke hem de birey ekonomisine katk\u0131da bulunuyor. Ancak bina \u00f6mr\u00fc boyunca tasarruf sa\u011flamak i\u00e7in nitelikli malzemelerin se\u00e7ilmesi ve yetkin ki\u015filerce do\u011fru uygulamas\u0131n\u0131n yap\u0131lm\u0131\u015f olmas\u0131 gerekiyor. E\u011fer niteliksiz bir \u0131s\u0131 yal\u0131t\u0131m\u0131 yapt\u0131r\u0131rsan\u0131z, istedi\u011finiz verimlilik oranlar\u0131n\u0131 yakalayamaz ve faturalar\u0131n\u0131zda bunun yans\u0131mas\u0131n\u0131 g\u00f6remezsiniz. Yanl\u0131\u015f uygulanm\u0131\u015f \u0131s\u0131 yal\u0131t\u0131mla tasarruf edemeyece\u011finiz gibi hatal\u0131 bir yal\u0131t\u0131m\u0131 onarmak da son derece zordur. Bu y\u00fczden \u0131s\u0131 yal\u0131t\u0131m\u0131 yapt\u0131r\u0131rken bunun \u00f6m\u00fcrl\u00fck bir uygulama oldu\u011funu unutmamal\u0131s\u0131n\u0131z. Bunun i\u00e7in CE belgeli ve uluslararas\u0131 standartlarda \u00fcretim yapan firmalar\u0131n \u00fcr\u00fcnlerini tercih etmelisiniz&#8221; diye konu\u015ftu.<\/p>\n<p>Seminerde ayr\u0131ca, Elaz\u0131\u011f&#8217;da \u00f6rnek bir bina \u00fczerinde yap\u0131lan \u00e7al\u0131\u015fman\u0131n sonu\u00e7lar\u0131 dinleyicilerle payla\u015f\u0131ld\u0131. \u00c7al\u0131\u015fma sonucunda ortaya \u00e7\u0131kan \u0131s\u0131 yal\u0131t\u0131m uygulamas\u0131 ile yap\u0131labilecek yak\u0131t tasarrufunun boyutu olduk\u00e7a dikkat \u00e7ekiciydi. Elaz\u0131\u011f \u015fehir merkezinde do\u011falgazla \u0131s\u0131nan 2 katl\u0131 bir binada \u00e7at\u0131 ve duvarlarda yap\u0131lacak \u0131s\u0131 yal\u0131t\u0131m uygulamas\u0131 ile y\u00fczde 67 enerji tasarrufu yap\u0131labilece\u011fini g\u00f6steren bina modellemesi, bu \u00e7al\u0131\u015fmada detayl\u0131 olarak incelendi.<\/p>\n<p>Seminerde bir konu\u015fma yapan Elaz\u0131\u011f&#8217;da XPS \u00fcretimi yapan S\u0130NERJ\u0130 A.\u015e. Genel M\u00fcd\u00fcr\u00fc Ahmet Ya\u015far, XPS \u0131s\u0131 yal\u0131t\u0131m levhalar\u0131n\u0131n piyasadaki di\u011fer \u00fcr\u00fcnlerden fark\u0131na dikkat \u00e7ekti. Ahmet Ya\u015far; &#8220;Kalite standartlar\u0131na uygun, CE belgeli XPS \u00fcr\u00fcnlerle yap\u0131lan \u0131s\u0131 yal\u0131t\u0131m\u0131 bina \u00f6mr\u00fc boyunca performans\u0131n\u0131 devam ettirerek tasarruf sa\u011fl\u0131yor. Yal\u0131t\u0131mdan y\u00fczde 100 verim almak isteniyorsa renkli, CE belgeli, sert k\u00f6p\u00fck XPS \u0131s\u0131 yal\u0131t\u0131m levhalar\u0131n\u0131 tercih etmek gerekiyor. Suya ve dona kar\u015f\u0131 dayan\u0131kl\u0131l\u0131\u011f\u0131 sayesinde XPS levhalar, s\u0131va \u00e7atla\u011f\u0131, k\u00fcf ve rutubet olu\u015fumunu engelliyor, bu sayede sa\u011fl\u0131kl\u0131 ve konforlu ya\u015fam alanlar\u0131na imk\u00e2n sa\u011fl\u0131yor. Ucuz oldu\u011fu i\u00e7in tercih edilen merdiven alt\u0131 \u00fcr\u00fcnler uygulama sonras\u0131nda ciddi sorunlar ya\u015fanmas\u0131na ve harcanan paran\u0131n \u00e7\u00f6pe gitmesine neden oluyor. Is\u0131 yal\u0131t\u0131m\u0131yla tasarruf etmek isteyen herkese g\u00f6n\u00fcl rahatl\u0131\u011f\u0131yla XPS \u0131s\u0131 yal\u0131t\u0131m levhalar\u0131n\u0131 \u00f6neriyoruz&#8221; dedi.<\/p>\n<p>Kaynak: <a href=\"http:\/\/www.haberler.com\/enerji-tasarrufu-icin-en-onemli-adim-isi-yalitimi-4500521-haberi\/\" target=\"_blank\">Haberler<\/a><\/p>","protected":false},"excerpt":{"rendered":"<p>Sorry, this entry is only available in Turkish. For the sake of viewer convenience, the content is shown below in the alternative language. You may click the link to switch the active language. XPS Is\u0131 Yal\u0131t\u0131m\u0131 Sanayicileri Derne\u011fi Elaz\u0131\u011f&#8217;da \u0131s\u0131 yal\u0131t\u0131m semineri d\u00fczenledi. XPS Is\u0131 Yal\u0131t\u0131m\u0131 Sanayicileri Derne\u011fi 4 Nisan Per\u015fembe g\u00fcn\u00fc Elaz\u0131\u011f Akg\u00fcn Otel&#8217;de [&hellip;]<\/p>\n","protected":false},"author":1,"featured_media":9330,"comment_status":"open","ping_status":"open","sticky":false,"template":"","format":"standard","meta":[],"categories":[53,52],"tags":[4249,67,103,12,4248,979],"views":655,"_links":{"self":[{"href":"https:\/\/www.enerjigazetesi.ist\/en\/wp-json\/wp\/v2\/posts\/9329"}],"collection":[{"href":"https:\/\/www.enerjigazetesi.ist\/en\/wp-json\/wp\/v2\/posts"}],"about":[{"href":"https:\/\/www.enerjigazetesi.ist\/en\/wp-json\/wp\/v2\/types\/post"}],"author":[{"embeddable":true,"href":"https:\/\/www.enerjigazetesi.ist\/en\/wp-json\/wp\/v2\/users\/1"}],"replies":[{"embeddable":true,"href":"https:\/\/www.enerjigazetesi.ist\/en\/wp-json\/wp\/v2\/comments?post=9329"}],"version-history":[{"count":2,"href":"https:\/\/www.enerjigazetesi.ist\/en\/wp-json\/wp\/v2\/posts\/9329\/revisions"}],"predecessor-version":[{"id":9344,"href":"https:\/\/www.enerjigazetesi.ist\/en\/wp-json\/wp\/v2\/posts\/9329\/revisions\/9344"}],"wp:featuredmedia":[{"embeddable":true,"href":"https:\/\/www.enerjigazetesi.ist\/en\/wp-json\/wp\/v2\/media\/9330"}],"wp:attachment":[{"href":"https:\/\/www.enerjigazetesi.ist\/en\/wp-json\/wp\/v2\/media?parent=9329"}],"wp:term":[{"taxonomy":"category","embeddable":true,"href":"https:\/\/www.enerjigazetesi.ist\/en\/wp-json\/wp\/v2\/categories?post=9329"},{"taxonomy":"post_tag","embeddable":true,"href":"https:\/\/www.enerjigazetesi.ist\/en\/wp-json\/wp\/v2\/tags?post=9329"}],"curies":[{"name":"wp","href":"https:\/\/api.w.org\/{rel}","templated":true}]}}