{"id":93279,"date":"2019-05-25T13:26:52","date_gmt":"2019-05-25T10:26:52","guid":{"rendered":"https:\/\/www.enerjigazetesi.ist\/?p=93279"},"modified":"2019-05-25T13:36:29","modified_gmt":"2019-05-25T10:36:29","slug":"doga-onculeri-geleceklerine-sahip-cikti","status":"publish","type":"post","link":"https:\/\/www.enerjigazetesi.ist\/en\/doga-onculeri-geleceklerine-sahip-cikti\/","title":{"rendered":"(Turkish) Do\u011fa \u00d6nc\u00fcleri Geleceklerine Sahip \u00c7\u0131kt\u0131!"},"content":{"rendered":"<p class=\"qtranxs-available-languages-message qtranxs-available-languages-message-en\">Sorry, this entry is only available in <a href=\"https:\/\/www.enerjigazetesi.ist\/tr\/wp-json\/wp\/v2\/posts\/93279\" class=\"qtranxs-available-language-link qtranxs-available-language-link-tr\" title=\"Turkish\">Turkish<\/a>. For the sake of viewer convenience, the content is shown below in the alternative language. You may click the link to switch the active language.<\/p><p><\/p>\n<h1>WWF-T\u00fcrkiye\u2019nin Do\u011fa \u00d6nc\u00fcleri Gen\u00e7lik Program\u0131 kapsam\u0131nda do\u011fa koruma projeleri y\u00fcr\u00fcten ortaokul ve lise \u00f6\u011frencileri, d\u00fcn \u0130stanbul\u2019da bir araya geldi. Hatay\u2019dan Antalya\u2019ya, \u0130zmir\u2019den Kars\u2019a pek \u00e7ok\u00a0 farkl\u0131 \u015fehirden do\u011fa \u00f6nc\u00fcs\u00fc gen\u00e7, d\u00fcnyam\u0131z\u0131n gelece\u011fi ad\u0131na de\u011fi\u015fim yaratt\u0131klar\u0131 projelerini kat\u0131l\u0131mc\u0131lara sundular. Konferans sonunda en \u00e7ok etki yaratt\u0131\u011f\u0131na inand\u0131klar\u0131 iki projeye birincilik \u00f6d\u00fcl\u00fc verdiler.<\/h1>\n<p>WWF-T\u00fcrkiye\u2019nin (Do\u011fal Hayat\u0131 Koruma Vakf\u0131) Do\u011fa \u00d6nc\u00fcleri Gen\u00e7lik Program\u0131\u2019nda yer alan T\u00fcrkiye genelindeki 75 okulun \u00f6\u011frencilerinin do\u011fa koruma projeleri aras\u0131ndan se\u00e7ilen 10 projenin ve umut vaat eden \u00e7al\u0131\u015fmalar\u0131n sahibi \u00a0gen\u00e7ler \u0130stanbul\u2019da bir araya geldi. Ortaokul ve lise \u00f6\u011frencisi gen\u00e7lerin projelerini anlatt\u0131klar\u0131 ve birbirleriyle tan\u0131\u015fma imkan\u0131 bulduklar\u0131 Do\u011fa \u00d6nc\u00fcleri Gen\u00e7lik Konferans\u0131 d\u00fcn Bo\u011fazi\u00e7i \u00dcniversitesi\u2019nde d\u00fczenlendi. Sunumlar\u0131n ard\u0131ndan yapt\u0131klar\u0131 se\u00e7im sonucunda gen\u00e7ler, iki <img loading=\"lazy\" class=\"alignright size-medium wp-image-93281\" src=\"https:\/\/www.enerjigazetesi.ist\/wp-content\/uploads\/2019\/05\/doga-onculeri-geleceklerine-sahip-cikti1-300x200.jpg\" alt=\"\" width=\"300\" height=\"200\" srcset=\"https:\/\/www.enerjigazetesi.ist\/wp-content\/uploads\/2019\/05\/doga-onculeri-geleceklerine-sahip-cikti1-300x200.jpg 300w, https:\/\/www.enerjigazetesi.ist\/wp-content\/uploads\/2019\/05\/doga-onculeri-geleceklerine-sahip-cikti1-500x333.jpg 500w, https:\/\/www.enerjigazetesi.ist\/wp-content\/uploads\/2019\/05\/doga-onculeri-geleceklerine-sahip-cikti1-75x50.jpg 75w, https:\/\/www.enerjigazetesi.ist\/wp-content\/uploads\/2019\/05\/doga-onculeri-geleceklerine-sahip-cikti1-450x300.jpg 450w, https:\/\/www.enerjigazetesi.ist\/wp-content\/uploads\/2019\/05\/doga-onculeri-geleceklerine-sahip-cikti1.jpg 732w\" sizes=\"(max-width: 300px) 100vw, 300px\" \/>projeye birincilik \u00f6d\u00fcl\u00fc verdiler.<\/p>\n<h2>Asl\u0131 Pasinli: \u2018Gen\u00e7lerimizin hepsinde ola\u011fan\u00fcst\u00fc bir de\u011fi\u015fim g\u00fcc\u00fc var\u2019<\/h2>\n<p><strong>WWF-T\u00fcrkiye Genel M\u00fcd\u00fcr\u00fc Asl\u0131 Pasinli, <\/strong>Do\u011fa \u00d6nc\u00fcleri Gen\u00e7lik Konferans\u0131\u2019n\u0131n a\u00e7\u0131\u015f konu\u015fmas\u0131nda \u015fu ifadelere yer verdi:<\/p>\n<p>\u201cGen\u00e7lerimize tahrip edilmi\u015f bir d\u00fcnya b\u0131rakt\u0131\u011f\u0131m\u0131z i\u00e7in, biz b\u00fcy\u00fckler ad\u0131na \u00e7ok mahcubum. Ancak bug\u00fcn bizim gelece\u011fe dair \u00e7ok umutlu oldu\u011fumuz bir g\u00fcn. Gen\u00e7lerimizin hepsinde gelece\u011fimize sahip \u00e7\u0131kacak, ola\u011fan\u00fcst\u00fc bir de\u011fi\u015fimi ger\u00e7ekle\u015ftirme g\u00fcc\u00fc var. Do\u011fa kahramanlar\u0131m\u0131z\u0131n ger\u00e7ekle\u015ftirdi\u011fi b\u00fct\u00fcn bu projeler bunu bir kere daha g\u00f6sterdi. Bu, daha yolun ba\u015flang\u0131c\u0131. K\u00fc\u00e7\u00fck k\u00fc\u00e7\u00fck ad\u0131mlar bir araya gelecek ve gezegenimiz i\u00e7in \u00e7ok iyi i\u015fler ortaya \u00e7\u0131kacak. Size te\u015fekk\u00fcr ediyoruz gen\u00e7ler bize bu umudu verdi\u011finiz i\u00e7in. Yapt\u0131klar\u0131n\u0131zla bir kere daha g\u00f6sterdiniz ki gelece\u011fimize sahip \u00e7\u0131kmak birlikte m\u00fcmk\u00fcn.\u201d<\/p>\n<p><strong>WWF-T\u00fcrkiye E\u011fitim Programlar\u0131 M\u00fcd\u00fcr\u00fc Esra Turam<\/strong> ise yapt\u0131\u011f\u0131 konu\u015fmada \u015funlar\u0131 s\u00f6yledi:<\/p>\n<p>\u201cBu programa ba\u015flarken, hem gen\u00e7lerin kat\u0131l\u0131mc\u0131 olmalar\u0131n\u0131, hem de do\u011fa i\u00e7in g\u00fczel bir \u015feyler yapmalar\u0131n\u0131 istiyorduk. \u0130ki sene \u00f6nce sadece 6 okulla ve farkl\u0131 bir modelle yola \u00e7\u0131kt\u0131k. G\u00f6n\u00fcll\u00fclerimiz okullar\u0131 geziyor, e\u011fitimler veriyorlard\u0131. Sonra gen\u00e7ler bize do\u011fru yolu g\u00f6sterdiler. \u2018Bize bir \u015fey anlatmay\u0131n, b\u0131rak\u0131n biz bir \u015feyler yapal\u0131m, buna g\u00fcc\u00fcm\u00fcz var\u2019 dediler. Onlara inand\u0131k ve modelimizi de\u011fi\u015ftirdik. Gen\u00e7ler ya\u015fad\u0131klar\u0131 b\u00f6lgedeki sorunlar\u0131 tespit ettiler ve yarat\u0131c\u0131 \u00e7\u00f6z\u00fcmler geli\u015ftirip uygulamalar yapt\u0131lar. Biz de gen\u00e7lerimizle birlikte bu yolculukta \u00e7ok \u015fey \u00f6\u011frendik ve \u00e7ok keyif ald\u0131k. Anadolu\u2019nun d\u00f6rt bir k\u00f6\u015fesindeki cevherleri g\u00f6rd\u00fck.\u201d<\/p>\n<p>Hatay\u2019dan Antalya\u2019ya, \u0130zmir\u2019de Kars\u2019a kadar T\u00fcrkiye\u2019nin farkl\u0131 b\u00f6lgelerinden gelen ortaokul ve lise \u00f6\u011frencisi gen\u00e7lerin projelerini kat\u0131l\u0131mc\u0131lara sunmalar\u0131n\u0131n ard\u0131ndan, en \u00e7ok etki yaratan projeleri de yine gen\u00e7ler se\u00e7ti.<\/p>\n<p>Buna g\u00f6re, d\u00fczenledikleri <strong>Oklu Kirpiler <\/strong>projesiyle<strong> Ka\u015f \u00dcz\u00fcml\u00fc Ortaokulu <\/strong>\u00f6\u011frencileri ve <strong>Oluklu Kertenkele <\/strong>projesiyle<strong> Fo\u00e7a Recep Kerman Lisesi<\/strong> \u00f6\u011frencileri birincilik \u00f6d\u00fcl\u00fcne lay\u0131k bulundular. Birinci se\u00e7ilen projelerin sahibi gen\u00e7ler, denizlerde plastik kirlili\u011fine dikkat \u00e7ekmek i\u00e7in yelken a\u00e7an ve eyl\u00fcl ay\u0131nda \u0130stanbul\u2019a gelecek olan WWF\u2019in uluslararas\u0131 teknesi Blue Panda\u2019da \u00f6zel bir g\u00fcn ge\u00e7irecekler.<\/p>\n<h2>Do\u011fa koruma bilinci geli\u015fmi\u015f nesiller yeti\u015fiyor<\/h2>\n<p>WWF-T\u00fcrkiye\u2019nin Do\u011fa \u00d6nc\u00fcleri Gen\u00e7lik Program\u0131 kapsam\u0131nda ula\u015ft\u0131\u011f\u0131 ortaokul ve lise \u00f6\u011frencileri, kendi \u00e7evrelerindeki do\u011fa sorunlar\u0131n\u0131 tespit ediyor, buna y\u00f6nelik \u00e7\u00f6z\u00fcm \u00f6nerileriyle do\u011fa projeleri yaz\u0131p y\u00f6netiyorlar. T\u00fcrkiye\u2019de do\u011fa koruma i\u00e7in de\u011fi\u015fime \u00f6nc\u00fcl\u00fck ediyorlar.<\/p>\n<p>Do\u011fa Kahramanlar\u0131, bu program kapsam\u0131nda \u2018Yaban Hayat\u0131 Korucular\u0131\u2019, \u2018Su Melekleri\u2019, \u2018Plastik Avc\u0131lar\u0131\u2019 ve \u2018G\u0131da Sava\u015f\u00e7\u0131lar\u0131\u2019 topluluklar\u0131nda, sistem kurduklar\u0131, yenilik\u00e7i ve d\u00f6n\u00fc\u015ft\u00fcr\u00fcc\u00fc projeler \u00fcretiyorlar. Program\u0131n amac\u0131 ise do\u011fa koruma bilinci geli\u015fmi\u015f, sorunlar\u0131 \u00e7\u00f6zebilece\u011fine dair i\u00e7indeki g\u00fcc\u00fc bulan yeni nesiller yeti\u015ftirmek.<\/p>\n<p><strong>\u0130\u015eTE EN \u00c7OK ETK\u0130 YARATAN 10 YILDIZ PROJE<\/strong><\/p>\n<p><strong>Esenkent Ortaokulu\/Plastik Avc\u0131lar\u0131, \u0130stanbul<\/strong><\/p>\n<p><strong>Program amac\u0131:<\/strong>\u00a0 Velilerin , mahallelinin geri d\u00f6n\u00fc\u015f\u00fcm konusunda bilin\u00e7lenip, geri d\u00f6n\u00fc\u015f\u00fcm\u00fc bir al\u0131\u015fkanl\u0131k haline getirmesi , yayg\u0131nla\u015ft\u0131r\u0131lmas\u0131.<\/p>\n<p><strong>Program sonucu:<\/strong> Okulda y\u00fcr\u00fct\u00fclen \u2018s\u0131f\u0131r at\u0131k projesi\u2019 ve \u2018plastik avc\u0131lar\u0131 projesi\u2019 birle\u015ftirildi ve at\u0131k topland\u0131. Okula yerle\u015ftirilen elektronik, ka\u011f\u0131t, pil ve kompozit at\u0131k kutular\u0131 ile toplanan<\/p>\n<p>at\u0131klar her per\u015fembe Maltepe Belediyesi\u2019ne teslim edildi. Bu s\u00fcre\u00e7te toplanan at\u0131k miktar\u0131 2<\/p>\n<p>ton civar\u0131ndad\u0131r.<\/p>\n<p><strong>Ka\u015f Atat\u00fcrk Ortaokulu \/ Plastik Avc\u0131lar\u0131, Antalya<\/strong><\/p>\n<p><strong>Program amac\u0131:<\/strong> Su mataras\u0131 kullan\u0131m\u0131n\u0131 yayg\u0131nla\u015ft\u0131rmak ve plastik at\u0131klar\u0131n geri d\u00f6n\u00fc\u015f\u00fcme<\/p>\n<p>aktar\u0131lmas\u0131.<\/p>\n<p><strong>Program sonucu:<\/strong> Belediyeden 10 tane geri d\u00f6n\u00fc\u015f\u00fcm kutusu al\u0131nd\u0131. \u0130l\u00e7e emniyet m\u00fcd\u00fcrl\u00fc\u011f\u00fc<\/p>\n<p>ve kaymakaml\u0131k ziyaretleri yap\u0131ld\u0131. Te\u015fvik edici olunmas\u0131 amac\u0131yla, matarayla \u00f6\u011frencilere<\/p>\n<p>kampanya yap\u0131ld\u0131, \u00e7evrelerindeki 5 ki\u015fiyi plastik at\u0131k konusunda bilgilendirip okula ki\u015fi ba\u015f\u0131 5<\/p>\n<p>battal boy \u00e7\u00f6p po\u015feti dolusu plastik at\u0131k getiren ki\u015filere 1 su mataras\u0131 hediye edildi. Okul-<\/p>\n<p>belediye aras\u0131 at\u0131k toplama sistemi kuruldu.<\/p>\n<p><strong>\u00d6zel Sezin Ortaokulu \/ Papa\u011fanlar, \u0130stanbul<\/strong><\/p>\n<p><strong><em>Program amac\u0131<\/em><\/strong><em>:<\/em>\u00a0 Papa\u011fanlar pop\u00fcler bir ev hayvan\u0131 olarak g\u00f6r\u00fclseler de asl\u0131nda do\u011falar\u0131 gere\u011fi kesinlikle eve al\u0131nmamas\u0131 ile ilgili bilin\u00e7 ve fark\u0131ndal\u0131k olu\u015fturma.<\/p>\n<p><strong>Program sonucu:<\/strong>\u00a0 Haz\u0131rlan\u0131lan drama ve dans etkinli\u011fiyle 592 \u00f6\u011frenciye, 25 farkl\u0131 bran\u015flardaki \u00f6\u011fretmenlere ula\u015f\u0131ld\u0131. Daha fazla insana ula\u015fabilmek i\u00e7in haz\u0131rlanan video, \u00d6zel Sezin Okulu (@ozelsezinokulu) sosyal\u00a0 medya sayfas\u0131ndan payla\u015f\u0131ld\u0131.<\/p>\n<p><strong>Seferihisar \u00c7ocuk Belediyesi \/ Ya\u011fmur suyu ve k\u00fclden sabun, \u0130zmir<\/strong><\/p>\n<p><strong>Program amac\u0131:<\/strong> Ya\u011fmur suyu ve odun ate\u015fi k\u00fcl\u00fc ile mayalanan, do\u011fal i\u00e7erikli ev sabunu \u00fcretimi. Bu s\u00fcre\u00e7te \u00e7ocuklar, odun sobas\u0131 ya da kuzine ile \u0131s\u0131nan k\u00f6yl\u00fclere bilgi vererek, sadece me\u015fe odunu yakt\u0131klar\u0131 g\u00fcnlerde k\u00fcl\u00fc kendileri i\u00e7in biriktirmelerini istediler. Biriktirilen me\u015fe odunu k\u00fclleri, biriktirilen ya\u011fmur suyunun i\u00e7ine g\u00f6z karar\u0131 olarak eklenip 1 g\u00fcn boyunca mayalanmaya b\u0131rak\u0131ld\u0131. Odun ate\u015fi k\u00fcl\u00fc ile mayalanan ya\u011fmur sular\u0131 yak\u0131lan ate\u015fte 6 saat boyunca kaynat\u0131larak ve i\u00e7ine zeytin ya\u011f\u0131 ile taze ke\u00e7i s\u00fct\u00fc eklenerek sabun \u00fcretildi.<\/p>\n<p><strong>\u00a0<\/strong><strong>Program sonucu: <\/strong>\u0130lk uygulama sonras\u0131 elde edilen 30 kal\u0131p sabun Su Perileri projesinde yer alan \u00f6\u011frencilerimize ve Ulam\u0131\u015f K\u00f6y halk\u0131na hediye edildi. \u0130kinci uygulama sonras\u0131 elde edilen 50 kal\u0131p sabun Ulam\u0131\u015f K\u00f6y Pazar\u0131\u2019nda yer alan sergide ziyaret\u00e7ilere hediye edildi ve ziyaret\u00e7iler s\u00fcre\u00e7 hakk\u0131nda \u00e7ocuklar\u0131m\u0131z taraf\u0131ndan bilgilendirildi. \u00dc\u00e7\u00fcnc\u00fc uygulama sonras\u0131 elde edilen 80 kal\u0131p sabun Ulam\u0131\u015f K\u00f6y Pazar\u0131\u2019nda yer alan k\u00f6yl\u00fc tezgahlar\u0131na da\u011f\u0131t\u0131larak sat\u0131lmas\u0131 istendi. Sat\u0131\u015f sonras\u0131 elde edilen gelirle, ekip karar\u0131yla 20 kilo kuru mama al\u0131narak, Ulam\u0131\u015f K\u00f6y\u00fc\u2019nde belirli yerlere yerle\u015ftirilen mama istasyonlar\u0131na her g\u00fcn bir par\u00e7a olmak \u00fczere da\u011f\u0131t\u0131ld\u0131.<\/p>\n<p><strong>Ka\u015f \u00dcz\u00fcml\u00fc Ortaokulu \/ Oklu Kirpiler, Antalya<\/strong><\/p>\n<p><strong>Program amac\u0131:<\/strong> Nesli t\u00fckenme tehlikesi ile kar\u015f\u0131 kar\u015f\u0131ya olan oklu kirpilerin, trafi\u011fe a\u00e7\u0131k alanlarda s\u00fcr\u00fcc\u00fclerin dikkatsizli\u011fi sonucu ara\u00e7lar taraf\u0131ndan ezilme sonucu \u00f6lmeleri sorununa \u00e7\u00f6z\u00fcm bulmak<\/p>\n<p><strong>Program sonucu:<\/strong> Ara\u00e7lar taraf\u0131ndan ezilerek hayat\u0131n\u0131 kaybeden oklu kirpi bireyleri say\u0131s\u0131nda<\/p>\n<p>b\u00fcy\u00fck \u00f6l\u00e7\u00fcde azalma oldu. Proje i\u00e7in belirlenen alanlara levha yerle\u015ftirmeden \u00f6nce 1 ay i\u00e7erisinde 9(dokuz) ezilmi\u015f oklu kirpi belirlendi\u011fi halde,levha \u00e7al\u0131\u015fmas\u0131n\u0131n ard\u0131ndan bunun 1<\/p>\n<p>ayl\u0131k s\u00fcre i\u00e7erisinde 2(iki) rakam\u0131na indi\u011fi belirlendi.<\/p>\n<p><strong>Ye\u015filp\u0131nar Ortaokulu \/ Plastik Avc\u0131lar\u0131, Hatay<\/strong><\/p>\n<p><strong>Program amac\u0131:<\/strong> \u0130nsanlar\u0131n plastik tehdidi kar\u015f\u0131s\u0131nda harekete ge\u00e7mesini hedefleme. Bu konuda e\u011fitim verilmesi ve g\u00fcnl\u00fck hayatlar\u0131nda plastik malzemeye alternatif \u00fcr\u00fcnler bulamad\u0131klar\u0131nda kulland\u0131klar\u0131 \u00fcr\u00fcn\u00fcn plastik at\u0131\u011f\u0131n\u0131 ayr\u0131\u015ft\u0131rmay\u0131 \u00f6\u011fretme. Bunu prati\u011fe Ve al\u0131\u015fkanl\u0131\u011fa d\u00f6n\u00fc\u015ft\u00fcrme ve at\u0131klar\u0131 at\u0131k getirme tesisine ula\u015ft\u0131rma.<\/p>\n<p><strong>Program sonucu:<\/strong> Kantinlerdeki pipet kullan\u0131m\u0131 en aza indirgendi.Bayram yemekleri ve davetlerde tek kullan\u0131ml\u0131k plastik \u00fcr\u00fcnler yerine \u00a0\u00e7ocuklar da sorumluluk al\u0131p bula\u015f\u0131klar\u0131 y\u0131kad\u0131lar.\u00a0 B\u00f6ylece hem bayram yeme\u011fine gelen misafirlere konu hakk\u0131nda bilgi verildi, hem de \u00a05000 civar\u0131nda k\u00f6p\u00fck tabak, bardak ve \u00e7atal\u0131n kullan\u0131lmas\u0131na engel olundu. 50 evde geri d\u00f6n\u00fc\u015f\u00fcm al\u0131\u015fkanl\u0131\u011f\u0131\u00a0\u00a0\u00a0\u00a0\u00a0\u00a0\u00a0\u00a0\u00a0\u00a0 kazan\u0131ld\u0131. Okuldaki geri d\u00f6n\u00fc\u015f\u00fcm kutusuna gelen at\u0131klar belediye yetkilisine teslim edildi. Kas\u0131m-nisan aylar\u0131 aras\u0131nda okuldan 1600 kg civar\u0131nda plastik at\u0131k teslim edildi. Ye\u015filp\u0131nar mahallesindeki 2 ilkokula ve anas\u0131n\u0131f\u0131na geri d\u00f6n\u00fc\u015f\u00fcm kutular\u0131 yerle\u015ftirildi. Belediye yetkilisi bu kutulardan aral\u0131k &#8211; nisan ay\u0131 boyunca toplamda yakla\u015f\u0131k 2000 kg plastic at\u0131\u011f\u0131n geri d\u00f6n\u00fc\u015f\u00fcme kazand\u0131r\u0131ld\u0131\u011f\u0131n\u0131 belirtti.<\/p>\n<p><strong>Fo\u00e7a Recep Kerman Lisesi \/ Oluklu Kertenkele, \u0130zmir<\/strong><\/p>\n<p><strong>Program\u0131n amac\u0131:<\/strong> \u00c7evrede bulunan 5 \u00a0k\u00f6yde oluklu kertenkeler hakk\u0131nda bilgi verme Fo\u00e7a ve Yeni Fo\u00e7a da bulunan okullarda ki \u00f6\u011frenciler i\u00e7in program haz\u0131rlan\u0131p oluklu kertenkelenin nas\u0131l bir hayvan oldu\u011fu ve neden korunmas\u0131 gerekti\u011fiyle ilgili bilgi verilmesi.<\/p>\n<p><strong>Program\u0131n sonucu:<\/strong> 3 kahvehanede 200 ki\u015fiye ula\u015f\u0131ld\u0131. Anons, bro\u015f\u00fcr, afi\u015f ve bilgi vermeyle civardan ve \u00e7evre k\u00f6ylerden 650 ki\u015fiye ula\u015f\u0131ld\u0131. Bu k\u00f6yler aras\u0131nda; Gerenk\u00f6y, Ba\u011faras\u0131, Kozbeyli, Yeni Fo\u00e7a ve Il\u0131p\u0131nar var.<\/p>\n<p><strong>Saint Pulcherie Lisesi \/ G\u0131da At\u0131\u011f\u0131<\/strong><\/p>\n<p><strong>Program amac\u0131: <\/strong>G\u0131da t\u00fcketiminde yap\u0131lan israf\u0131 insanlar\u0131n hayr\u0131na d\u00f6n\u00fc\u015febilecek bir \u00a0projeye d\u00f6n\u00fc\u015ft\u00fcrmek.<\/p>\n<p><strong>Program sonucu: <\/strong>Sokak Lambas\u0131 Derne\u011fi ile ileti\u015fime ge\u00e7ildi. Okuldaki catering firmas\u0131 ile konu\u015fuldu ve meyve ve kapal\u0131 ekmek gibi olan yiyecekler, her cuma ak\u015fam\u0131 derne\u011fe teslim edildi, b\u00f6lgedeki evsizlere da\u011f\u0131t\u0131lmas\u0131 sa\u011fland\u0131. Projenin ikinci a\u015famas\u0131nda Beyo\u011flu\u2019nda bulunan di\u011fer okullar\u0131n da sisteme dahil edilmesi planlan\u0131yor.<\/p>\n<p><strong>Sarayk\u00f6y Anadolu Lisesi \/ Salda G\u00f6l\u00fc<\/strong><\/p>\n<p><strong>Program amac\u0131:<\/strong> Salda G\u00f6l\u00fc\u2019n\u00fcn daha temiz ve endemik canl\u0131lar i\u00e7in daha ya\u015fan\u0131labilir bir yer olmas\u0131.<\/p>\n<p><strong>Program sonucu:<\/strong>\u00a0 Kermes ile kaynak geli\u015ftirme yap\u0131ld\u0131. Belediye ba\u015fkan\u0131 ziyaret edildi. Belediye \u00e7al\u0131\u015fanlar\u0131yla uyar\u0131 levhalar\u0131 dikimi yap\u0131ld\u0131. Sonu\u00e7ta daha az insan\u0131n b\u00f6lgeye \u00a0ayakkab\u0131yla girdi\u011fi g\u00f6zlemlendi.<\/p>\n<p><strong>Sarayk\u00f6y Lise ve Ortaokullar (6 Okul) \/ At\u0131k Ya\u011flar<\/strong><\/p>\n<p><strong>Program amac\u0131<\/strong>: Okullar kanal\u0131yla veli ve \u00f6\u011frencilerde at\u0131k ya\u011f konusuyla ilgili fark\u0131ndal\u0131k yaratma ve bu ya\u011flar\u0131n i\u00e7me suyuna kar\u0131\u015fmas\u0131na engel olma.<\/p>\n<p><strong>Program sonucu:<\/strong> 5 farkl\u0131 okulda at\u0131k ya\u011f toplama merkezine d\u00f6n\u00fc\u015ft\u00fcr\u00fcld\u00fc, sonucunda 185<\/p>\n<p>litre at\u0131k ya\u011f\u00a0 elde edildi. 20 okula ve 4.200 \u00f6\u011frenciye sunumlar yap\u0131larak ula\u015f\u0131ld\u0131. Toplanan at\u0131klar geri d\u00f6n\u00fc\u015f\u00fcm firmas\u0131na iletilerek okula kaynak sa\u011fland\u0131.<\/p>","protected":false},"excerpt":{"rendered":"<p>Sorry, this entry is only available in Turkish. For the sake of viewer convenience, the content is shown below in the alternative language. You may click the link to switch the active language. WWF-T\u00fcrkiye\u2019nin Do\u011fa \u00d6nc\u00fcleri Gen\u00e7lik Program\u0131 kapsam\u0131nda do\u011fa koruma projeleri y\u00fcr\u00fcten ortaokul ve lise \u00f6\u011frencileri, d\u00fcn \u0130stanbul\u2019da bir araya geldi. Hatay\u2019dan Antalya\u2019ya, \u0130zmir\u2019den [&hellip;]<\/p>\n","protected":false},"author":1,"featured_media":93281,"comment_status":"open","ping_status":"open","sticky":false,"template":"","format":"standard","meta":[],"categories":[53],"tags":[5201,33408,5446,51362,51360,51361,51358,1827,67,1009,51359,5630,1967,2689,4992,687],"views":960,"_links":{"self":[{"href":"https:\/\/www.enerjigazetesi.ist\/en\/wp-json\/wp\/v2\/posts\/93279"}],"collection":[{"href":"https:\/\/www.enerjigazetesi.ist\/en\/wp-json\/wp\/v2\/posts"}],"about":[{"href":"https:\/\/www.enerjigazetesi.ist\/en\/wp-json\/wp\/v2\/types\/post"}],"author":[{"embeddable":true,"href":"https:\/\/www.enerjigazetesi.ist\/en\/wp-json\/wp\/v2\/users\/1"}],"replies":[{"embeddable":true,"href":"https:\/\/www.enerjigazetesi.ist\/en\/wp-json\/wp\/v2\/comments?post=93279"}],"version-history":[{"count":0,"href":"https:\/\/www.enerjigazetesi.ist\/en\/wp-json\/wp\/v2\/posts\/93279\/revisions"}],"wp:featuredmedia":[{"embeddable":true,"href":"https:\/\/www.enerjigazetesi.ist\/en\/wp-json\/wp\/v2\/media\/93281"}],"wp:attachment":[{"href":"https:\/\/www.enerjigazetesi.ist\/en\/wp-json\/wp\/v2\/media?parent=93279"}],"wp:term":[{"taxonomy":"category","embeddable":true,"href":"https:\/\/www.enerjigazetesi.ist\/en\/wp-json\/wp\/v2\/categories?post=93279"},{"taxonomy":"post_tag","embeddable":true,"href":"https:\/\/www.enerjigazetesi.ist\/en\/wp-json\/wp\/v2\/tags?post=93279"}],"curies":[{"name":"wp","href":"https:\/\/api.w.org\/{rel}","templated":true}]}}