{"id":9322,"date":"2013-04-07T11:30:33","date_gmt":"2013-04-07T08:30:33","guid":{"rendered":"https:\/\/www.enerjigazetesi.ist\/?p=9322"},"modified":"2013-04-07T12:31:02","modified_gmt":"2013-04-07T09:31:02","slug":"cocuklara-cevre-bilinci-anlatiliyor","status":"publish","type":"post","link":"https:\/\/www.enerjigazetesi.ist\/en\/cocuklara-cevre-bilinci-anlatiliyor\/","title":{"rendered":"(Turkish) \u00c7ocuklara \u00c7evre Bilinci Anlat\u0131l\u0131yor&#8230;"},"content":{"rendered":"<p class=\"qtranxs-available-languages-message qtranxs-available-languages-message-en\">Sorry, this entry is only available in <a href=\"https:\/\/www.enerjigazetesi.ist\/tr\/wp-json\/wp\/v2\/posts\/9322\" class=\"qtranxs-available-language-link qtranxs-available-language-link-tr\" title=\"Turkish\">Turkish<\/a>. For the sake of viewer convenience, the content is shown below in the alternative language. You may click the link to switch the active language.<\/p><p><strong>Adapazar\u0131 Belediyesi, \u00e7ocuklara \u00e7evre ve kentlilik bilincini \u00e7izgi film karakterleriyle anlatacak.<\/strong><\/p>\n<p>Adapazar\u0131 Belediyesi&#8217;nce haz\u0131rlanan &#8220;G\u00fczel Adam\u0131z \u0130\u00e7in Kentlilik ve \u00c7evre Bilinci Olu\u015fturma E\u011fitim Projesi&#8221;nin tan\u0131t\u0131m\u0131 Elmas Otel&#8217;de yap\u0131ld\u0131. Adapazar\u0131 Belediye Ba\u015fkan\u0131 S\u00fcleyman Di\u015fli, belediye taraf\u0131ndan yap\u0131lan hizmetlerin ya\u015fat\u0131lmas\u0131n\u0131n \u00f6nemli bir g\u00f6rev oldu\u011funu s\u00f6yledi. Yeni yol ve parklar yapt\u0131klar\u0131n\u0131 ancak bunlar\u0131n k\u0131sa s\u00fcrede zarar g\u00f6rd\u00fc\u011f\u00fcn\u00fc kaydeden Di\u015fli; &#8220;Maalesef tahribattan dolay\u0131 harcad\u0131\u011f\u0131m\u0131z para \u00e7ok fazla. \u0130stiyoruz ki, insanlar\u0131m\u0131z hizmetten 3-5 sene istifade etsinler. Parklar\u0131 korumak i\u00e7in b\u00fcy\u00fck \u00e7aba sarf ediyoruz. Ancak ne kadar \u00f6nmelmde alsak \u00f6n\u00fcne ge\u00e7emiyoruz. Yapt\u0131\u011f\u0131m\u0131z parklar\u0131n 2-3 ay i\u00e7inde k\u0131r\u0131lmaya ba\u015flanmas\u0131 bizi \u00fcz\u00fcyor. Ge\u00e7en sene parklarda ki tahribatlar i\u00e7in harcad\u0131\u011f\u0131m\u0131z para yakla\u015f\u0131k 700 bin lira&#8221; dedi.<\/p>\n<p>\u00c7ocuklarda \u00e7evre bilinci olu\u015fturmak amac\u0131yla kitaplar bast\u0131rd\u0131klar\u0131n\u0131 kaydeden Di\u015fli, \u015funlar\u0131 s\u00f6yledi; &#8220;\u00d6\u011fretmenlerimize <a href=\"https:\/\/www.enerjigazetesi.ist\/wp-content\/uploads\/2013\/04\/cocuk-lara-cevre-bilinci-anlatiliyor.jpg\"><img loading=\"lazy\" class=\"alignright size-medium wp-image-9323\" title=\"cocuk-lara-cevre-bilinci-anlatiliyor\" src=\"https:\/\/www.enerjigazetesi.ist\/wp-content\/uploads\/2013\/04\/cocuk-lara-cevre-bilinci-anlatiliyor-300x197.jpg\" alt=\"\" width=\"300\" height=\"197\" srcset=\"https:\/\/www.enerjigazetesi.ist\/wp-content\/uploads\/2013\/04\/cocuk-lara-cevre-bilinci-anlatiliyor-300x197.jpg 300w, https:\/\/www.enerjigazetesi.ist\/wp-content\/uploads\/2013\/04\/cocuk-lara-cevre-bilinci-anlatiliyor-75x50.jpg 75w, https:\/\/www.enerjigazetesi.ist\/wp-content\/uploads\/2013\/04\/cocuk-lara-cevre-bilinci-anlatiliyor.jpg 442w\" sizes=\"(max-width: 300px) 100vw, 300px\" \/><\/a>bu konuda inan\u0131yorum. E\u011fer t\u00fcm bu kitapta anlat\u0131lanlara uyarsak belki de kaybolan bo\u015fa harcanan de\u011ferler ekonomiye d\u00f6ner. Bu projede Milli E\u011fitimle ortak hareket etmek gerekti\u011fini d\u00fc\u015f\u00fcn\u00fcyorum. Projeyi tabana yayg\u0131nla\u015ft\u0131r\u0131rsak ekonomiye \u00e7ok b\u00fcy\u00fck katk\u0131lar sa\u011flayaca\u011f\u0131m\u0131za inan\u0131yorum. \u00c7\u00fcnk\u00fc tahribatlar\u0131n bedellerini hesaplad\u0131\u011f\u0131m\u0131zda \u00e7ok ciddi rakamlar ortaya \u00e7\u0131k\u0131yor. Yeni nesile bu bilinci a\u015f\u0131lamal\u0131y\u0131z.&#8221;<\/p>\n<p>Adapazar\u0131 \u0130l\u00e7e Milli E\u011fitim M\u00fcd\u00fcr\u00fc Ziya Cevherli ise Sakarya&#8217;n\u0131n en b\u00fcy\u00fck il\u00e7esinin Adapazar\u0131 oldu\u011funu ifade ederek; &#8220;60 bin \u00f6\u011frencisi olan bir il\u00e7e. B\u00fcy\u00fck il\u00e7elerin beraberinde getirdi\u011fi problemler de vard\u0131r. Belediyenin bu projesini \u00f6nemsiyorum. Kamu mallar\u0131na verilen zararlar\u0131n azalt\u0131lmas\u0131 laz\u0131m. Projenin \u00e7ok faydal\u0131 olaca\u011f\u0131na inan\u0131yorum.&#8221; diye konu\u015ftu.<\/p>\n<p>Marmara \u00dcniversitesi T\u0131p Fak\u00fcltesi \u00d6\u011fretim \u00dcyesi Prof.Dr. Kemal Sayar da programda &#8220;Modern D\u00fcnya \u015eehirle\u015fme ve Ruh Sa\u011fl\u0131\u011f\u0131&#8221;konulu sunum yapt\u0131. Her \u015feyin yol ve park yapmak olmad\u0131\u011f\u0131n\u0131 insan altyap\u0131s\u0131n\u0131n da \u00f6nemli oldu\u011funu ifade eden Sayar, \u015funlar\u0131 kaydetti; &#8220;Toplum aras\u0131ndaki g\u00fcven \u00e7ok \u00f6nemli. Sakarya \u00e7ok g\u00f6\u00e7 alan bir \u015fehir. \u00c7ok g\u00f6\u00e7 alan bir \u015fehirde \u015fehirle\u015fme zor olur. Herkes bulundu\u011fu ilde bir dernek a\u00e7arak ya\u015famaya \u00e7al\u0131\u015f\u0131yor. Bunun sebebi de derneklerini daha g\u00fcvenli bulmalar\u0131ndan kaynaklan\u0131yor.&#8221;<\/p>\n<p>Proje kapsam\u0131nda \u00e7ocuklara kentlilik bilinci \u00e7izgi film karakterleriyle anlat\u0131lacak. Bu kapsam\u0131nda bast\u0131r\u0131lan 20 bin adet kitap okullara \u00fccretsiz olarak da\u011f\u0131t\u0131lacak.<\/p>\n<p>Kaynak: <a href=\"http:\/\/www.energyworld.com.tr\/root.vol?title=cocuklara-cevre-bilinci-anlatiliyor&amp;exec=page&amp;nid=523937\" target=\"_blank\">Energy World<\/a><\/p>","protected":false},"excerpt":{"rendered":"<p>Sorry, this entry is only available in Turkish. For the sake of viewer convenience, the content is shown below in the alternative language. You may click the link to switch the active language.Adapazar\u0131 Belediyesi, \u00e7ocuklara \u00e7evre ve kentlilik bilincini \u00e7izgi film karakterleriyle anlatacak. Adapazar\u0131 Belediyesi&#8217;nce haz\u0131rlanan &#8220;G\u00fczel Adam\u0131z \u0130\u00e7in Kentlilik ve \u00c7evre Bilinci Olu\u015fturma E\u011fitim [&hellip;]<\/p>\n","protected":false},"author":1,"featured_media":9323,"comment_status":"open","ping_status":"open","sticky":false,"template":"","format":"standard","meta":[],"categories":[53],"tags":[4242,4241,4243,67],"views":1421,"_links":{"self":[{"href":"https:\/\/www.enerjigazetesi.ist\/en\/wp-json\/wp\/v2\/posts\/9322"}],"collection":[{"href":"https:\/\/www.enerjigazetesi.ist\/en\/wp-json\/wp\/v2\/posts"}],"about":[{"href":"https:\/\/www.enerjigazetesi.ist\/en\/wp-json\/wp\/v2\/types\/post"}],"author":[{"embeddable":true,"href":"https:\/\/www.enerjigazetesi.ist\/en\/wp-json\/wp\/v2\/users\/1"}],"replies":[{"embeddable":true,"href":"https:\/\/www.enerjigazetesi.ist\/en\/wp-json\/wp\/v2\/comments?post=9322"}],"version-history":[{"count":2,"href":"https:\/\/www.enerjigazetesi.ist\/en\/wp-json\/wp\/v2\/posts\/9322\/revisions"}],"predecessor-version":[{"id":9325,"href":"https:\/\/www.enerjigazetesi.ist\/en\/wp-json\/wp\/v2\/posts\/9322\/revisions\/9325"}],"wp:featuredmedia":[{"embeddable":true,"href":"https:\/\/www.enerjigazetesi.ist\/en\/wp-json\/wp\/v2\/media\/9323"}],"wp:attachment":[{"href":"https:\/\/www.enerjigazetesi.ist\/en\/wp-json\/wp\/v2\/media?parent=9322"}],"wp:term":[{"taxonomy":"category","embeddable":true,"href":"https:\/\/www.enerjigazetesi.ist\/en\/wp-json\/wp\/v2\/categories?post=9322"},{"taxonomy":"post_tag","embeddable":true,"href":"https:\/\/www.enerjigazetesi.ist\/en\/wp-json\/wp\/v2\/tags?post=9322"}],"curies":[{"name":"wp","href":"https:\/\/api.w.org\/{rel}","templated":true}]}}