{"id":93211,"date":"2019-05-24T13:35:55","date_gmt":"2019-05-24T10:35:55","guid":{"rendered":"https:\/\/www.enerjigazetesi.ist\/?p=93211"},"modified":"2019-05-24T13:49:28","modified_gmt":"2019-05-24T10:49:28","slug":"sedastan-kandira-sahillerinde-enerji-verme-mucadelesi","status":"publish","type":"post","link":"https:\/\/www.enerjigazetesi.ist\/en\/sedastan-kandira-sahillerinde-enerji-verme-mucadelesi\/","title":{"rendered":"(Turkish) SEDA\u015e\u2019tan Kand\u0131ra Sahillerinde Enerji Verme M\u00fccadelesi"},"content":{"rendered":"<p class=\"qtranxs-available-languages-message qtranxs-available-languages-message-en\">Sorry, this entry is only available in <a href=\"https:\/\/www.enerjigazetesi.ist\/tr\/wp-json\/wp\/v2\/posts\/93211\" class=\"qtranxs-available-language-link qtranxs-available-language-link-tr\" title=\"Turkish\">Turkish<\/a>. For the sake of viewer convenience, the content is shown below in the alternative language. You may click the link to switch the active language.<\/p><p><\/p>\n<h1>Meteoroloji&#8217;nin uyar\u0131s\u0131n\u0131 yapt\u0131\u011f\u0131 kuvvetli ya\u011f\u0131\u015f ve f\u0131rt\u0131na, sabah saatlerinde \u00f6zellikle kendini Kand\u0131ra sahillerinde hissettirdi. Sabah saatlerinde de g\u00f6k g\u00fcr\u00fclt\u00fcl\u00fc ve sa\u011fanak \u015feklinde devam eden ya\u011f\u0131\u015fla birlikte ( 90-100 km\/saat) kuvvetle esen f\u0131rt\u0131na \u00e7at\u0131lar\u0131n u\u00e7mas\u0131na, a\u011fa\u00e7lar\u0131n y\u0131k\u0131lmas\u0131 ile elektrik \u015febekesinin zarar g\u00f6rmesine neden oldu.<\/h1>\n<p>Kand\u0131ra il\u00e7e merkezinde hava muhalefetinin olumsuz bir etkisi olmaz iken Karadeniz sahil \u015feridinde\u00a0 <img loading=\"lazy\" class=\"alignright wp-image-93213 size-medium\" src=\"https:\/\/www.enerjigazetesi.ist\/wp-content\/uploads\/2019\/05\/sedastan-kandira-sahillerinde-enerji-verme-mucadelesi-300x190.jpg\" alt=\"\" width=\"300\" height=\"190\" srcset=\"https:\/\/www.enerjigazetesi.ist\/wp-content\/uploads\/2019\/05\/sedastan-kandira-sahillerinde-enerji-verme-mucadelesi-300x190.jpg 300w, https:\/\/www.enerjigazetesi.ist\/wp-content\/uploads\/2019\/05\/sedastan-kandira-sahillerinde-enerji-verme-mucadelesi-768x485.jpg 768w, https:\/\/www.enerjigazetesi.ist\/wp-content\/uploads\/2019\/05\/sedastan-kandira-sahillerinde-enerji-verme-mucadelesi-500x316.jpg 500w, https:\/\/www.enerjigazetesi.ist\/wp-content\/uploads\/2019\/05\/sedastan-kandira-sahillerinde-enerji-verme-mucadelesi-80x50.jpg 80w, https:\/\/www.enerjigazetesi.ist\/wp-content\/uploads\/2019\/05\/sedastan-kandira-sahillerinde-enerji-verme-mucadelesi.jpg 772w\" sizes=\"(max-width: 300px) 100vw, 300px\" \/>ya\u011f\u0131\u015f ve f\u0131rt\u0131na SEDA\u015e ekiplerini alarma ge\u00e7irdi. SEDA\u015e Ekipleri elektrik enerjisini bir an \u00f6nce verebilmek amac\u0131yla t\u00fcm gayreti ile sahada m\u00fccadele etti.<\/p>\n<h2>SEDA\u015e EK\u0130PLER\u0130 TEYAKKUZDA<\/h2>\n<p>Meteorolojinin uyar\u0131lar\u0131n\u0131 dikkate alarak haz\u0131rl\u0131\u011f\u0131n\u0131 yapan SEDA\u015e Kand\u0131ra \u0130\u015fletme Bak\u0131m Ekipleri, olu\u015fan hasarlar\u0131n giderilmesi i\u00e7in t\u00fcm ekipleri ile sahada yer al\u0131rken, Alo 186 \u00e7a\u011fr\u0131 merkezinden gelen ihbarlar i\u00e7in de seferber oldu.\u00a0 Kand\u0131ra b\u00f6lgesinde sabah saat 06.30 s\u0131ralar\u0131nda ba\u015flayan ve \u00f6zellikle sahil k\u0131s\u0131mlar\u0131n\u0131 etkileyen etkili ya\u011f\u0131\u015f ve f\u0131rt\u0131na sonucu bir \u00e7ok a\u011fa\u00e7 devrilmesi ve bina \u00e7at\u0131lar\u0131n\u0131n u\u00e7mas\u0131 nedeniyle Ba\u011f\u0131rganl\u0131 elektrik \u015febekesinde\u00a0 ve Sar\u0131su da\u011f\u0131t\u0131m hatlar\u0131 (34 bin 500 voltluk) orta gerilim \u015febekesinde\u00a0 iletken kopukluklar\u0131, Kefken, Kerpe ve di\u011fer sahil b\u00f6lgelerinde yer yer (400 Voltluk) al\u00e7ak gerilim \u015febekesinde de iletken kopmalar\u0131 meydana geldi. SEDA\u015e \u0130\u015fletme Bak\u0131m\u00a0 Ekipleri organize olarak, sabah saatlerinde ba\u015flad\u0131klar\u0131 \u00e7al\u0131\u015fmalar\u0131\u00a0 t\u00fcm h\u0131z\u0131yla s\u00fcrd\u00fcrerek, ar\u0131zalar\u0131n giderilmesi ve abonelere enerji verilebilmesi i\u00e7in \u015febekede ger\u00e7ekle\u015ftirdikleri m\u00fccadeleyi s\u00fcrd\u00fcrd\u00fcler.<\/p>\n<h2>Y\u00dcZLERCE HASAR OLU\u015eTU<\/h2>\n<p>Ak\u0131nc\u0131 Trafo Kabini ile Ak\u00e7aova\u00a0 enerji \u00e7\u0131k\u0131\u015f\u0131nda da olu\u015fan hasarlar nedeniyle SEDA\u015e bu hattan beslenen abonelere enerji vermek i\u00e7in b\u00fcy\u00fck bir m\u00fccadele verdi. \u015eebekede orta gerilim ana hatlar\u0131nda b\u00fcy\u00fck hasarlar olu\u015furken, al\u00e7ak gerilim abone ba\u011flant\u0131lar\u0131nda da y\u00fczlerce hasar ve bunlara ba\u011fl\u0131 olarak ar\u0131zalar meydana geldi\u011fi\u00a0 belirlendi.<\/p>","protected":false},"excerpt":{"rendered":"<p>Sorry, this entry is only available in Turkish. For the sake of viewer convenience, the content is shown below in the alternative language. You may click the link to switch the active language. Meteoroloji&#8217;nin uyar\u0131s\u0131n\u0131 yapt\u0131\u011f\u0131 kuvvetli ya\u011f\u0131\u015f ve f\u0131rt\u0131na, sabah saatlerinde \u00f6zellikle kendini Kand\u0131ra sahillerinde hissettirdi. Sabah saatlerinde de g\u00f6k g\u00fcr\u00fclt\u00fcl\u00fc ve sa\u011fanak \u015feklinde [&hellip;]<\/p>\n","protected":false},"author":1,"featured_media":93214,"comment_status":"open","ping_status":"open","sticky":false,"template":"","format":"standard","meta":[],"categories":[51,53],"tags":[51303,51296,51297,34979,19638,34980,26353,67,1009,48215,51299,51300,14864,51301,51298,51294,51302,51295],"views":980,"_links":{"self":[{"href":"https:\/\/www.enerjigazetesi.ist\/en\/wp-json\/wp\/v2\/posts\/93211"}],"collection":[{"href":"https:\/\/www.enerjigazetesi.ist\/en\/wp-json\/wp\/v2\/posts"}],"about":[{"href":"https:\/\/www.enerjigazetesi.ist\/en\/wp-json\/wp\/v2\/types\/post"}],"author":[{"embeddable":true,"href":"https:\/\/www.enerjigazetesi.ist\/en\/wp-json\/wp\/v2\/users\/1"}],"replies":[{"embeddable":true,"href":"https:\/\/www.enerjigazetesi.ist\/en\/wp-json\/wp\/v2\/comments?post=93211"}],"version-history":[{"count":0,"href":"https:\/\/www.enerjigazetesi.ist\/en\/wp-json\/wp\/v2\/posts\/93211\/revisions"}],"wp:featuredmedia":[{"embeddable":true,"href":"https:\/\/www.enerjigazetesi.ist\/en\/wp-json\/wp\/v2\/media\/93214"}],"wp:attachment":[{"href":"https:\/\/www.enerjigazetesi.ist\/en\/wp-json\/wp\/v2\/media?parent=93211"}],"wp:term":[{"taxonomy":"category","embeddable":true,"href":"https:\/\/www.enerjigazetesi.ist\/en\/wp-json\/wp\/v2\/categories?post=93211"},{"taxonomy":"post_tag","embeddable":true,"href":"https:\/\/www.enerjigazetesi.ist\/en\/wp-json\/wp\/v2\/tags?post=93211"}],"curies":[{"name":"wp","href":"https:\/\/api.w.org\/{rel}","templated":true}]}}