{"id":93008,"date":"2019-05-21T09:11:53","date_gmt":"2019-05-21T06:11:53","guid":{"rendered":"https:\/\/www.enerjigazetesi.ist\/?p=93008"},"modified":"2019-05-21T09:16:33","modified_gmt":"2019-05-21T06:16:33","slug":"yerli-petrol-ve-gaz-uretimi-gercekten-artiyor-mu","status":"publish","type":"post","link":"https:\/\/www.enerjigazetesi.ist\/en\/yerli-petrol-ve-gaz-uretimi-gercekten-artiyor-mu\/","title":{"rendered":"(Turkish) Yerli Petrol ve Gaz \u00dcretimi Ger\u00e7ekten Art\u0131yor mu?"},"content":{"rendered":"<p class=\"qtranxs-available-languages-message qtranxs-available-languages-message-en\">Sorry, this entry is only available in <a href=\"https:\/\/www.enerjigazetesi.ist\/tr\/wp-json\/wp\/v2\/posts\/93008\" class=\"qtranxs-available-language-link qtranxs-available-language-link-tr\" title=\"Turkish\">Turkish<\/a>. For the sake of viewer convenience, the content is shown below in the alternative language. You may click the link to switch the active language.<\/p><p><\/p>\n<h1>Her se\u00e7im d\u00f6nemi \u00f6ncesinde yeni rezervler bulundu \u015feklinde bas\u0131nda haberleri s\u0131kl\u0131kla duymaktay\u0131z. Kamuoyu da bu haberleri inand\u0131r\u0131c\u0131 bulman\u0131n \u00f6tesinde \u00f6nce sonu\u00e7lar\u0131n\u0131 g\u00f6rmek ister. Bu raporda uluslararas\u0131 veri setlerinden T\u00fcrkiye\u2019nin petrol ve do\u011falgaz \u00fcretiminin ger\u00e7ekten art\u0131p artmad\u0131\u011f\u0131 incelenmi\u015ftir.<\/h1>\n<p><img loading=\"lazy\" class=\"alignright size-medium wp-image-93010\" src=\"https:\/\/www.enerjigazetesi.ist\/wp-content\/uploads\/2019\/05\/yerli-petrol-ve-gaz-uretimi-gercekten-artiyor-mu-300x176.jpg\" alt=\"\" width=\"300\" height=\"176\" srcset=\"https:\/\/www.enerjigazetesi.ist\/wp-content\/uploads\/2019\/05\/yerli-petrol-ve-gaz-uretimi-gercekten-artiyor-mu-300x176.jpg 300w, https:\/\/www.enerjigazetesi.ist\/wp-content\/uploads\/2019\/05\/yerli-petrol-ve-gaz-uretimi-gercekten-artiyor-mu-500x293.jpg 500w, https:\/\/www.enerjigazetesi.ist\/wp-content\/uploads\/2019\/05\/yerli-petrol-ve-gaz-uretimi-gercekten-artiyor-mu-80x47.jpg 80w, https:\/\/www.enerjigazetesi.ist\/wp-content\/uploads\/2019\/05\/yerli-petrol-ve-gaz-uretimi-gercekten-artiyor-mu.jpg 670w\" sizes=\"(max-width: 300px) 100vw, 300px\" \/>Uluslararas\u0131 Enerji Ajans\u0131\u2019n\u0131n da kulland\u0131\u011f\u0131 veri seti olan JODI (jodidb.org) adresinden al\u0131nan petrol ve do\u011falgaz \u00fcretim rakamlar\u0131 g\u00f6sterilmektedir. Do\u011falgaz \u00fcretimi i\u00e7in 2018 Aral\u0131k ay\u0131nda yast\u0131k gaz\u0131n\u0131n el de\u011fi\u015ftirmesi ilgili teknik bir husustan dolay\u0131, 80 mcm (milyon metre k\u00fcp) bir fazlal\u0131k oldu\u011fu g\u00f6r\u00fclm\u00fc\u015ft\u00fcr. Bu sebeple do\u011falgaz \u00fcretiminde Aral\u0131k ay\u0131ndaki 122 mcm rakam\u0131, 42 mcm olarak revize edilmi\u015ftir.<\/p>\n<p>\u00dcretim art\u0131yor-azal\u0131yor demek yerine bunun talebin ne kadar\u0131n\u0131 kar\u015f\u0131lad\u0131\u011f\u0131n\u0131 sormak da \u00e7ok \u00f6nemlidir. Bu sebeple iki veri birlikte verilmektedir.<\/p>\n<p><a href=\"https:\/\/www.dunyaenerji.org.tr\/wp-content\/uploads\/2019\/05\/Q40-1.jpg\"><img loading=\"lazy\" class=\"aligncenter size-full wp-image-13378\" src=\"https:\/\/www.dunyaenerji.org.tr\/wp-content\/uploads\/2019\/05\/Q40-1.jpg\" sizes=\"(max-width: 618px) 100vw, 618px\" srcset=\"https:\/\/www.dunyaenerji.org.tr\/wp-content\/uploads\/2019\/05\/Q40-1.jpg 618w, https:\/\/www.dunyaenerji.org.tr\/wp-content\/uploads\/2019\/05\/Q40-1-300x156.jpg 300w\" alt=\"\" width=\"618\" height=\"321\" \/><\/a><\/p>\n<p>Grafikten g\u00f6r\u00fcld\u00fc\u011f\u00fc \u00fczere T\u00fcrkiye\u2019nin yerli petrol \u00fcretimi, veri setindeki en y\u00fcksek noktaya eri\u015fmi\u015ftir. Bu rakam 2002 y\u0131l\u0131ndan g\u00fcn\u00fcm\u00fcze ortalama \u00fcretim rakam\u0131n\u0131n neredeyse %50 fazlas\u0131d\u0131r. Sar\u0131 \u00e7izgiye bakt\u0131\u011f\u0131m\u0131z zaman da, \u00fcretim her ne kadar rekor art\u0131\u015flar g\u00f6rm\u00fc\u015f olsa da t\u00fcketim art\u0131\u015f\u0131ndan dolay\u0131, \u00fcretimin ham petrol talebindeki oran\u0131 s\u0131n\u0131rl\u0131 kalmaya devam etmi\u015ftir. \u00d6zellikle Star Rafinerisi\u2019nin devreye giri\u015fi ile birlikte daha fazla ham petrol talebi ve daha az ithal \u00fcr\u00fcn talebi ile bu rakam d\u00fc\u015fmeye devam edecektir. T\u00fcrkiye\u2019nin ham petrol talebi artarken, katma de\u011ferli petrol \u00fcr\u00fcn\u00fc talebi de d\u00fc\u015fecektir. Yani istatistiklere bir de \u00fcr\u00fcnler a\u00e7\u0131s\u0131ndan bakmak gerekecektir.<\/p>\n<p><a href=\"https:\/\/www.dunyaenerji.org.tr\/wp-content\/uploads\/2019\/05\/Q40-2.jpg\"><img loading=\"lazy\" class=\"aligncenter size-full wp-image-13377\" src=\"https:\/\/www.dunyaenerji.org.tr\/wp-content\/uploads\/2019\/05\/Q40-2.jpg\" sizes=\"(max-width: 620px) 100vw, 620px\" srcset=\"https:\/\/www.dunyaenerji.org.tr\/wp-content\/uploads\/2019\/05\/Q40-2.jpg 620w, https:\/\/www.dunyaenerji.org.tr\/wp-content\/uploads\/2019\/05\/Q40-2-300x165.jpg 300w\" alt=\"\" width=\"620\" height=\"340\" \/><\/a><\/p>\n<p>Do\u011falgazda da benzer bir durum vard\u0131r. Do\u011falgaz \u00fcretimi tekrar y\u00fckselmeye ba\u015flam\u0131\u015f hatta 2014 Nisan ay\u0131ndan beri en y\u00fcksek seviyeleri g\u00f6rm\u00fc\u015ft\u00fcr. Fakat \u00fcretimin t\u00fcketimi kar\u015f\u0131lama oran\u0131nda \u00e7ok k\u00fc\u00e7\u00fck bir k\u0131p\u0131rdanma meydana gelmi\u015ftir.<\/p>\n<p>\u00d6n\u00fcm\u00fczdeki aylarda T\u00fcrkiye petrol ve gaz \u00fcretiminde al\u0131nan yollar \u00e7ok daha iyi g\u00f6r\u00fclebilecektir.<\/p>\n<p>T\u00fcrkiye\u2019de petrol ve do\u011fal gaz \u00fcretimi uzun y\u0131llar sonra ilk defa art\u0131\u015fa ge\u00e7mi\u015ftir.<\/p>\n<p>&#8211; Petrol \u00fcretimi 2002 y\u0131l\u0131 \u00f6ncesinden beri en y\u00fcksek seviyesine \u00e7\u0131km\u0131\u015ft\u0131r. 2002 y\u0131l\u0131na k\u0131yasla \u00fcretim neredeyse %50 daha fazlad\u0131r.<\/p>\n<p>&#8211; Do\u011falgaz \u00fcretimi ise 2014 Nisan ay\u0131ndan bu yana en y\u00fcksek seviyesindedir.<\/p>\n<p>Fakat bu d\u00f6nemde do\u011falgaz ve petrol talebi h\u0131zla artm\u0131\u015ft\u0131r. K\u0131saca \u00fcretim art\u0131\u015f\u0131 olsa da, t\u00fcketim hala \u00e7ok daha a\u011f\u0131r basmaktad\u0131r.<\/p>\n<p>Kaynak: <a href=\"https:\/\/www.dunyaenerji.org.tr\/yerli-petrol-ve-gaz-uretimi-gercekten-artiyor-mu\/\" target=\"_blank\" rel=\"noopener\">WEC \/ UEA<\/a><\/p>","protected":false},"excerpt":{"rendered":"<p>Sorry, this entry is only available in Turkish. For the sake of viewer convenience, the content is shown below in the alternative language. You may click the link to switch the active language. Her se\u00e7im d\u00f6nemi \u00f6ncesinde yeni rezervler bulundu \u015feklinde bas\u0131nda haberleri s\u0131kl\u0131kla duymaktay\u0131z. Kamuoyu da bu haberleri inand\u0131r\u0131c\u0131 bulman\u0131n \u00f6tesinde \u00f6nce sonu\u00e7lar\u0131n\u0131 g\u00f6rmek [&hellip;]<\/p>\n","protected":false},"author":1,"featured_media":93010,"comment_status":"open","ping_status":"open","sticky":false,"template":"","format":"standard","meta":[],"categories":[46,53,44],"tags":[1128,23219,4713,67,1009,28933,34115,51114,34935,34936,1369,15988,5448,1022,51113],"views":1298,"_links":{"self":[{"href":"https:\/\/www.enerjigazetesi.ist\/en\/wp-json\/wp\/v2\/posts\/93008"}],"collection":[{"href":"https:\/\/www.enerjigazetesi.ist\/en\/wp-json\/wp\/v2\/posts"}],"about":[{"href":"https:\/\/www.enerjigazetesi.ist\/en\/wp-json\/wp\/v2\/types\/post"}],"author":[{"embeddable":true,"href":"https:\/\/www.enerjigazetesi.ist\/en\/wp-json\/wp\/v2\/users\/1"}],"replies":[{"embeddable":true,"href":"https:\/\/www.enerjigazetesi.ist\/en\/wp-json\/wp\/v2\/comments?post=93008"}],"version-history":[{"count":0,"href":"https:\/\/www.enerjigazetesi.ist\/en\/wp-json\/wp\/v2\/posts\/93008\/revisions"}],"wp:featuredmedia":[{"embeddable":true,"href":"https:\/\/www.enerjigazetesi.ist\/en\/wp-json\/wp\/v2\/media\/93010"}],"wp:attachment":[{"href":"https:\/\/www.enerjigazetesi.ist\/en\/wp-json\/wp\/v2\/media?parent=93008"}],"wp:term":[{"taxonomy":"category","embeddable":true,"href":"https:\/\/www.enerjigazetesi.ist\/en\/wp-json\/wp\/v2\/categories?post=93008"},{"taxonomy":"post_tag","embeddable":true,"href":"https:\/\/www.enerjigazetesi.ist\/en\/wp-json\/wp\/v2\/tags?post=93008"}],"curies":[{"name":"wp","href":"https:\/\/api.w.org\/{rel}","templated":true}]}}