{"id":92817,"date":"2019-05-17T23:26:19","date_gmt":"2019-05-17T20:26:19","guid":{"rendered":"https:\/\/www.enerjigazetesi.ist\/?p=92817"},"modified":"2019-05-17T23:26:40","modified_gmt":"2019-05-17T20:26:40","slug":"elektrik-piyasasi-istatistiksel-analiz-17-05-2019","status":"publish","type":"post","link":"https:\/\/www.enerjigazetesi.ist\/en\/elektrik-piyasasi-istatistiksel-analiz-17-05-2019\/","title":{"rendered":"(Turkish) Elektrik Piyasas\u0131 \u0130statistiksel Analiz \u2013 (17.05.2019)"},"content":{"rendered":"<p class=\"qtranxs-available-languages-message qtranxs-available-languages-message-en\">Sorry, this entry is only available in <a href=\"https:\/\/www.enerjigazetesi.ist\/tr\/wp-json\/wp\/v2\/posts\/92817\" class=\"qtranxs-available-language-link qtranxs-available-language-link-tr\" title=\"Turkish\">Turkish<\/a>. For the sake of viewer convenience, the content is shown below in the alternative language. You may click the link to switch the active language.<\/p><p><\/p>\n<h1>\u00d6ne \u00e7\u0131kan piyasaya dair g\u00fcncel <u>haberler \u015fu \u015fekildedir;<\/u><\/h1>\n<h1>\u00a0&#8211; ABD&#8217;nin \u0130ran&#8217;dan petrol ithalat\u0131 i\u00e7in <strong>8<\/strong> \u00fclkeye verdi\u011fi muafiyet hakk\u0131n\u0131 sonland\u0131rmas\u0131, \u2018\u0130ran tehdidine kar\u015f\u0131\u2019 b\u00f6lgeye <strong>120<\/strong> bin asker g\u00f6nderece\u011fine ili\u015fkin iddialar, b\u00f6lgedeki petrol boru hatlar\u0131 ve tankerlerine y\u00f6nelik sald\u0131r\u0131lar k\u00fcresel petrol arz\u0131na y\u00f6nelik endi\u015feleri art\u0131rd\u0131.<\/h1>\n<h1><strong>\u00a0&#8211; 2023<\/strong> y\u0131l\u0131na kadar g\u00fcne\u015f enerjisi kurulu g\u00fcc\u00fcn\u00fc <strong>9<\/strong> kat artt\u0131rmay\u0131 hedefleyen Portekiz, <strong>1<\/strong>.<strong>35<\/strong> GW\u2019l\u0131k ihale d\u00fczenleyecek.<\/h1>\n<h1>\u00a0&#8211; \u0130rlanda elektrik \u00fcretiminde r\u00fczgar enerjisini pay\u0131 y\u0131l\u0131n ilk \u00e7eyre\u011finde y\u00fczde <strong>37<\/strong>\u2019ye y\u00fckseldi.<\/h1>\n<h1>\u00a0&#8211; \u0130T\u00dc\u2019de \u0130klim De\u011fi\u015fikli\u011fi Uygulama ve Ara\u015ft\u0131rma Merkezi Kuruldu.<\/h1>\n<p>G\u00fcn \u00f6ncesi elektrik piyasas\u0131nda yar\u0131n i\u00e7in olu\u015fan megavat saat (MWh) ba\u015f\u0131na piyasa takas fiyat\u0131 ortalamas\u0131 <strong>228<\/strong>.<strong>65<\/strong> TL olarak belirlendi. Fiyatlardaki da\u011f\u0131l\u0131ma bak\u0131ld\u0131\u011f\u0131nda, g\u00fcn\u00fcn maksimum fiyat\u0131 <strong>311<\/strong>.<strong>03<\/strong> TL\/MWh olarak <strong>21<\/strong>:<strong>00<\/strong> &#8211; <strong>22<\/strong>:<strong>00<\/strong> saat aral\u0131\u011f\u0131nda, minimum fiyat\u0131 <strong>1<\/strong>.<strong>01<\/strong> TL\/MWh olarak <strong>06<\/strong>:<strong>00<\/strong> &#8211; <strong>07<\/strong>:<strong>00<\/strong> saat aral\u0131\u011f\u0131nda ger\u00e7ekle\u015fti. <img loading=\"lazy\" class=\"size-medium wp-image-92819 alignright\" src=\"https:\/\/www.enerjigazetesi.ist\/wp-content\/uploads\/2019\/05\/u-300x240.jpg\" alt=\"\" width=\"300\" height=\"240\" srcset=\"https:\/\/www.enerjigazetesi.ist\/wp-content\/uploads\/2019\/05\/u-300x240.jpg 300w, https:\/\/www.enerjigazetesi.ist\/wp-content\/uploads\/2019\/05\/u-768x614.jpg 768w, https:\/\/www.enerjigazetesi.ist\/wp-content\/uploads\/2019\/05\/u-500x400.jpg 500w, https:\/\/www.enerjigazetesi.ist\/wp-content\/uploads\/2019\/05\/u-63x50.jpg 63w, https:\/\/www.enerjigazetesi.ist\/wp-content\/uploads\/2019\/05\/u.jpg 1000w\" sizes=\"(max-width: 300px) 100vw, 300px\" \/>Puant saatlerde (<strong>17<\/strong>:<strong>00<\/strong> &#8211; <strong>22<\/strong>:<strong>00<\/strong>) ortalama piyasa takas fiyat\u0131 ise <strong>305<\/strong>.<strong>3<\/strong> TL\/MWh olarak hesaplanabilmektedir.<\/p>\n<p>Bir \u00f6nceki g\u00fcn ile k\u0131yasland\u0131\u011f\u0131nda ortalama piyasa takas fiyat\u0131nda &#8211;<strong>28<\/strong>.<strong>69<\/strong> TL d\u00fc\u015f\u00fc\u015f g\u00f6zlemlenmektedir. Kesinle\u015fmi\u015f G\u00fcnl\u00fck \u00dcretim Plan\u0131 (KG\u00dcP) verilerine bak\u0131ld\u0131\u011f\u0131nda termik enerji dahilinde do\u011fal gaz % <strong>8<\/strong>, linyit % <strong>14<\/strong>, ithal k\u00f6m\u00fcr % <strong>8<\/strong> oran\u0131nda \u00fcretimin ger\u00e7ekle\u015fmesi beklenirken, yenilenebilir enerji dahilinde ise hidro % <strong>60<\/strong>, r\u00fczgar % <strong>5<\/strong>, jeotermal % <strong>3<\/strong> oran\u0131nda \u00fcretimin ger\u00e7ekle\u015fmesi beklenmektedir. Bununla birlikte fiyatlardaki d\u00fc\u015f\u00fc\u015f, <strong>hafta i\u00e7i t\u00fcketim talebindeki d\u00fc\u015f\u00fc\u015f ve \u00fcretimin a\u011f\u0131rl\u0131kl\u0131 olarak hidro elektrik santrallerinde beklenmesi<\/strong> ile a\u00e7\u0131klanabilmektedir. Yar\u0131n i\u00e7in planlanan \u00fcretim bazl\u0131 Kesinle\u015fmi\u015f G\u00fcnl\u00fck \u00dcretim Plan\u0131 (KG\u00dcP) a\u015fa\u011f\u0131daki grafikte yer almaktad\u0131r.<\/p>\n<p><img loading=\"lazy\" class=\"aligncenter wp-image-92820\" src=\"https:\/\/www.enerjigazetesi.ist\/wp-content\/uploads\/2019\/05\/01-16-300x182.jpg\" alt=\"\" width=\"400\" height=\"243\" srcset=\"https:\/\/www.enerjigazetesi.ist\/wp-content\/uploads\/2019\/05\/01-16-300x182.jpg 300w, https:\/\/www.enerjigazetesi.ist\/wp-content\/uploads\/2019\/05\/01-16-500x303.jpg 500w, https:\/\/www.enerjigazetesi.ist\/wp-content\/uploads\/2019\/05\/01-16-80x50.jpg 80w, https:\/\/www.enerjigazetesi.ist\/wp-content\/uploads\/2019\/05\/01-16.jpg 734w\" sizes=\"(max-width: 400px) 100vw, 400px\" \/><\/p>\n<p>Tahminleme Modeli* analizi sonucu ortalama piyasa takas fiyat\u0131 <strong>220<\/strong>.<strong>85<\/strong> TL\/MWh ve ortalama t\u00fcketim <strong>28,834<\/strong> MWh olarak \u00f6ng\u00f6r\u00fclmektedir. Modelin piyasa takas fiyat\u0131na dair ba\u015far\u0131 oran\u0131 g\u00fcnl\u00fck % <strong>84<\/strong>, t\u00fcketime dair ba\u015far\u0131 oran\u0131** ise g\u00fcnl\u00fck % <strong>93<\/strong> olarak hesaplan\u0131rken, bug\u00fcne kadar yap\u0131lan piyasa takas fiyat\u0131na dair analizlere g\u00f6re ba\u015far\u0131 oran\u0131 % <strong>88<\/strong>, t\u00fcketime dair ba\u015far\u0131 oran\u0131 ise % <strong>95<\/strong> olarak hesaplanmaktad\u0131r. Saatlik yar\u0131n i\u00e7in olu\u015fan ve tahmin edilen piyasa takas fiyatlar\u0131 ile haftal\u0131k bazda tahmin edilen ve ger\u00e7ekle\u015ftik\u00e7e yer alacak g\u00fcnl\u00fck ortalama t\u00fcketim de\u011ferleri a\u015fa\u011f\u0131daki grafiklerde yer almaktad\u0131r.<\/p>\n<p><img loading=\"lazy\" class=\"aligncenter wp-image-92821\" src=\"https:\/\/www.enerjigazetesi.ist\/wp-content\/uploads\/2019\/05\/02-16-300x246.jpg\" alt=\"\" width=\"400\" height=\"328\" srcset=\"https:\/\/www.enerjigazetesi.ist\/wp-content\/uploads\/2019\/05\/02-16-300x246.jpg 300w, https:\/\/www.enerjigazetesi.ist\/wp-content\/uploads\/2019\/05\/02-16-768x630.jpg 768w, https:\/\/www.enerjigazetesi.ist\/wp-content\/uploads\/2019\/05\/02-16-487x400.jpg 487w, https:\/\/www.enerjigazetesi.ist\/wp-content\/uploads\/2019\/05\/02-16-61x50.jpg 61w, https:\/\/www.enerjigazetesi.ist\/wp-content\/uploads\/2019\/05\/02-16.jpg 854w\" sizes=\"(max-width: 400px) 100vw, 400px\" \/><\/p>\n<p>Yar\u0131ndan sonraki g\u00fcn i\u00e7in olu\u015facak ortalama piyasa takas fiyat\u0131 <strong>123<\/strong>.<strong>21<\/strong> TL\/MWH olarak tahmin edilmektedir. Buna ba\u011fl\u0131 olarak g\u00fcn\u00fcn maksimum fiyat\u0131 <strong>301<\/strong>.<strong>62<\/strong> TL\/MWh olarak <strong>20<\/strong>:<strong>00<\/strong> &#8211; <strong>21<\/strong>:<strong>00<\/strong> saat aral\u0131\u011f\u0131nda, minimum fiyat\u0131 <strong>0<\/strong>.<strong>5<\/strong> TL\/MWh olarak <strong>07<\/strong>:<strong>00<\/strong> &#8211; <strong>08<\/strong>:<strong>00<\/strong> saat aral\u0131\u011f\u0131nda ger\u00e7ekle\u015fece\u011fi \u00f6ng\u00f6r\u00fclmektedir. Puant saatlerde (<strong>17<\/strong>:<strong>00<\/strong> &#8211; <strong>22<\/strong>:<strong>00<\/strong>) tahmini ortalama piyasa takas fiyat\u0131 ise <strong>250<\/strong>.<strong>91<\/strong> TL\/MWh olarak hesaplanabilmektedir. Saatlik olu\u015facak piyasa takas fiyat\u0131 tahminleri a\u015fa\u011f\u0131daki grafikte yer almaktad\u0131r.<\/p>\n<p><img loading=\"lazy\" class=\"aligncenter wp-image-92822\" src=\"https:\/\/www.enerjigazetesi.ist\/wp-content\/uploads\/2019\/05\/03-16-300x118.jpg\" alt=\"\" width=\"400\" height=\"157\" srcset=\"https:\/\/www.enerjigazetesi.ist\/wp-content\/uploads\/2019\/05\/03-16-300x118.jpg 300w, https:\/\/www.enerjigazetesi.ist\/wp-content\/uploads\/2019\/05\/03-16-768x302.jpg 768w, https:\/\/www.enerjigazetesi.ist\/wp-content\/uploads\/2019\/05\/03-16-500x197.jpg 500w, https:\/\/www.enerjigazetesi.ist\/wp-content\/uploads\/2019\/05\/03-16-80x31.jpg 80w, https:\/\/www.enerjigazetesi.ist\/wp-content\/uploads\/2019\/05\/03-16.jpg 856w\" sizes=\"(max-width: 400px) 100vw, 400px\" \/><\/p>\n<p>Organize Toptan Do\u011fal Gaz Sat\u0131\u015f Piyasas\u0131 (OTSP) dahilinde <strong>01<\/strong>.<strong>05<\/strong>.<strong>2019<\/strong> \u2013 <strong>17<\/strong>.<strong>05<\/strong>.<strong>2019<\/strong> tarihleri aras\u0131 ortalama Gaz Referans Fiyat\u0131 (GRF) <strong>1,501<\/strong>.<strong>09<\/strong> TL\/<strong>1000<\/strong> sm<strong>3<\/strong> olarak belirlenirken, ayn\u0131 tarihler aras\u0131nda toplam ger\u00e7ekle\u015fen e\u015fle\u015fmelerin miktar\u0131 ise <strong>36,242<\/strong> x<strong>1000<\/strong> sm<strong>3<\/strong> olarak belirlendi. \u0130lgili tarihler aras\u0131nda g\u00fcnl\u00fck Gaz Referans Fiyat\u0131 (GRF) ile E\u015fle\u015fme Miktar\u0131 verileri a\u015fa\u011f\u0131daki grafikte yer almaktad\u0131r.<\/p>\n<p><img loading=\"lazy\" class=\"aligncenter wp-image-92823\" src=\"https:\/\/www.enerjigazetesi.ist\/wp-content\/uploads\/2019\/05\/04-16-300x117.jpg\" alt=\"\" width=\"400\" height=\"157\" srcset=\"https:\/\/www.enerjigazetesi.ist\/wp-content\/uploads\/2019\/05\/04-16-300x117.jpg 300w, https:\/\/www.enerjigazetesi.ist\/wp-content\/uploads\/2019\/05\/04-16-768x300.jpg 768w, https:\/\/www.enerjigazetesi.ist\/wp-content\/uploads\/2019\/05\/04-16-500x196.jpg 500w, https:\/\/www.enerjigazetesi.ist\/wp-content\/uploads\/2019\/05\/04-16-80x31.jpg 80w, https:\/\/www.enerjigazetesi.ist\/wp-content\/uploads\/2019\/05\/04-16.jpg 846w\" sizes=\"(max-width: 400px) 100vw, 400px\" \/><\/p>\n<p><em>*Tahminleme Modeli; istatistiksel tahminleme metodu olan SARIMA (Seasonal Autoregressive Integrated Moving Average) kullan\u0131larak MATLAB yaz\u0131l\u0131m geli\u015ftirme platformunda haz\u0131rlanm\u0131\u015ft\u0131r. Model ve di\u011fer t\u00fcm kullan\u0131lan veriler dahilinde girdi verileri olarak EP\u0130A\u015e \u015eeffafl\u0131k Platformunda g\u00fcnl\u00fck yay\u0131nlanan piyasa takas fiyatlar\u0131 ve ger\u00e7ekle\u015fen t\u00fcketim verileri kullan\u0131lmaktad\u0131r. Model ile ilgili detayl\u0131 bilgi alabilmek i\u00e7in l\u00fctfen ileti\u015fime ge\u00e7iniz.<\/em><\/p>\n<p><em>\u00a0<\/em><em>**T\u00fcketime Dair Ba\u015far\u0131 Oran\u0131; t\u00fcketim baz\u0131nda yap\u0131lan haftal\u0131k tahminlerde Pazar g\u00fcnleri yay\u0131nlanan raporda hen\u00fcz ger\u00e7ekle\u015fen veri olmad\u0131\u011f\u0131 i\u00e7in Sal\u0131 g\u00fcn\u00fc itibari ile ba\u015far\u0131 oran\u0131 g\u00fcnl\u00fck olarak hesaplanarak, raporda g\u00fcncellenecektir.<\/em><\/p>\n<p>T\u00fcmay SOLAK \u2013 Risk Y\u00f6netimi Uzman\u0131 \u2013\u00a0<a href=\"mailto:tumay.solak@enerjigazetesi.ist\" target=\"_blank\" rel=\"noopener\">tumay.solak@enerjigazetesi.ist<\/a><\/p>\n<p>&nbsp;<\/p>","protected":false},"excerpt":{"rendered":"<p>Sorry, this entry is only available in Turkish. For the sake of viewer convenience, the content is shown below in the alternative language. You may click the link to switch the active language. \u00d6ne \u00e7\u0131kan piyasaya dair g\u00fcncel haberler \u015fu \u015fekildedir; \u00a0&#8211; ABD&#8217;nin \u0130ran&#8217;dan petrol ithalat\u0131 i\u00e7in 8 \u00fclkeye verdi\u011fi muafiyet hakk\u0131n\u0131 sonland\u0131rmas\u0131, \u2018\u0130ran tehdidine [&hellip;]<\/p>\n","protected":false},"author":6,"featured_media":92819,"comment_status":"open","ping_status":"open","sticky":false,"template":"","format":"standard","meta":[],"categories":[51,53],"tags":[1198,42483,42490,42485,42486,42484,42488,42489,1079,45271,50069,34979,343,19638,50070,8304,39373,34980,39661,39426,19,1009,2326,50971,1333,5121,870,17307,2460,4722,39932,16,39351],"views":829,"_links":{"self":[{"href":"https:\/\/www.enerjigazetesi.ist\/en\/wp-json\/wp\/v2\/posts\/92817"}],"collection":[{"href":"https:\/\/www.enerjigazetesi.ist\/en\/wp-json\/wp\/v2\/posts"}],"about":[{"href":"https:\/\/www.enerjigazetesi.ist\/en\/wp-json\/wp\/v2\/types\/post"}],"author":[{"embeddable":true,"href":"https:\/\/www.enerjigazetesi.ist\/en\/wp-json\/wp\/v2\/users\/6"}],"replies":[{"embeddable":true,"href":"https:\/\/www.enerjigazetesi.ist\/en\/wp-json\/wp\/v2\/comments?post=92817"}],"version-history":[{"count":0,"href":"https:\/\/www.enerjigazetesi.ist\/en\/wp-json\/wp\/v2\/posts\/92817\/revisions"}],"wp:featuredmedia":[{"embeddable":true,"href":"https:\/\/www.enerjigazetesi.ist\/en\/wp-json\/wp\/v2\/media\/92819"}],"wp:attachment":[{"href":"https:\/\/www.enerjigazetesi.ist\/en\/wp-json\/wp\/v2\/media?parent=92817"}],"wp:term":[{"taxonomy":"category","embeddable":true,"href":"https:\/\/www.enerjigazetesi.ist\/en\/wp-json\/wp\/v2\/categories?post=92817"},{"taxonomy":"post_tag","embeddable":true,"href":"https:\/\/www.enerjigazetesi.ist\/en\/wp-json\/wp\/v2\/tags?post=92817"}],"curies":[{"name":"wp","href":"https:\/\/api.w.org\/{rel}","templated":true}]}}