{"id":92746,"date":"2019-05-16T14:57:06","date_gmt":"2019-05-16T11:57:06","guid":{"rendered":"https:\/\/www.enerjigazetesi.ist\/?p=92746"},"modified":"2019-05-16T14:59:32","modified_gmt":"2019-05-16T11:59:32","slug":"dedeman-madencilik-en-iyi-maden-sirketi-odulune-layik-goruldu","status":"publish","type":"post","link":"https:\/\/www.enerjigazetesi.ist\/en\/dedeman-madencilik-en-iyi-maden-sirketi-odulune-layik-goruldu\/","title":{"rendered":"(Turkish) Dedeman Madencilik &#8220;En \u0130yi Maden \u015eirketi&#8221; \u00d6d\u00fcl\u00fcne Lay\u0131k G\u00f6r\u00fcld\u00fc"},"content":{"rendered":"<p class=\"qtranxs-available-languages-message qtranxs-available-languages-message-en\">Sorry, this entry is only available in <a href=\"https:\/\/www.enerjigazetesi.ist\/tr\/wp-json\/wp\/v2\/posts\/92746\" class=\"qtranxs-available-language-link qtranxs-available-language-link-tr\" title=\"Turkish\">Turkish<\/a>. For the sake of viewer convenience, the content is shown below in the alternative language. You may click the link to switch the active language.<\/p><p><\/p>\n<h1>\u0130stinye \u00dcniversitesi taraf\u0131ndan bu y\u0131l ikincisi d\u00fczenlenen \u201c\u0130stinyeli \u00d6d\u00fclleri\u201d kapsam\u0131nda Dedeman Madencilik \u201cEn \u0130yi Maden \u015eirketi\u201d \u00f6d\u00fcl\u00fcne lay\u0131k g\u00f6r\u00fcld\u00fc.1732 \u00f6\u011frencimizin oylamas\u0131 sonucunda Dedeman Madencilik \u00f6d\u00fcl\u00fc ald\u0131.<\/h1>\n<p>\u0130stinye \u00dcniversitesi \u00f6\u011frencilerinin verdi\u011fi oylar sonucu belirlenen \u0130stinyeli \u00f6d\u00fcllerinin, kazananlar\u0131 belli oldu. Kazanan \u015firketlerin a\u00e7\u0131kland\u0131\u011f\u0131 \u201c\u0130stinyeli \u00d6d\u00fclleri\u201d program\u0131nda \u00f6d\u00fcl\u00fc Dedeman Madencilik ad\u0131na alan Operasyonlar Direkt\u00f6r\u00fc Yunus Soysal \u201cDedeman Madencilik olarak T\u00fcrkiye ekonomisine y\u00fcksek katma de\u011fer yaratmak i\u00e7in gece g\u00fcnd\u00fcz demeden \u00e7al\u0131\u015f\u0131yoruz. Bug\u00fcn \u00fclkemizin \u00f6nemli maden \u015firketleri aras\u0131nda yer alan \u015firketimizin T\u00fcrkiye\u2019nin sayg\u0131n \u00fcniversitelerinden biri olan \u0130stinye \u00dcniversitesi <img loading=\"lazy\" class=\"alignright size-medium wp-image-92748\" src=\"https:\/\/www.enerjigazetesi.ist\/wp-content\/uploads\/2019\/05\/dedeman-madencilik-en-iyi-maden-sirketi-odulune-layik-goruldu-300x200.jpg\" alt=\"\" width=\"300\" height=\"200\" srcset=\"https:\/\/www.enerjigazetesi.ist\/wp-content\/uploads\/2019\/05\/dedeman-madencilik-en-iyi-maden-sirketi-odulune-layik-goruldu-300x200.jpg 300w, https:\/\/www.enerjigazetesi.ist\/wp-content\/uploads\/2019\/05\/dedeman-madencilik-en-iyi-maden-sirketi-odulune-layik-goruldu-500x333.jpg 500w, https:\/\/www.enerjigazetesi.ist\/wp-content\/uploads\/2019\/05\/dedeman-madencilik-en-iyi-maden-sirketi-odulune-layik-goruldu-75x50.jpg 75w, https:\/\/www.enerjigazetesi.ist\/wp-content\/uploads\/2019\/05\/dedeman-madencilik-en-iyi-maden-sirketi-odulune-layik-goruldu-450x300.jpg 450w, https:\/\/www.enerjigazetesi.ist\/wp-content\/uploads\/2019\/05\/dedeman-madencilik-en-iyi-maden-sirketi-odulune-layik-goruldu.jpg 732w\" sizes=\"(max-width: 300px) 100vw, 300px\" \/>\u00f6\u011frencileri taraf\u0131ndan \u201cEn \u0130yi Maden \u015eirketi\u201d se\u00e7ilmeyi yapt\u0131\u011f\u0131m\u0131z i\u015fin do\u011frulu\u011funun bir yans\u0131mas\u0131 olarak g\u00f6r\u00fcyoruz\u201d dedi.<\/p>\n<h2>Soysal &#8220;\u00d6d\u00fcller Motivasyonumuzu Art\u0131yor&#8221;<\/h2>\n<p>Yunus Soysal, En \u0130yi Madencilik \u015eirketi \u00d6d\u00fcl\u00fc\u2019n\u00fcn sadece maden i\u015flemede sa\u011flad\u0131klar\u0131 verimlilikle alakal\u0131 olmad\u0131\u011f\u0131n\u0131 vurgulad\u0131\u011f\u0131 konu\u015fmas\u0131nda Dedeman Holding olarak \u00e7al\u0131\u015fan odakl\u0131, \u00e7evreye sayg\u0131l\u0131 \u00e7al\u0131\u015fmalar\u0131n\u0131n neticesini ald\u0131klar\u0131n\u0131 belirtti. Yunus Soysal, \u201cDedeman Holding olarak hedefimiz gerek turizm gerekse madencilik alan\u0131nda \u2018en kaliteli hizmeti\u2019 m\u00fc\u015fterilerimize sunmak. Gerek co\u011frafi da\u011f\u0131l\u0131m gerekse \u00e7al\u0131\u015fan say\u0131m\u0131z ve y\u00f6netti\u011fimiz i\u015f hacmimizle markam\u0131z\u0131n global vurgusuna uygun bir \u015fekilde, hedeflerimiz do\u011frultusunda b\u00fcy\u00fcmeye devam ediyoruz. Dedeman Holding olarak faaliyette bulundu\u011fumuz t\u00fcm sekt\u00f6rlerde d\u00fcnya standard\u0131nda hizmet veriyoruz. Ald\u0131\u011f\u0131m\u0131z bu ve benzeri sekt\u00f6r\u00fcn se\u00e7kin \u00f6d\u00fclleri i\u015f motivasyonumuzu art\u0131rman\u0131n yan\u0131 s\u0131ra yapt\u0131\u011f\u0131m\u0131z yat\u0131r\u0131m ve verdi\u011fimiz hizmetlerin ne kadar do\u011fru oldu\u011funu da bizlere anlat\u0131yor. Temennimiz \u201c\u0130stinyeli \u00d6d\u00fclleri\u201d gibi g\u00fc\u00e7l\u00fc, markalar\u0131n vizyonunu de\u011fi\u015ftirebilecek \u00f6d\u00fcl programlar\u0131n\u0131n say\u0131s\u0131n\u0131n daha da artarak sekt\u00f6rel rekabete olumlu katk\u0131 sunmas\u0131\u201d dedi.<\/p>","protected":false},"excerpt":{"rendered":"<p>Sorry, this entry is only available in Turkish. For the sake of viewer convenience, the content is shown below in the alternative language. You may click the link to switch the active language. \u0130stinye \u00dcniversitesi taraf\u0131ndan bu y\u0131l ikincisi d\u00fczenlenen \u201c\u0130stinyeli \u00d6d\u00fclleri\u201d kapsam\u0131nda Dedeman Madencilik \u201cEn \u0130yi Maden \u015eirketi\u201d \u00f6d\u00fcl\u00fcne lay\u0131k g\u00f6r\u00fcld\u00fc.1732 \u00f6\u011frencimizin oylamas\u0131 sonucunda [&hellip;]<\/p>\n","protected":false},"author":1,"featured_media":92748,"comment_status":"open","ping_status":"open","sticky":false,"template":"","format":"standard","meta":[],"categories":[53,24649],"tags":[50906,50901,50903,67,1009,50904,50902,50905],"views":728,"_links":{"self":[{"href":"https:\/\/www.enerjigazetesi.ist\/en\/wp-json\/wp\/v2\/posts\/92746"}],"collection":[{"href":"https:\/\/www.enerjigazetesi.ist\/en\/wp-json\/wp\/v2\/posts"}],"about":[{"href":"https:\/\/www.enerjigazetesi.ist\/en\/wp-json\/wp\/v2\/types\/post"}],"author":[{"embeddable":true,"href":"https:\/\/www.enerjigazetesi.ist\/en\/wp-json\/wp\/v2\/users\/1"}],"replies":[{"embeddable":true,"href":"https:\/\/www.enerjigazetesi.ist\/en\/wp-json\/wp\/v2\/comments?post=92746"}],"version-history":[{"count":0,"href":"https:\/\/www.enerjigazetesi.ist\/en\/wp-json\/wp\/v2\/posts\/92746\/revisions"}],"wp:featuredmedia":[{"embeddable":true,"href":"https:\/\/www.enerjigazetesi.ist\/en\/wp-json\/wp\/v2\/media\/92748"}],"wp:attachment":[{"href":"https:\/\/www.enerjigazetesi.ist\/en\/wp-json\/wp\/v2\/media?parent=92746"}],"wp:term":[{"taxonomy":"category","embeddable":true,"href":"https:\/\/www.enerjigazetesi.ist\/en\/wp-json\/wp\/v2\/categories?post=92746"},{"taxonomy":"post_tag","embeddable":true,"href":"https:\/\/www.enerjigazetesi.ist\/en\/wp-json\/wp\/v2\/tags?post=92746"}],"curies":[{"name":"wp","href":"https:\/\/api.w.org\/{rel}","templated":true}]}}