{"id":92616,"date":"2019-05-14T18:57:41","date_gmt":"2019-05-14T15:57:41","guid":{"rendered":"https:\/\/www.enerjigazetesi.ist\/?p=92616"},"modified":"2019-05-14T19:03:21","modified_gmt":"2019-05-14T16:03:21","slug":"dunyanin-en-kucuk-kombisi-red-dot-design-awardstan-odulunu-aldi","status":"publish","type":"post","link":"https:\/\/www.enerjigazetesi.ist\/en\/dunyanin-en-kucuk-kombisi-red-dot-design-awardstan-odulunu-aldi\/","title":{"rendered":"(Turkish) D\u00fcnyan\u0131n En K\u00fc\u00e7\u00fck Kombisi &#8216;Red Dot Design Awards\u2019tan \u00d6d\u00fcl\u00fcn\u00fc Ald\u0131"},"content":{"rendered":"<p class=\"qtranxs-available-languages-message qtranxs-available-languages-message-en\">Sorry, this entry is only available in <a href=\"https:\/\/www.enerjigazetesi.ist\/tr\/wp-json\/wp\/v2\/posts\/92616\" class=\"qtranxs-available-language-link qtranxs-available-language-link-tr\" title=\"Turkish\">Turkish<\/a>. For the sake of viewer convenience, the content is shown below in the alternative language. You may click the link to switch the active language.<\/p><p><\/p>\n<h1>Warmhaus\u2019un dizayn etti\u011fi, d\u00fcnyan\u0131n en k\u00fc\u00e7\u00fck kombisi Minerwa, tasar\u0131m d\u00fcnyas\u0131n\u0131n Oscar\u2019lar\u0131 olarak kabul edilen Red Dot Design Awards\u2019ta \u00f6d\u00fcle lay\u0131k g\u00f6r\u00fcld\u00fc.<\/h1>\n<p>Warmhaus, tasar\u0131m\u0131 ve yaz\u0131l\u0131m\u0131 tamamen kendisine ait olan, d\u00fcnyan\u0131n en k\u00fc\u00e7\u00fck kombisi Minerwa ile d\u00fcnyan\u0131n en prestijli tasar\u0131m \u00f6d\u00fcllerinden biri olarak kabul g\u00f6ren\u00a0Red Dot Awards\u2019ta tasar\u0131m \u00f6d\u00fcl\u00fcn\u00fc kazand\u0131. <strong>Warmahus<\/strong>\u2019un en k\u00fc\u00e7\u00fck kombisi Minerwa, b\u00f6ylelikle iF Design Award 2018 ve Design Turkey <img loading=\"lazy\" class=\"alignright size-medium wp-image-92618\" src=\"https:\/\/www.enerjigazetesi.ist\/wp-content\/uploads\/2019\/05\/dunyanin-en-kucuk-kombisi-red-dot-design-awardstan-odulunu-aldi2-300x272.jpg\" alt=\"\" width=\"300\" height=\"272\" srcset=\"https:\/\/www.enerjigazetesi.ist\/wp-content\/uploads\/2019\/05\/dunyanin-en-kucuk-kombisi-red-dot-design-awardstan-odulunu-aldi2-300x272.jpg 300w, https:\/\/www.enerjigazetesi.ist\/wp-content\/uploads\/2019\/05\/dunyanin-en-kucuk-kombisi-red-dot-design-awardstan-odulunu-aldi2-441x400.jpg 441w, https:\/\/www.enerjigazetesi.ist\/wp-content\/uploads\/2019\/05\/dunyanin-en-kucuk-kombisi-red-dot-design-awardstan-odulunu-aldi2-55x50.jpg 55w, https:\/\/www.enerjigazetesi.ist\/wp-content\/uploads\/2019\/05\/dunyanin-en-kucuk-kombisi-red-dot-design-awardstan-odulunu-aldi2.jpg 538w\" sizes=\"(max-width: 300px) 100vw, 300px\" \/>2018 \u00f6d\u00fcllerinden sonra \u00fc\u00e7\u00fcnc\u00fc tasar\u0131m \u00f6d\u00fcl\u00fcn\u00fc de alm\u0131\u015f oldu.<\/p>\n<p>Kazand\u0131klar\u0131 \u00f6d\u00fcle ili\u015fkin konu\u015fan <strong>Warmhaus Genel M\u00fcd\u00fcr\u00fc M. Ka\u011fan Turan<\/strong>, d\u00fcnyan\u0131n en prestijli tasar\u0131m yar\u0131\u015fmalar\u0131ndan birinden \u00f6d\u00fcl almaktan \u00e7ok mutlu olduklar\u0131n\u0131 belirtti. Turan, &#8220;Ar-Ge\u2019si, dizayn\u0131 ve yaz\u0131l\u0131m\u0131 tamamen T\u00fcrk m\u00fchendislerine ait olan d\u00fcnyan\u0131n en k\u00fc\u00e7\u00fck ve en hafif kombisiyle d\u00fcnyan\u0131n en sayg\u0131n \u00f6d\u00fcllerinden birini kazanm\u0131\u015f olman\u0131n gururunu ya\u015f\u0131yoruz. \u00d6d\u00fcl\u00fcm\u00fcz\u00fc temmuz ay\u0131nda Almanya\u2019n\u0131n Essen kentinde yap\u0131lacak t\u00f6rende alaca\u011f\u0131z&#8221; dedi.<\/p>\n<p>\u00d6n\u00fcm\u00fczdeki 5 y\u0131ll\u0131k s\u00fcre\u00e7 i\u00e7erisinde stratejik planlamam\u0131za uygun b\u00fcy\u00fcmemizi s\u00fcrd\u00fcrece\u011fiz. Bu b\u00fcy\u00fcmeyi yeni pazarlar ve yeni \u00fcr\u00fcnler ile destekleyece\u011fiz. Bireysel \u0131s\u0131tma alan\u0131nda kombi \u00fcr\u00fcnlerimiz son iki y\u0131ll\u0131k s\u00fcre\u00e7te bize hedefledi\u011fimiz b\u00fcy\u00fcmeyi sa\u011flad\u0131. Ge\u00e7ti\u011fimiz y\u0131l piyasaya s\u00fcrd\u00fc\u011f\u00fcm\u00fcz duvar tipi yo\u011fu\u015fmal\u0131 kazanlar ise merkezi \u0131s\u0131tma alan\u0131nda bize yeni b\u00fcy\u00fcme alanlar\u0131 sa\u011flayacak. M\u00fc\u015fterilerine kaliteli ve do\u011fru \u00fcr\u00fcnlerle hizmet veren, % 100 yerli sermayeli bir \u015firket olarak \u00fclke ekonomimize katk\u0131 sa\u011flamay\u0131 s\u00fcrd\u00fcrece\u011fiz\u201d ifadelerini kulland\u0131.<\/p>\n<h2>59 \u00dclkeden Tasar\u0131mlar De\u011ferlendirildi<\/h2>\n<p>\u00dcst d\u00fczey tasar\u0131mc\u0131lardan, profes\u00f6rlerden ve gazetecilerinden olu\u015fan Red Dot j\u00fcri \u00fcyeleri, 59 \u00fclkeden gelen ba\u015fvurular\u0131 en ince ayr\u0131nt\u0131s\u0131na kadar de\u011ferlendirerek oylad\u0131. 1955\u2019ten g\u00fcn\u00fcm\u00fcze kesintisiz olarak her y\u0131l verilen \u00f6d\u00fcller, t\u00fcketicilerin sat\u0131n al\u0131m s\u00fcre\u00e7lerinde de \u00e7ok \u00f6nemli bir rol oynuyor.<\/p>\n<p><strong>D\u00fcnyan\u0131n en k\u00fc\u00e7\u00fck kombisi hem alan hem fatura tasarrufu sa\u011fl\u0131yor<\/strong><\/p>\n<p>D\u00fcnyan\u0131n en k\u00fc\u00e7\u00fck kombisi Minerwa, siyah, beyaz ve antrasit renk se\u00e7enekleriyle estetik g\u00f6r\u00fcn\u00fcm\u00fcn\u00fcn yan\u0131 s\u0131ra T\u00fcrkiye\u2019de ilk defa Warmhaus\u2019un \u00fcretti\u011fi Gaz Adaptif \u00f6zelli\u011fiyle de ideal hava gaz oran\u0131n\u0131 ayarlayarak s\u00fcrekli y\u00fcksek verim sa\u011fl\u0131yor. Avrupa Birli\u011fi ErP direktifine tam uyumlu olan Minerwa; gaz ve elektrik enerjisinden tasarruf sa\u011flarken, t\u00fcm i\u00e7 y\u00fczeyinde kullan\u0131lan 10 mm kal\u0131nl\u0131\u011f\u0131ndaki \u00f6zel izolasyon malzemesi sayesinde ses kirlili\u011fini de \u00f6nl\u00fcyor. A s\u0131n\u0131f\u0131 enerji etiketine sahip olan \u00fcr\u00fcn, \u00f6zel tasar\u0131ml\u0131 ve y\u00fcksek kapasiteli e\u015fanj\u00f6r\u00fc sayesinde ayn\u0131 anda \u00e7ift musluktan dakikada toplam 14,5 litreye kadar s\u0131cak su verebilmektedir.<\/p>","protected":false},"excerpt":{"rendered":"<p>Sorry, this entry is only available in Turkish. For the sake of viewer convenience, the content is shown below in the alternative language. You may click the link to switch the active language. Warmhaus\u2019un dizayn etti\u011fi, d\u00fcnyan\u0131n en k\u00fc\u00e7\u00fck kombisi Minerwa, tasar\u0131m d\u00fcnyas\u0131n\u0131n Oscar\u2019lar\u0131 olarak kabul edilen Red Dot Design Awards\u2019ta \u00f6d\u00fcle lay\u0131k g\u00f6r\u00fcld\u00fc. Warmhaus, [&hellip;]<\/p>\n","protected":false},"author":1,"featured_media":92619,"comment_status":"open","ping_status":"open","sticky":false,"template":"","format":"standard","meta":[],"categories":[46,53],"tags":[11683,50743,50750,1128,19761,34929,23219,50734,50737,67,1009,50739,50740,50744,50741,50749,50747,41699,50736,41407,50733,4440,50748,50738,50745,50732,50735,41406,50746,50742],"views":880,"_links":{"self":[{"href":"https:\/\/www.enerjigazetesi.ist\/en\/wp-json\/wp\/v2\/posts\/92616"}],"collection":[{"href":"https:\/\/www.enerjigazetesi.ist\/en\/wp-json\/wp\/v2\/posts"}],"about":[{"href":"https:\/\/www.enerjigazetesi.ist\/en\/wp-json\/wp\/v2\/types\/post"}],"author":[{"embeddable":true,"href":"https:\/\/www.enerjigazetesi.ist\/en\/wp-json\/wp\/v2\/users\/1"}],"replies":[{"embeddable":true,"href":"https:\/\/www.enerjigazetesi.ist\/en\/wp-json\/wp\/v2\/comments?post=92616"}],"version-history":[{"count":0,"href":"https:\/\/www.enerjigazetesi.ist\/en\/wp-json\/wp\/v2\/posts\/92616\/revisions"}],"wp:featuredmedia":[{"embeddable":true,"href":"https:\/\/www.enerjigazetesi.ist\/en\/wp-json\/wp\/v2\/media\/92619"}],"wp:attachment":[{"href":"https:\/\/www.enerjigazetesi.ist\/en\/wp-json\/wp\/v2\/media?parent=92616"}],"wp:term":[{"taxonomy":"category","embeddable":true,"href":"https:\/\/www.enerjigazetesi.ist\/en\/wp-json\/wp\/v2\/categories?post=92616"},{"taxonomy":"post_tag","embeddable":true,"href":"https:\/\/www.enerjigazetesi.ist\/en\/wp-json\/wp\/v2\/tags?post=92616"}],"curies":[{"name":"wp","href":"https:\/\/api.w.org\/{rel}","templated":true}]}}