{"id":92517,"date":"2019-05-12T22:34:01","date_gmt":"2019-05-12T19:34:01","guid":{"rendered":"https:\/\/www.enerjigazetesi.ist\/?p=92517"},"modified":"2019-05-12T22:38:16","modified_gmt":"2019-05-12T19:38:16","slug":"euas-dan-5-yil-icinde-yuzde-5-enerji-verimliligi-hedefi","status":"publish","type":"post","link":"https:\/\/www.enerjigazetesi.ist\/en\/euas-dan-5-yil-icinde-yuzde-5-enerji-verimliligi-hedefi\/","title":{"rendered":"(Turkish) E\u00dcA\u015e&#8217;dan 5 Y\u0131l \u0130\u00e7inde % 5 Enerji Verimlili\u011fi Hedefi!"},"content":{"rendered":"<p class=\"qtranxs-available-languages-message qtranxs-available-languages-message-en\">Sorry, this entry is only available in <a href=\"https:\/\/www.enerjigazetesi.ist\/tr\/wp-json\/wp\/v2\/posts\/92517\" class=\"qtranxs-available-language-link qtranxs-available-language-link-tr\" title=\"Turkish\">Turkish<\/a>. For the sake of viewer convenience, the content is shown below in the alternative language. You may click the link to switch the active language.<\/p><p><\/p>\n<h1>E\u00dcA\u015e Genel M\u00fcd\u00fcr\u00fc \u0130zzet Alag\u00f6z taraf\u0131ndan 5 y\u0131l i\u00e7erisinde enerji verimlili\u011fini y\u00fczde 5 artt\u0131racaklar\u0131 belirtildi. Enerji Bakanl\u0131\u011f\u0131 Elektrik \u00dcretim A\u015e. (E\u00dcA\u015e) Genel M\u00fcd\u00fcr\u00fc \u0130zzet Alag\u00f6z, Enerji Verimlili\u011fi Derne\u011fi taraf\u0131ndan ger\u00e7ekle\u015ftirilen \u201cVerimli Bulu\u015fmalar\u201d toplant\u0131 dizisinin \u00fc\u00e7\u00fcnc\u00fcs\u00fcnde yapt\u0131\u011f\u0131 de\u011ferlendirmede, 5 y\u0131l i\u00e7erisinde <img loading=\"lazy\" class=\"alignright size-medium wp-image-92519\" src=\"https:\/\/www.enerjigazetesi.ist\/wp-content\/uploads\/2019\/05\/euas-dan-5-yil-icinde-yuzde-5-enerji-verimliligi-hedefi-300x170.jpg\" alt=\"\" width=\"300\" height=\"170\" srcset=\"https:\/\/www.enerjigazetesi.ist\/wp-content\/uploads\/2019\/05\/euas-dan-5-yil-icinde-yuzde-5-enerji-verimliligi-hedefi-300x170.jpg 300w, https:\/\/www.enerjigazetesi.ist\/wp-content\/uploads\/2019\/05\/euas-dan-5-yil-icinde-yuzde-5-enerji-verimliligi-hedefi-768x434.jpg 768w, https:\/\/www.enerjigazetesi.ist\/wp-content\/uploads\/2019\/05\/euas-dan-5-yil-icinde-yuzde-5-enerji-verimliligi-hedefi-500x283.jpg 500w, https:\/\/www.enerjigazetesi.ist\/wp-content\/uploads\/2019\/05\/euas-dan-5-yil-icinde-yuzde-5-enerji-verimliligi-hedefi-80x45.jpg 80w, https:\/\/www.enerjigazetesi.ist\/wp-content\/uploads\/2019\/05\/euas-dan-5-yil-icinde-yuzde-5-enerji-verimliligi-hedefi.jpg 1000w\" sizes=\"(max-width: 300px) 100vw, 300px\" \/>enerji verimlili\u011fini y\u00fczde 5 artt\u0131racaklar\u0131n\u0131 s\u00f6yledi.<\/h1>\n<p>Alag\u00f6z, &#8220;Elektrik \u00dcretim A\u015e olarak 60\u2019a yak\u0131n elektrik santrali i\u015fletiyoruz. Devlete, millete ve bakanl\u0131\u011fa olan birinci dereceli sorumlulu\u011fumuz, bu santralleri i\u015fler halde bulundurmak, gerekli bak\u0131mlar\u0131n\u0131 yapmak. Bunu yaparken de verimlikle ilgili sorgulama yap\u0131lmas\u0131 \u00e7ok \u00f6nemli ve gerekli. Bu noktada Bakanl\u0131\u011f\u0131m\u0131za bir s\u00f6z verdik ve enerji verimlili\u011fi ile ilgili \u00f6zel bir \u00e7al\u0131\u015fma ba\u015flatt\u0131k. Enerji verimlili\u011fini portf\u00f6y baz\u0131nda her y\u0131l % 1 art\u0131rarak 5 y\u0131lda % 5 verimlilik sa\u011flayaca\u011f\u0131z&#8221; ifadelerini kulland\u0131.<\/p>\n<p>Alag\u00f6z, bundan dolay\u0131 E\u00dcA\u015e i\u00e7erisinde Enerji Verimlili\u011fi Daire Ba\u015fkanl\u0131\u011f\u0131 olu\u015fturduklar\u0131n\u0131; bu ba\u015fkanl\u0131\u011f\u0131n b\u00fct\u00fcn santrallerde yapt\u0131klar\u0131 \u00f6l\u00e7me ve izleme s\u00fcre\u00e7leri sonras\u0131nda geli\u015ftirdikleri projelerle verimlili\u011fi artt\u0131rmaya \u00e7al\u0131\u015ft\u0131klar\u0131n\u0131 ifade etti.<\/p>\n<p>Ayr\u0131ca Alag\u00f6z, enerji verimlili\u011finin, \u00fczerinde \u00e7ok konu\u015fulan ve herkesin g\u00fcndeminde olmas\u0131na kar\u015f\u0131n bu alandaki \u00e7al\u0131\u015fmalar\u0131n yo\u011funla\u015fmad\u0131\u011f\u0131na vurgu yaparak &#8220;Kaynaklar\u0131 israf etme gibi bir l\u00fcks\u00fcn bulunmamas\u0131 sebebiyle toplumun bu konuda uyar\u0131lmas\u0131, bilin\u00e7lendirilmesi gerekiyor. Bunun i\u00e7in teknik \u00e7al\u0131\u015fmalar da yapmal\u0131y\u0131z ama daha \u00e7ok bir bilin\u00e7lendirme, alg\u0131 olu\u015fturma noktas\u0131nda da hem \u00e7al\u0131\u015fanlar\u0131m\u0131z\u0131 hem \u00fcreticileri hem t\u00fcketicileri a\u00e7\u0131k\u00e7as\u0131 uyand\u0131rmal\u0131y\u0131z. Bu y\u00fczden Enerji Verimlili\u011fi Derne\u011fi \u00e7ok ciddi bir i\u015f yap\u0131yor&#8221; dedi.<\/p>","protected":false},"excerpt":{"rendered":"<p>Sorry, this entry is only available in Turkish. For the sake of viewer convenience, the content is shown below in the alternative language. You may click the link to switch the active language. E\u00dcA\u015e Genel M\u00fcd\u00fcr\u00fc \u0130zzet Alag\u00f6z taraf\u0131ndan 5 y\u0131l i\u00e7erisinde enerji verimlili\u011fini y\u00fczde 5 artt\u0131racaklar\u0131 belirtildi. Enerji Bakanl\u0131\u011f\u0131 Elektrik \u00dcretim A\u015e. (E\u00dcA\u015e) Genel [&hellip;]<\/p>\n","protected":false},"author":1,"featured_media":92519,"comment_status":"open","ping_status":"open","sticky":false,"template":"","format":"standard","meta":[],"categories":[51,53,52],"tags":[34979,19638,34980,26353,50428,67,1009,50431,1525,26559,1033,50429,50620,50430,793],"views":846,"_links":{"self":[{"href":"https:\/\/www.enerjigazetesi.ist\/en\/wp-json\/wp\/v2\/posts\/92517"}],"collection":[{"href":"https:\/\/www.enerjigazetesi.ist\/en\/wp-json\/wp\/v2\/posts"}],"about":[{"href":"https:\/\/www.enerjigazetesi.ist\/en\/wp-json\/wp\/v2\/types\/post"}],"author":[{"embeddable":true,"href":"https:\/\/www.enerjigazetesi.ist\/en\/wp-json\/wp\/v2\/users\/1"}],"replies":[{"embeddable":true,"href":"https:\/\/www.enerjigazetesi.ist\/en\/wp-json\/wp\/v2\/comments?post=92517"}],"version-history":[{"count":0,"href":"https:\/\/www.enerjigazetesi.ist\/en\/wp-json\/wp\/v2\/posts\/92517\/revisions"}],"wp:featuredmedia":[{"embeddable":true,"href":"https:\/\/www.enerjigazetesi.ist\/en\/wp-json\/wp\/v2\/media\/92519"}],"wp:attachment":[{"href":"https:\/\/www.enerjigazetesi.ist\/en\/wp-json\/wp\/v2\/media?parent=92517"}],"wp:term":[{"taxonomy":"category","embeddable":true,"href":"https:\/\/www.enerjigazetesi.ist\/en\/wp-json\/wp\/v2\/categories?post=92517"},{"taxonomy":"post_tag","embeddable":true,"href":"https:\/\/www.enerjigazetesi.ist\/en\/wp-json\/wp\/v2\/tags?post=92517"}],"curies":[{"name":"wp","href":"https:\/\/api.w.org\/{rel}","templated":true}]}}