{"id":925,"date":"2012-07-16T09:16:19","date_gmt":"2012-07-16T06:16:19","guid":{"rendered":"https:\/\/www.enerjigazetesi.ist\/?p=925"},"modified":"2012-07-16T09:16:19","modified_gmt":"2012-07-16T06:16:19","slug":"alman-uzman-turkiye-mevcut-enerji-potansiyelini-kullanamiyor","status":"publish","type":"post","link":"https:\/\/www.enerjigazetesi.ist\/en\/alman-uzman-turkiye-mevcut-enerji-potansiyelini-kullanamiyor\/","title":{"rendered":"(Turkish) Alman Uzman: T\u00fcrkiye Mevcut Enerji Potansiyelini Kullanam\u0131yor"},"content":{"rendered":"<p class=\"qtranxs-available-languages-message qtranxs-available-languages-message-en\">Sorry, this entry is only available in <a href=\"https:\/\/www.enerjigazetesi.ist\/tr\/wp-json\/wp\/v2\/posts\/925\" class=\"qtranxs-available-language-link qtranxs-available-language-link-tr\" title=\"Turkish\">Turkish<\/a>. For the sake of viewer convenience, the content is shown below in the alternative language. You may click the link to switch the active language.<\/p><p><\/p>\n<h2>Bursa&#8217;da bulunan finans ve ekonomi uzman\u0131 Prof.Dr.Niels Kr\u00f6ner, Avrupa&#8217;da n\u00fckleer enerji santrallerini kapatma yollar\u0131 aran\u0131rken, T\u00fcrkiye kurmas\u0131na anlam veremedi\u011fini s\u00f6yledi.<\/h2>\n<p><img loading=\"lazy\" class=\"alignright size-medium wp-image-927\" title=\"alman-uzman-turkiye-mevcut-enerji-potansiyeli-3783523_o\" src=\"https:\/\/www.enerjigazetesi.ist\/wp-content\/uploads\/2012\/07\/alman-uzman-turkiye-mevcut-enerji-potansiyeli-3783523_o1-279x300.jpg\" alt=\"\" width=\"279\" height=\"300\" srcset=\"https:\/\/www.enerjigazetesi.ist\/wp-content\/uploads\/2012\/07\/alman-uzman-turkiye-mevcut-enerji-potansiyeli-3783523_o1-279x300.jpg 279w, https:\/\/www.enerjigazetesi.ist\/wp-content\/uploads\/2012\/07\/alman-uzman-turkiye-mevcut-enerji-potansiyeli-3783523_o1-372x400.jpg 372w, https:\/\/www.enerjigazetesi.ist\/wp-content\/uploads\/2012\/07\/alman-uzman-turkiye-mevcut-enerji-potansiyeli-3783523_o1-46x50.jpg 46w, https:\/\/www.enerjigazetesi.ist\/wp-content\/uploads\/2012\/07\/alman-uzman-turkiye-mevcut-enerji-potansiyeli-3783523_o1.jpg 400w\" sizes=\"(max-width: 279px) 100vw, 279px\" \/>Bursa&#8217;da bulunan finans ve ekonomi uzman\u0131 Prof.Dr. Niels Kr\u00f6ner, Avrupa&#8217;da n\u00fckleer enerji santrallerini kapatma yollar\u0131 aran\u0131rken, T\u00fcrkiye&#8217;de n\u00fckleer enerji santralleri kurmas\u0131na anlam veremedi\u011fini s\u00f6yledi. Kr\u00f6ner, petrol ve k\u00f6m\u00fcr yat\u0131r\u0131mlar\u0131na sa\u011flad\u0131\u011f\u0131 deste\u011fi g\u00fcne\u015f enerjisine vermeyen T\u00fcrkiye&#8217;nin mevcut enerji potansiyelini kullanamad\u0131\u011f\u0131n\u0131 s\u00f6yledi.<\/p>\n<p>Uluda\u011f \u00dcniversitesi \u0130ktisadi \u0130dari Bilimler Fak\u00fcltesi&#8217;ne misafir \u00f6\u011fretim \u00fcyesi olarak gelen Alman g\u00fcne\u015f ve hidroelektrik sistemleri firmas\u0131 AEE Genel M\u00fcd\u00fcr\u00fc, finans ve ekonomi uzman\u0131 Prof.Dr. Niels Kr\u00f6ner, Bursa Botanik Park&#8217;ta gazetecilerle bir araya geldi. T\u00fcrkiye ve d\u00fcnyadaki g\u00fcne\u015f enerji sistemlerinde gelinen son durumu anlatan Prof.Dr. Kr\u00f6ner, Gebze Sanayi B\u00f6lgesi&#8217;nde bir\u00e7ok fabrikaya g\u00fcne\u015f enerjisi kurduklar\u0131n\u0131 anlatt\u0131. T\u00fcrkiye&#8217;de 15 firma ile \u00e7al\u0131\u015ft\u0131klar\u0131n\u0131 anlatan Kr\u00f6ner,d\u00fcnya \u00e7ap\u0131nda y\u00fczden fazla firmaya g\u00fcne\u015f enerji sistemi kurduklar\u0131n\u0131 ve 25 bin eve g\u00fcne\u015f enerjisi ile elektrik tedarik ettiklerini belirtti.<\/p>\n<p><strong>&#8220;8-9 YILDA KEND\u0130N\u0130 AMORT\u0130 ED\u0130YOR&#8221;<\/strong><\/p>\n<p>T\u00fcrkiye&#8217;deki enerji t\u00fcketimi ihtiyac\u0131n\u0131n her y\u0131l y\u00fczde 7 artt\u0131\u011f\u0131n\u0131 vurgulayan Prof.Dr. NielKr\u00f6ner, \u015f\u00f6yle dedi:<\/p>\n<p>&#8220;Elektrik fiyatlar\u0131 da her y\u0131l y\u00fczde 13 art\u0131yor. Tabii ki faturalar\u0131n rakamlar\u0131 da art\u0131yor. Biz de sanayiciye g\u00fcne\u015f enerjisi yararlanmas\u0131 i\u00e7in yard\u0131mc\u0131 oluyoruz. Bu sistem ile elektrik faturalar\u0131ndan y\u00fczde 5-10 tasarruf edilebiliyor. \u0130leriki yat\u0131r\u0131mlar\u0131 i\u00e7inde avantaj. Biz bu sistemi Almanya&#8217;da g\u00fcne\u015fin olmad\u0131\u011f\u0131 yerlerde kurduk.T\u00fcrkiye&#8217;de g\u00fcne\u015f enerjisi i\u00e7in b\u00fcy\u00fck potansiyel var. Organize sanayi b\u00f6lgelerinde bu sistem i\u00e7in yo\u011fun talep ediyor. Enerji elde etmek i\u00e7in b\u00fcy\u00fck alanlara gerek yok. 8-9 y\u0131l i\u00e7inde yat\u0131r\u0131m kendini amorti ediyor. Bu sistem 20 y\u0131l boyunca kullan\u0131labiliyor. B\u00fcy\u00fck bir fabrikan\u0131n \u00e7at\u0131s\u0131n\u0131 ele alacak olursak 10 bin metrelik bir alanda 500 kilowalt elektrik \u00fcretebilir. Paneller, m\u00fchendislik i\u015flemeleri, EPDK s\u00f6zle\u015fmeleri dahil 750 bin Euro&#8217;luk maliyetten s\u00f6z ediyoruz, Bulunulan yere ba\u011fl\u0131 olarak da 1000 metrekarelik bir alanda 70-100 evin elektri\u011fi kar\u015f\u0131lanabiliyor.&#8221;<\/p>\n<p>Almanya ve \u0130ngiltere&#8217;den daha ucuza T\u00fcrkiye&#8217;de sistem kurabildiklerinin alt\u0131n\u0131 \u00e7izen Kr\u00f6ner, bir\u00e7ok firman\u0131n T\u00fcrkiye&#8217;de bu sistemi Almanya ve \u0130ngiltere&#8217;deki firmalardan y\u00fczde 100 daha pahal\u0131ya yapt\u0131klar\u0131n\u0131 kaydetti.<\/p>\n<p><strong>6 AYDA G\u00dcNE\u015e PANEL\u0130<\/strong><\/p>\n<p>T\u00fcrkiye&#8217;de sanayinin yo\u011fun oldu\u011fu Gebze ve Bursa d\u0131\u015f\u0131nda Adana, Mersin ve Konya&#8217;da da g\u00fcne\u015f enerji panelleri kurmak i\u00e7in olanak bulundu\u011funu s\u00f6yleyen Prof.Dr. Niels Kr\u00f6ner, g\u00fcne\u015f enerji sistemlerinin g\u00fcnden g\u00fcne ucuzlad\u0131\u011f\u0131n\u0131 aktard\u0131. T\u00fcrkiye&#8217;de kurulmas\u0131 planlanan n\u00fckleer enerji santrallerini de de\u011ferlendiren Prof.Dr. Niels Kr\u00f6ner, \u015f\u00f6yle devam etti:<\/p>\n<p>&#8220;Avrupa&#8217;da n\u00fckleer enerji bu kadar pop\u00fcler de\u011fil. T\u00fcrkiye&#8217;de ise h\u00fck\u00fcmet n\u00fckleer santraller kuruyor. N\u00fckleer enerji pahal\u0131 bir sistem. T\u00fcrkiye&#8217;de neden n\u00fckleer santraller kurulmak isteniyor anlam\u0131yorum. Zaten kurulu\u015fu yakla\u015f\u0131k 10 y\u0131l s\u00fcr\u00fcyor. Yenilenebilir enerji tarz\u0131nda g\u00fcne\u015f enerjimiz varken neden bunu kullan\u0131yoruz. Hem g\u00fcne\u015f enerjisinden daha pahal\u0131. G\u00fcne\u015f panellerinin kurulumu ise, 6 ay i\u00e7inde ger\u00e7ekle\u015ftirilebiliyor. B\u00fcy\u00fck bir b\u00f6lgeye de gerek yok. N\u00fckleer santralleri Avrupa Birli\u011fi kapatmak istiyor. T\u00fcrkiye&#8217;deki gibi g\u00fcne\u015f bize de yok. Ama g\u00fcne\u015f enerji sistemlerine destek var. 1 y\u0131l i\u00e7inde b\u00fct\u00fcn Avrupa&#8217;da teknoloji alanlar\u0131nda g\u00fcne\u015f enerjisi kullan\u0131lmaya ba\u015fland\u0131. N\u00fckleer, k\u00f6m\u00fcr ve dizel enerji t\u00fcrlerine g\u00f6re g\u00fcne\u015f enerjisine y\u00f6nelim var.&#8221;<\/p>\n<p><strong>G\u00dcNE\u015e ENERJ\u0130S\u0130NE B\u00dcROKRAT\u0130K ENGEL<\/strong><\/p>\n<p>T\u00fcrkiye&#8217;de h\u00fck\u00fcmetin g\u00fcne\u015f enerji sistemlerine destek vermedi\u011fini vurgulayan Prof.Dr. Niels Kr\u00f6ner, serbest piyasan\u0131n desteksiz bir \u015fekilde \u00e7al\u0131\u015f\u0131labilece\u011fini ancak, n\u00fckleer enerjiye k\u0131yasland\u0131\u011f\u0131nda yenilenebilir, temiz enerji yat\u0131r\u0131mlar\u0131 i\u00e7in devaml\u0131 b\u00fcrokratik engellerle kar\u015f\u0131la\u015ft\u0131klar\u0131n\u0131, dizel jenerat\u00f6r, k\u00f6m\u00fcr i\u00e7in kolayca lisans ve onay al\u0131nabildi\u011fi halde \u00e7at\u0131daki g\u00fcne\u015f enerjisi i\u00e7in neden bu kadar zor lisans verildi\u011fini sordu.<\/p>\n<p>Kaynak: <a href=\"http:\/\/www.haberler.com\/alman-uzman-turkiye-mevcut-enerji-potansiyelini-3783523-haberi\/\" target=\"_blank\">Haberler<\/a><\/p>","protected":false},"excerpt":{"rendered":"<p>Sorry, this entry is only available in Turkish. For the sake of viewer convenience, the content is shown below in the alternative language. You may click the link to switch the active language. Bursa&#8217;da bulunan finans ve ekonomi uzman\u0131 Prof.Dr.Niels Kr\u00f6ner, Avrupa&#8217;da n\u00fckleer enerji santrallerini kapatma yollar\u0131 aran\u0131rken, T\u00fcrkiye kurmas\u0131na anlam veremedi\u011fini s\u00f6yledi. Bursa&#8217;da bulunan [&hellip;]<\/p>\n","protected":false},"author":1,"featured_media":927,"comment_status":"open","ping_status":"open","sticky":false,"template":"","format":"standard","meta":[],"categories":[51,53,49],"tags":[141,13,142],"views":1197,"_links":{"self":[{"href":"https:\/\/www.enerjigazetesi.ist\/en\/wp-json\/wp\/v2\/posts\/925"}],"collection":[{"href":"https:\/\/www.enerjigazetesi.ist\/en\/wp-json\/wp\/v2\/posts"}],"about":[{"href":"https:\/\/www.enerjigazetesi.ist\/en\/wp-json\/wp\/v2\/types\/post"}],"author":[{"embeddable":true,"href":"https:\/\/www.enerjigazetesi.ist\/en\/wp-json\/wp\/v2\/users\/1"}],"replies":[{"embeddable":true,"href":"https:\/\/www.enerjigazetesi.ist\/en\/wp-json\/wp\/v2\/comments?post=925"}],"version-history":[{"count":1,"href":"https:\/\/www.enerjigazetesi.ist\/en\/wp-json\/wp\/v2\/posts\/925\/revisions"}],"predecessor-version":[{"id":928,"href":"https:\/\/www.enerjigazetesi.ist\/en\/wp-json\/wp\/v2\/posts\/925\/revisions\/928"}],"wp:featuredmedia":[{"embeddable":true,"href":"https:\/\/www.enerjigazetesi.ist\/en\/wp-json\/wp\/v2\/media\/927"}],"wp:attachment":[{"href":"https:\/\/www.enerjigazetesi.ist\/en\/wp-json\/wp\/v2\/media?parent=925"}],"wp:term":[{"taxonomy":"category","embeddable":true,"href":"https:\/\/www.enerjigazetesi.ist\/en\/wp-json\/wp\/v2\/categories?post=925"},{"taxonomy":"post_tag","embeddable":true,"href":"https:\/\/www.enerjigazetesi.ist\/en\/wp-json\/wp\/v2\/tags?post=925"}],"curies":[{"name":"wp","href":"https:\/\/api.w.org\/{rel}","templated":true}]}}