{"id":92353,"date":"2019-05-10T10:48:31","date_gmt":"2019-05-10T07:48:31","guid":{"rendered":"https:\/\/www.enerjigazetesi.ist\/?p=92353"},"modified":"2019-05-10T11:09:49","modified_gmt":"2019-05-10T08:09:49","slug":"lisanssiz-yenilenebilir-enerji-santrali-kurulu-guc-ust-siniri-5mwa-yukseltildi","status":"publish","type":"post","link":"https:\/\/www.enerjigazetesi.ist\/en\/lisanssiz-yenilenebilir-enerji-santrali-kurulu-guc-ust-siniri-5mwa-yukseltildi\/","title":{"rendered":"(Turkish) Lisanss\u0131z Yenilenebilir Enerji Santrali Kurulu G\u00fcc\u00fcnde \u00dcst S\u0131n\u0131r 5MW Oldu"},"content":{"rendered":"<p class=\"qtranxs-available-languages-message qtranxs-available-languages-message-en\">Sorry, this entry is only available in <a href=\"https:\/\/www.enerjigazetesi.ist\/tr\/wp-json\/wp\/v2\/posts\/92353\" class=\"qtranxs-available-language-link qtranxs-available-language-link-tr\" title=\"Turkish\">Turkish<\/a>. For the sake of viewer convenience, the content is shown below in the alternative language. You may click the link to switch the active language.<\/p><p><\/p>\n<h1>Lisanss\u0131z \u00fcretim ger\u00e7ekle\u015ftiren yenilenebilir enerji kayna\u011f\u0131na dayal\u0131 tesislerin kurulu g\u00fc\u00e7 s\u0131n\u0131r\u0131 5MW\u2019a y\u00fckseltildi.<\/h1>\n<p><img loading=\"lazy\" class=\"alignleft size-medium wp-image-92355\" src=\"https:\/\/www.enerjigazetesi.ist\/wp-content\/uploads\/2019\/05\/lisanssiz-yenilenebilir-enerji-santrali-kurulu-guc-ust-siniri-5mwa-yukseltildi-300x119.jpg\" alt=\"\" width=\"300\" height=\"119\" srcset=\"https:\/\/www.enerjigazetesi.ist\/wp-content\/uploads\/2019\/05\/lisanssiz-yenilenebilir-enerji-santrali-kurulu-guc-ust-siniri-5mwa-yukseltildi-300x119.jpg 300w, https:\/\/www.enerjigazetesi.ist\/wp-content\/uploads\/2019\/05\/lisanssiz-yenilenebilir-enerji-santrali-kurulu-guc-ust-siniri-5mwa-yukseltildi-500x198.jpg 500w, https:\/\/www.enerjigazetesi.ist\/wp-content\/uploads\/2019\/05\/lisanssiz-yenilenebilir-enerji-santrali-kurulu-guc-ust-siniri-5mwa-yukseltildi-80x32.jpg 80w, https:\/\/www.enerjigazetesi.ist\/wp-content\/uploads\/2019\/05\/lisanssiz-yenilenebilir-enerji-santrali-kurulu-guc-ust-siniri-5mwa-yukseltildi.jpg 600w\" sizes=\"(max-width: 300px) 100vw, 300px\" \/>Yenilenebilir Enerji Kaynaklar\u0131na Dayal\u0131 \u00dcretim Faaliyet G\u00f6stermekte Olan Tesislere y\u00f6nelik Uygulanacak Fiyat ve S\u00fcreler \u0130le Yerli Katk\u0131 \u0130lavesine \u0130li\u015fkin Karar \u00e7er\u00e7evesinde 1044 Say\u0131l\u0131 Cumhurba\u015fkanl\u0131\u011f\u0131 Karar\u0131 ile de\u011fi\u015fiklik ger\u00e7ekle\u015ftirildi. De\u011fi\u015fiklik kapsam\u0131nda, de\u011fi\u015fikli\u011fin y\u00fcr\u00fcrl\u00fc\u011fe girdi\u011fi tarihten itibaren ba\u011flant\u0131 anla\u015fmas\u0131 \u00e7a\u011fr\u0131 mektubu almaya hak kazanan, lisanss\u0131z faaliyet yapabilecek yenilenebilir enerji kaynaklar\u0131na dayal\u0131 \u00fcretim tesislerinin kurulu g\u00fc\u00e7te \u00fcst s\u0131n\u0131r\u0131 5 MW\u2019a \u00e7\u0131kart\u0131ld\u0131.<\/p>\n<h2>Mesken Aboneleri 10 KW G\u00fcce Kadar Elektri\u011fi \u015eebekeye Satabilecek<\/h2>\n<p>Ayn\u0131 karar do\u011frultusunda ba\u011flant\u0131 anla\u015fmas\u0131 \u00e7a\u011fr\u0131 mektubu almaya hak kazanm\u0131\u015f olan Yenilenebilir Enerji Kaynaklar\u0131 Destekleme Mekanizmas\u0131\u2019na (YEKDEM) tabi \u00fcretim tesislerinden, kurulu g\u00fcc\u00fc t\u00fcketim tesisinin ba\u011flant\u0131 anla\u015fmas\u0131 s\u00f6zle\u015fme g\u00fcc\u00fcyle s\u0131n\u0131rl\u0131 olmak ko\u015fuluyla; \u00fcretimi ve t\u00fcketimi ayn\u0131 \u00f6l\u00e7\u00fcm noktas\u0131nda olmak \u00fczere, mesken aboneleri 10kW\u2019a kadar (dahil) olarak sanayi, ticarethane ve ayd\u0131nlatma abonelerine y\u00f6nelik kurulan \u00e7at\u0131 ve cephe uygulamal\u0131 g\u00fcne\u015f enerjisi kaynakl\u0131 \u00fcretim tesisleri ile di\u011fer yenilenebilir enerji kaynaklar\u0131na dayal\u0131 elektrik \u00fcretim tesislerinde \u00fcretilen ihtiya\u00e7 fazlas\u0131 elektrik enerjisine y\u00f6nelik ise Enerji Piyasas\u0131 D\u00fczenleme Kurumu (EPDK) taraf\u0131ndan ilan edilen kendi abone grubuna ait perakende tek zamanl\u0131 aktif enerji bedeli, tesisin i\u015fletmeye giri\u015f tarihinden itibaren 10 y\u0131l s\u00fcre ile uygulanacakt\u0131r.<\/p>\n<h2>Belediyeler ve \u00c7ift\u00e7iler de Faydalanabilecek<\/h2>\n<p>Tar\u0131msal sulama aboneleriyle i\u00e7me suyu tesisleri ve at\u0131k su ar\u0131tma tesislerinin ihtiya\u00e7lar\u0131na y\u00f6nelik ve kamu kurum ve kurulu\u015flar\u0131 taraf\u0131ndan kurulan \u00e7at\u0131, cephe ve arazi uygulamal\u0131 yenilenebilir enerji kaynaklar\u0131na dayal\u0131 elektrik \u00fcretim tesislerinde de ayn\u0131 uygulama ge\u00e7erli\u011fini koruyacakt\u0131r. S\u00f6zle\u015fme g\u00fcc\u00fc toplam\u0131 ile s\u0131n\u0131rl\u0131 olmak \u00fczere kamu kurum ve kurulu\u015flar\u0131 taraf\u0131ndan \u00e7at\u0131, cephe ve arazi uygulamal\u0131 yenilenebilir enerji kaynaklar\u0131na dayal\u0131 elektrik \u00fcretim tesislerinde ise \u00fcretim ve t\u00fcketimi ayn\u0131 \u00f6l\u00e7\u00fcm noktas\u0131nda olma \u015fart\u0131 ise aranmayacakt\u0131r.<\/p>\n<p><a href=\"http:\/\/www.resmigazete.gov.tr\/eskiler\/2019\/05\/20190510-10.pdf\" target=\"_blank\" rel=\"noopener\">\u0130lgili Resmi Gazete Karar\u0131 \u0130\u00e7in TIKLAYINIZ &gt;&gt;&gt;<\/a><\/p>\n<p>Sarp ALTINEL &#8211; <a href=\"mailto:sarp.altinel@enerjigazetesi.ist\" target=\"_blank\" rel=\"noopener\">sarp.altinel@enerjigazetesi.ist<\/a><\/p>","protected":false},"excerpt":{"rendered":"<p>Sorry, this entry is only available in Turkish. For the sake of viewer convenience, the content is shown below in the alternative language. You may click the link to switch the active language. Lisanss\u0131z \u00fcretim ger\u00e7ekle\u015ftiren yenilenebilir enerji kayna\u011f\u0131na dayal\u0131 tesislerin kurulu g\u00fc\u00e7 s\u0131n\u0131r\u0131 5MW\u2019a y\u00fckseltildi. Yenilenebilir Enerji Kaynaklar\u0131na Dayal\u0131 \u00dcretim Faaliyet G\u00f6stermekte Olan Tesislere [&hellip;]<\/p>\n","protected":false},"author":1,"featured_media":92355,"comment_status":"open","ping_status":"open","sticky":false,"template":"","format":"standard","meta":[],"categories":[51,53,49],"tags":[50497,28782,50494,50502,3126,31079,50501,50500,34979,26353,19,42030,67,1009,1046,750,23416,50499,23133,34925,23131,50496,2282,20767,1902,50498,34977,50495,8275,105,26829,508,19580],"views":1764,"_links":{"self":[{"href":"https:\/\/www.enerjigazetesi.ist\/en\/wp-json\/wp\/v2\/posts\/92353"}],"collection":[{"href":"https:\/\/www.enerjigazetesi.ist\/en\/wp-json\/wp\/v2\/posts"}],"about":[{"href":"https:\/\/www.enerjigazetesi.ist\/en\/wp-json\/wp\/v2\/types\/post"}],"author":[{"embeddable":true,"href":"https:\/\/www.enerjigazetesi.ist\/en\/wp-json\/wp\/v2\/users\/1"}],"replies":[{"embeddable":true,"href":"https:\/\/www.enerjigazetesi.ist\/en\/wp-json\/wp\/v2\/comments?post=92353"}],"version-history":[{"count":0,"href":"https:\/\/www.enerjigazetesi.ist\/en\/wp-json\/wp\/v2\/posts\/92353\/revisions"}],"wp:featuredmedia":[{"embeddable":true,"href":"https:\/\/www.enerjigazetesi.ist\/en\/wp-json\/wp\/v2\/media\/92355"}],"wp:attachment":[{"href":"https:\/\/www.enerjigazetesi.ist\/en\/wp-json\/wp\/v2\/media?parent=92353"}],"wp:term":[{"taxonomy":"category","embeddable":true,"href":"https:\/\/www.enerjigazetesi.ist\/en\/wp-json\/wp\/v2\/categories?post=92353"},{"taxonomy":"post_tag","embeddable":true,"href":"https:\/\/www.enerjigazetesi.ist\/en\/wp-json\/wp\/v2\/tags?post=92353"}],"curies":[{"name":"wp","href":"https:\/\/api.w.org\/{rel}","templated":true}]}}