{"id":92268,"date":"2019-05-08T23:56:02","date_gmt":"2019-05-08T20:56:02","guid":{"rendered":"https:\/\/www.enerjigazetesi.ist\/?p=92268"},"modified":"2019-05-08T23:57:53","modified_gmt":"2019-05-08T20:57:53","slug":"elektrikli-arac-batarya-pazari-2027-yilinda-yuzde-8-5-buyuyecek","status":"publish","type":"post","link":"https:\/\/www.enerjigazetesi.ist\/en\/elektrikli-arac-batarya-pazari-2027-yilinda-yuzde-8-5-buyuyecek\/","title":{"rendered":"(Turkish) Elektrikli Ara\u00e7 Batarya Pazar\u0131 2027 Y\u0131l\u0131nda % 8,5 B\u00fcy\u00fcyecek"},"content":{"rendered":"<p class=\"qtranxs-available-languages-message qtranxs-available-languages-message-en\">Sorry, this entry is only available in <a href=\"https:\/\/www.enerjigazetesi.ist\/tr\/wp-json\/wp\/v2\/posts\/92268\" class=\"qtranxs-available-language-link qtranxs-available-language-link-tr\" title=\"Turkish\">Turkish<\/a>. For the sake of viewer convenience, the content is shown below in the alternative language. You may click the link to switch the active language.<\/p><p><\/p>\n<h1>K\u00fcresel elektrikli ara\u00e7 batarya pazar\u0131n\u0131n <img loading=\"lazy\" class=\"alignright size-medium wp-image-92270\" src=\"https:\/\/www.enerjigazetesi.ist\/wp-content\/uploads\/2019\/05\/elektrikli-arac-batarya-pazari-2027-yilinda-yuzde-8-5-buyuyecek-300x169.jpg\" alt=\"\" width=\"300\" height=\"169\" srcset=\"https:\/\/www.enerjigazetesi.ist\/wp-content\/uploads\/2019\/05\/elektrikli-arac-batarya-pazari-2027-yilinda-yuzde-8-5-buyuyecek-300x169.jpg 300w, https:\/\/www.enerjigazetesi.ist\/wp-content\/uploads\/2019\/05\/elektrikli-arac-batarya-pazari-2027-yilinda-yuzde-8-5-buyuyecek-500x281.jpg 500w, https:\/\/www.enerjigazetesi.ist\/wp-content\/uploads\/2019\/05\/elektrikli-arac-batarya-pazari-2027-yilinda-yuzde-8-5-buyuyecek-80x45.jpg 80w, https:\/\/www.enerjigazetesi.ist\/wp-content\/uploads\/2019\/05\/elektrikli-arac-batarya-pazari-2027-yilinda-yuzde-8-5-buyuyecek.jpg 750w\" sizes=\"(max-width: 300px) 100vw, 300px\" \/>2027\u2019ye kadar 31,7 milyar dolarl\u0131k bir de\u011fer olu\u015fturarak y\u00fczde 8,5 b\u00fcy\u00fcyece\u011fi \u00f6ng\u00f6r\u00fclmektedir.<\/h1>\n<p>Future Market Insights\u2019\u0131n tahminine g\u00f6re, elektrikli ara\u00e7 lityum-iyon batarya pazar\u0131 2027\u2019ye kadar 23 milyar dolarl\u0131k gelir olu\u015fturaca\u011f\u0131 belirtilmektedir.<\/p>\n<p>Son d\u00f6nemde elektrikli ara\u00e7lara olan talep, batarya \u00fcreticilerini \u00fcretim kapasitelerini art\u0131rmaya te\u015fvik etti. B\u00fcy\u00fcyen kapasiteler \u00fcreticilerin daha ekonomik \u015fartlarda \u00fcretim yapmas\u0131n\u0131 ve maliyetlerini d\u00fc\u015f\u00fcrmesini sa\u011flad\u0131. Ayr\u0131ca, yeni batarya teknolojisi de elektrikli ara\u00e7lar\u0131n kilometre mesafelerindeki maliyetleri d\u00fc\u015f\u00fcrd\u00fc. T\u00fcm bu geli\u015fmeler ise insanlar\u0131n tercihlerinin konvansiyonel ara\u00e7lardan elektrikli ara\u00e7lara kaymas\u0131na sebep oldu.<\/p>\n<p><strong>Kaynak:\u00a0<\/strong><a href=\"https:\/\/www.smart-energy.com\/industry-sectors\/electric-vehicles\/ev-battery-market-to-record-8-5-by-2017\/\" target=\"_blank\" rel=\"noopener\"><strong>Smart International<\/strong><\/a>\u00a0&#8211; <strong>ELDER E-B\u00fclten Say\u0131:<\/strong> <a href=\"http:\/\/www.elder.org.tr\/ebulten\/bulten219.html#haber7\" target=\"_blank\" rel=\"noopener\">219- May\u0131s 2019<\/a><\/p>","protected":false},"excerpt":{"rendered":"<p>Sorry, this entry is only available in Turkish. For the sake of viewer convenience, the content is shown below in the alternative language. You may click the link to switch the active language. K\u00fcresel elektrikli ara\u00e7 batarya pazar\u0131n\u0131n 2027\u2019ye kadar 31,7 milyar dolarl\u0131k bir de\u011fer olu\u015fturarak y\u00fczde 8,5 b\u00fcy\u00fcyece\u011fi \u00f6ng\u00f6r\u00fclmektedir. Future Market Insights\u2019\u0131n tahminine g\u00f6re, [&hellip;]<\/p>\n","protected":false},"author":1,"featured_media":92270,"comment_status":"open","ping_status":"open","sticky":false,"template":"","format":"standard","meta":[],"categories":[51,53,157],"tags":[50426,50425,25473,50427,35236,50423,50424],"views":918,"_links":{"self":[{"href":"https:\/\/www.enerjigazetesi.ist\/en\/wp-json\/wp\/v2\/posts\/92268"}],"collection":[{"href":"https:\/\/www.enerjigazetesi.ist\/en\/wp-json\/wp\/v2\/posts"}],"about":[{"href":"https:\/\/www.enerjigazetesi.ist\/en\/wp-json\/wp\/v2\/types\/post"}],"author":[{"embeddable":true,"href":"https:\/\/www.enerjigazetesi.ist\/en\/wp-json\/wp\/v2\/users\/1"}],"replies":[{"embeddable":true,"href":"https:\/\/www.enerjigazetesi.ist\/en\/wp-json\/wp\/v2\/comments?post=92268"}],"version-history":[{"count":0,"href":"https:\/\/www.enerjigazetesi.ist\/en\/wp-json\/wp\/v2\/posts\/92268\/revisions"}],"wp:featuredmedia":[{"embeddable":true,"href":"https:\/\/www.enerjigazetesi.ist\/en\/wp-json\/wp\/v2\/media\/92270"}],"wp:attachment":[{"href":"https:\/\/www.enerjigazetesi.ist\/en\/wp-json\/wp\/v2\/media?parent=92268"}],"wp:term":[{"taxonomy":"category","embeddable":true,"href":"https:\/\/www.enerjigazetesi.ist\/en\/wp-json\/wp\/v2\/categories?post=92268"},{"taxonomy":"post_tag","embeddable":true,"href":"https:\/\/www.enerjigazetesi.ist\/en\/wp-json\/wp\/v2\/tags?post=92268"}],"curies":[{"name":"wp","href":"https:\/\/api.w.org\/{rel}","templated":true}]}}