{"id":92246,"date":"2019-05-08T22:50:03","date_gmt":"2019-05-08T19:50:03","guid":{"rendered":"https:\/\/www.enerjigazetesi.ist\/?p=92246"},"modified":"2019-05-08T23:00:45","modified_gmt":"2019-05-08T20:00:45","slug":"cocuklar-aydinlik-bir-sehir-duslerini-resimlerine-yansitti","status":"publish","type":"post","link":"https:\/\/www.enerjigazetesi.ist\/en\/cocuklar-aydinlik-bir-sehir-duslerini-resimlerine-yansitti\/","title":{"rendered":"(Turkish) \u00c7ocuklar &#8220;Ayd\u0131nl\u0131k Bir \u015eehir&#8221; \u0130\u00e7in D\u00fc\u015flerini Resimlere Yans\u0131tt\u0131"},"content":{"rendered":"<p class=\"qtranxs-available-languages-message qtranxs-available-languages-message-en\">Sorry, this entry is only available in <a href=\"https:\/\/www.enerjigazetesi.ist\/tr\/wp-json\/wp\/v2\/posts\/92246\" class=\"qtranxs-available-language-link qtranxs-available-language-link-tr\" title=\"Turkish\">Turkish<\/a>. For the sake of viewer convenience, the content is shown below in the alternative language. You may click the link to switch the active language.<\/p><p><\/p>\n<h1>Trakya Elektrik Da\u011f\u0131t\u0131m A.\u015e.\u2019nin (TREDA\u015e) ilkokul \u00e7a\u011f\u0131ndaki \u00e7ocuklara enerji tasarrufu<img loading=\"lazy\" class=\"alignright wp-image-92249\" src=\"https:\/\/www.enerjigazetesi.ist\/wp-content\/uploads\/2019\/05\/1557212891_3._AYTA___YILMAZO__ULLARI_1A_7YA___ABALAR___LKOKULU.jpg\" alt=\"\" width=\"240\" height=\"320\" srcset=\"https:\/\/www.enerjigazetesi.ist\/wp-content\/uploads\/2019\/05\/1557212891_3._AYTA___YILMAZO__ULLARI_1A_7YA___ABALAR___LKOKULU.jpg 366w, https:\/\/www.enerjigazetesi.ist\/wp-content\/uploads\/2019\/05\/1557212891_3._AYTA___YILMAZO__ULLARI_1A_7YA___ABALAR___LKOKULU-225x300.jpg 225w, https:\/\/www.enerjigazetesi.ist\/wp-content\/uploads\/2019\/05\/1557212891_3._AYTA___YILMAZO__ULLARI_1A_7YA___ABALAR___LKOKULU-300x400.jpg 300w, https:\/\/www.enerjigazetesi.ist\/wp-content\/uploads\/2019\/05\/1557212891_3._AYTA___YILMAZO__ULLARI_1A_7YA___ABALAR___LKOKULU-38x50.jpg 38w\" sizes=\"(max-width: 240px) 100vw, 240px\" \/> bilincini a\u015f\u0131lamak amac\u0131yla d\u00fczenledi\u011fi \u201cAyd\u0131nl\u0131k Bir \u015eehir\u201d temal\u0131 resim yar\u0131\u015fmas\u0131nda dereceye giren isimler belli oldu.<\/h1>\n<p>Trakya Elektrik Da\u011f\u0131t\u0131m A.\u015e.\u2019nin (TREDA\u015e) \u00e7ocuklar\u0131n enerji tasarrufu k\u00fclt\u00fcr\u00fcyle yeti\u015febilmesi i\u00e7in ge\u00e7ti\u011fimiz y\u0131l ilk ad\u0131m\u0131n\u0131 <img loading=\"lazy\" class=\"alignleft wp-image-92250\" src=\"https:\/\/www.enerjigazetesi.ist\/wp-content\/uploads\/2019\/05\/1557212888_2._EL__F_KARHARAMAN_BAH__E__EH__R_KOLEJ_____ORLU_KAMP__S____1C_7_YA__-225x300.jpg\" alt=\"\" width=\"240\" height=\"320\" srcset=\"https:\/\/www.enerjigazetesi.ist\/wp-content\/uploads\/2019\/05\/1557212888_2._EL__F_KARHARAMAN_BAH__E__EH__R_KOLEJ_____ORLU_KAMP__S____1C_7_YA__-225x300.jpg 225w, https:\/\/www.enerjigazetesi.ist\/wp-content\/uploads\/2019\/05\/1557212888_2._EL__F_KARHARAMAN_BAH__E__EH__R_KOLEJ_____ORLU_KAMP__S____1C_7_YA__-300x400.jpg 300w, https:\/\/www.enerjigazetesi.ist\/wp-content\/uploads\/2019\/05\/1557212888_2._EL__F_KARHARAMAN_BAH__E__EH__R_KOLEJ_____ORLU_KAMP__S____1C_7_YA__-38x50.jpg 38w, https:\/\/www.enerjigazetesi.ist\/wp-content\/uploads\/2019\/05\/1557212888_2._EL__F_KARHARAMAN_BAH__E__EH__R_KOLEJ_____ORLU_KAMP__S____1C_7_YA__.jpg 366w\" sizes=\"(max-width: 240px) 100vw, 240px\" \/>att\u0131\u011f\u0131 bu y\u0131l 2.\u2019sini d\u00fczenledi\u011fi \u201cAyd\u0131nl\u0131k Bir \u015eehir\u201d isimli resim yar\u0131\u015fmas\u0131nda dereceye giren \u00f6\u011frenciler a\u00e7\u0131kland\u0131.<\/p>\n<p>Tekirda\u011f Emlak Konut Ergene Vadisi \u0130lkokulu\u2019ndan Uygar G\u00f6n\u00fcll\u00fc\u2019n\u00fcn birinci oldu\u011fu yar\u0131\u015fmada, ikincilik \u00f6d\u00fcl\u00fc Tekirda\u011f-\u00c7orlu Bah\u00e7e\u015fehir Koleji\u2019nden Elif Kahraman\u2019a, \u00fc\u00e7\u00fcnc\u00fcl\u00fck \u00f6d\u00fcl\u00fc ise Edirne Abalar \u0130lkokulu\u2019ndan Ayta\u00e7 Y\u0131lmazo\u011fullar\u0131\u2019na verildi. Ayn\u0131 yar\u0131\u015fmada Tekirda\u011f M\u00fcrefte \u0130lkokulu\u2019ndan Asya Sapanl\u0131 d\u00f6rd\u00fcnc\u00fc olurken, Edirne Bah\u00e7e\u015fehir \u0130lkokulu\u2019ndan Duru Uzunca da be\u015finci oldu. Yar\u0131\u015fmada birincilik \u00f6d\u00fcl\u00fc olarak bisiklet, ikinci ve \u00fc\u00e7\u00fcnc\u00fc olan \u00f6\u011frencilere Scooter, d\u00f6rd\u00fcnc\u00fc ve be\u015finci olan \u00f6\u011frencilere ise tablet arma\u011fan edilecek.<\/p>\n<p>Edirne, Tekirda\u011f, K\u0131rklareli genelindeki resmi\/\u00f6zel t\u00fcm ilkokul \u00f6\u011frencilerine y\u00f6nelik olarak d\u00fczenlenen resim yar\u0131\u015fmas\u0131yla \u00e7ocuklar\u0131n enerji tasarrufu konusunda bilin\u00e7lendirilmesi ama\u00e7land\u0131.<\/p>\n<p>TREDA\u015e, projeyle gelecek nesillerin b\u00fcy\u00fcd\u00fcklerinde ya\u015fad\u0131klar\u0131 alan\u0131n ve \u00fclkemizin enerji tasarruflar\u0131na y\u00f6n verebilmesi i\u00e7in fark\u0131ndal\u0131k olu\u015fturmay\u0131 hedefliyor.<\/p>\n<p><img loading=\"lazy\" class=\"alignleft wp-image-92255\" src=\"https:\/\/www.enerjigazetesi.ist\/wp-content\/uploads\/2019\/05\/1557212889_5.DURU_UZUNCA_3A___ZEL_ED__RNE_BAH__E__EH__R___LKOKULU-300x225.jpg\" alt=\"\" width=\"345\" height=\"259\" srcset=\"https:\/\/www.enerjigazetesi.ist\/wp-content\/uploads\/2019\/05\/1557212889_5.DURU_UZUNCA_3A___ZEL_ED__RNE_BAH__E__EH__R___LKOKULU-300x225.jpg 300w, https:\/\/www.enerjigazetesi.ist\/wp-content\/uploads\/2019\/05\/1557212889_5.DURU_UZUNCA_3A___ZEL_ED__RNE_BAH__E__EH__R___LKOKULU-500x375.jpg 500w, https:\/\/www.enerjigazetesi.ist\/wp-content\/uploads\/2019\/05\/1557212889_5.DURU_UZUNCA_3A___ZEL_ED__RNE_BAH__E__EH__R___LKOKULU-67x50.jpg 67w, https:\/\/www.enerjigazetesi.ist\/wp-content\/uploads\/2019\/05\/1557212889_5.DURU_UZUNCA_3A___ZEL_ED__RNE_BAH__E__EH__R___LKOKULU.jpg 650w\" sizes=\"(max-width: 345px) 100vw, 345px\" \/><\/p>\n<p><img loading=\"lazy\" class=\"alignright wp-image-92254\" src=\"https:\/\/www.enerjigazetesi.ist\/wp-content\/uploads\/2019\/05\/1557212891_4._ASYA_SAPANLI_9_YA___M__REFTE___LKOKULU_3B_SINIF-300x225.jpg\" alt=\"\" width=\"345\" height=\"259\" srcset=\"https:\/\/www.enerjigazetesi.ist\/wp-content\/uploads\/2019\/05\/1557212891_4._ASYA_SAPANLI_9_YA___M__REFTE___LKOKULU_3B_SINIF-300x225.jpg 300w, https:\/\/www.enerjigazetesi.ist\/wp-content\/uploads\/2019\/05\/1557212891_4._ASYA_SAPANLI_9_YA___M__REFTE___LKOKULU_3B_SINIF-500x375.jpg 500w, https:\/\/www.enerjigazetesi.ist\/wp-content\/uploads\/2019\/05\/1557212891_4._ASYA_SAPANLI_9_YA___M__REFTE___LKOKULU_3B_SINIF-67x50.jpg 67w, https:\/\/www.enerjigazetesi.ist\/wp-content\/uploads\/2019\/05\/1557212891_4._ASYA_SAPANLI_9_YA___M__REFTE___LKOKULU_3B_SINIF.jpg 650w\" sizes=\"(max-width: 345px) 100vw, 345px\" \/><\/p>","protected":false},"excerpt":{"rendered":"<p>Sorry, this entry is only available in Turkish. For the sake of viewer convenience, the content is shown below in the alternative language. You may click the link to switch the active language. Trakya Elektrik Da\u011f\u0131t\u0131m A.\u015e.\u2019nin (TREDA\u015e) ilkokul \u00e7a\u011f\u0131ndaki \u00e7ocuklara enerji tasarrufu bilincini a\u015f\u0131lamak amac\u0131yla d\u00fczenledi\u011fi \u201cAyd\u0131nl\u0131k Bir \u015eehir\u201d temal\u0131 resim yar\u0131\u015fmas\u0131nda dereceye giren [&hellip;]<\/p>\n","protected":false},"author":1,"featured_media":92251,"comment_status":"open","ping_status":"open","sticky":false,"template":"","format":"standard","meta":[],"categories":[51,53],"tags":[49293,4419,34979,19638,34980,26353,67,1009,103,3955,49294,4513,50419,50420,12370],"views":1226,"_links":{"self":[{"href":"https:\/\/www.enerjigazetesi.ist\/en\/wp-json\/wp\/v2\/posts\/92246"}],"collection":[{"href":"https:\/\/www.enerjigazetesi.ist\/en\/wp-json\/wp\/v2\/posts"}],"about":[{"href":"https:\/\/www.enerjigazetesi.ist\/en\/wp-json\/wp\/v2\/types\/post"}],"author":[{"embeddable":true,"href":"https:\/\/www.enerjigazetesi.ist\/en\/wp-json\/wp\/v2\/users\/1"}],"replies":[{"embeddable":true,"href":"https:\/\/www.enerjigazetesi.ist\/en\/wp-json\/wp\/v2\/comments?post=92246"}],"version-history":[{"count":0,"href":"https:\/\/www.enerjigazetesi.ist\/en\/wp-json\/wp\/v2\/posts\/92246\/revisions"}],"wp:featuredmedia":[{"embeddable":true,"href":"https:\/\/www.enerjigazetesi.ist\/en\/wp-json\/wp\/v2\/media\/92251"}],"wp:attachment":[{"href":"https:\/\/www.enerjigazetesi.ist\/en\/wp-json\/wp\/v2\/media?parent=92246"}],"wp:term":[{"taxonomy":"category","embeddable":true,"href":"https:\/\/www.enerjigazetesi.ist\/en\/wp-json\/wp\/v2\/categories?post=92246"},{"taxonomy":"post_tag","embeddable":true,"href":"https:\/\/www.enerjigazetesi.ist\/en\/wp-json\/wp\/v2\/tags?post=92246"}],"curies":[{"name":"wp","href":"https:\/\/api.w.org\/{rel}","templated":true}]}}