{"id":92241,"date":"2019-05-08T22:31:54","date_gmt":"2019-05-08T19:31:54","guid":{"rendered":"https:\/\/www.enerjigazetesi.ist\/?p=92241"},"modified":"2019-05-08T22:35:36","modified_gmt":"2019-05-08T19:35:36","slug":"yerel-yonetimlerde-iklim-degisikligi-eylem-ve-uyum-plani-paneline-davetlisiniz","status":"publish","type":"post","link":"https:\/\/www.enerjigazetesi.ist\/en\/yerel-yonetimlerde-iklim-degisikligi-eylem-ve-uyum-plani-paneline-davetlisiniz\/","title":{"rendered":"(Turkish) &#8217;Yerel Y\u00f6netimlerde \u0130klim De\u011fi\u015fikli\u011fi Eylem ve Uyum Plan\u0131 Paneli&#8217;ne Davetlisiniz!"},"content":{"rendered":"<p class=\"qtranxs-available-languages-message qtranxs-available-languages-message-en\">Sorry, this entry is only available in <a href=\"https:\/\/www.enerjigazetesi.ist\/tr\/wp-json\/wp\/v2\/posts\/92241\" class=\"qtranxs-available-language-link qtranxs-available-language-link-tr\" title=\"Turkish\">Turkish<\/a>. For the sake of viewer convenience, the content is shown below in the alternative language. You may click the link to switch the active language.<\/p><p><\/p>\n<h1>Yerel \u0130zleme, Ara\u015ft\u0131rma ve Uygulamalar Derne\u011fi (Yereliz) ile 350 T\u00fcrkiye\u2019nin d\u00fczenledi\u011fi\u00a0\u201cYerel Y\u00f6netimlerde \u0130klim <img loading=\"lazy\" class=\"alignright wp-image-92243\" src=\"https:\/\/www.enerjigazetesi.ist\/wp-content\/uploads\/2019\/05\/yerel-yonetimlerde-iklim-degisikligi-eylem-ve-uyum-plani-paneline-davetlisiniz.jpg\" alt=\"\" width=\"350\" height=\"412\" srcset=\"https:\/\/www.enerjigazetesi.ist\/wp-content\/uploads\/2019\/05\/yerel-yonetimlerde-iklim-degisikligi-eylem-ve-uyum-plani-paneline-davetlisiniz.jpg 415w, https:\/\/www.enerjigazetesi.ist\/wp-content\/uploads\/2019\/05\/yerel-yonetimlerde-iklim-degisikligi-eylem-ve-uyum-plani-paneline-davetlisiniz-255x300.jpg 255w, https:\/\/www.enerjigazetesi.ist\/wp-content\/uploads\/2019\/05\/yerel-yonetimlerde-iklim-degisikligi-eylem-ve-uyum-plani-paneline-davetlisiniz-340x400.jpg 340w, https:\/\/www.enerjigazetesi.ist\/wp-content\/uploads\/2019\/05\/yerel-yonetimlerde-iklim-degisikligi-eylem-ve-uyum-plani-paneline-davetlisiniz-43x50.jpg 43w\" sizes=\"(max-width: 350px) 100vw, 350px\" \/>De\u011fi\u015fikli\u011fi Eylem ve Uyum Planlar\u0131 Paneli\u201d\u00a0Salt Galata&#8217;da d\u00fczenlecektir.<\/h1>\n<p>\u00dclkemizde ve d\u00fcnyada g\u00fcn ge\u00e7tik\u00e7e daha yak\u0131c\u0131 bir sorun haline gelen iklim de\u011fi\u015fikli\u011fine kar\u015f\u0131 yerel y\u00f6netimlerin sorumluluklar\u0131n\u0131n tart\u0131\u015f\u0131laca\u011f\u0131 panele, \u0130BB Sistem Geli\u015ftirme \u015eefi Seda \u00d6zdemir, Kad\u0131k\u00f6y Belediyesi \u00c7evre Koruma ve Kontrol M\u00fcd\u00fcr\u00fc Aynur \u015eule S\u00fcmer, Dr. Baran Alp Uncu ve Dr. Bar\u0131\u015f Gencer Baykan konu\u015fmac\u0131 olarak kat\u0131lacak olup panelde,\u00a0<strong>yerel y\u00f6netimlerin iklim de\u011fi\u015fikli\u011fi alan\u0131nda yapacaklar\u0131 \u00e7al\u0131\u015fmalara rehber olmas\u0131 amac\u0131yla haz\u0131rlanan \u201c\u0130klim i\u00e7in Kentler\u201d el kitab\u0131<\/strong>\u00a0da tan\u0131t\u0131lacakt\u0131r.<\/p>\n<p>Yereliz Derne\u011fi ve 350 T\u00fcrkiye\u2019nin ev sahipli\u011fi yapaca\u011f\u0131 etkinlikte siz de\u011ferli kat\u0131l\u0131mc\u0131lar\u0131n\u0131 bekliyor&#8230;<\/p>\n<p><strong>Yer:<\/strong>\u00a0\u00a0\u00a0 \u00a0\u00a0\u00a0 \u00a0\u00a0\u00a0Salt Galata<br \/>\nBankalar Caddesi 11 Karak\u00f6y 34421 \u0130stanbul<\/p>\n<p><strong>Tarih:<\/strong>\u00a0 \u00a0 \u00a0 \u00a0 9 May\u0131s 2019, Per\u015fembe<\/p>\n<p><strong>Saat:<\/strong>\u00a0\u00a0\u00a0\u00a0 \u00a0\u00a0\u00a0 \u00a010:30 \u2013 11:00 Kay\u0131t<br \/>\n11:00 \u2013 12:00 Sunum<br \/>\n12:00 \u2013 12:30 Soru &amp; Cevap<\/p>\n<p><strong><u>\u0130leti\u015fim<\/u><\/strong><br \/>\nG\u00fcnce Beyazer \/\u00a0<u><a href=\"mailto:info@yereliz.org\">info@yereliz.org<\/a><\/u>\u00a0\/ 543 204 94 12<br \/>\nEfe Baysal \/ 350 T\u00fcrkiye \/\u00a0<u><a href=\"mailto:efe@350.org\">efe@350.org<\/a><\/u>\u00a0\/ 532 590 77 76<\/p>","protected":false},"excerpt":{"rendered":"<p>Sorry, this entry is only available in Turkish. For the sake of viewer convenience, the content is shown below in the alternative language. You may click the link to switch the active language. Yerel \u0130zleme, Ara\u015ft\u0131rma ve Uygulamalar Derne\u011fi (Yereliz) ile 350 T\u00fcrkiye\u2019nin d\u00fczenledi\u011fi\u00a0\u201cYerel Y\u00f6netimlerde \u0130klim De\u011fi\u015fikli\u011fi Eylem ve Uyum Planlar\u0131 Paneli\u201d\u00a0Salt Galata&#8217;da d\u00fczenlecektir. \u00dclkemizde [&hellip;]<\/p>\n","protected":false},"author":1,"featured_media":92244,"comment_status":"open","ping_status":"open","sticky":false,"template":"","format":"standard","meta":[],"categories":[53,52],"tags":[50412,50410,50415,50416,46477,33016,67,1009,41159,50417,29667,50414,50409,50413,50411,50418],"views":854,"_links":{"self":[{"href":"https:\/\/www.enerjigazetesi.ist\/en\/wp-json\/wp\/v2\/posts\/92241"}],"collection":[{"href":"https:\/\/www.enerjigazetesi.ist\/en\/wp-json\/wp\/v2\/posts"}],"about":[{"href":"https:\/\/www.enerjigazetesi.ist\/en\/wp-json\/wp\/v2\/types\/post"}],"author":[{"embeddable":true,"href":"https:\/\/www.enerjigazetesi.ist\/en\/wp-json\/wp\/v2\/users\/1"}],"replies":[{"embeddable":true,"href":"https:\/\/www.enerjigazetesi.ist\/en\/wp-json\/wp\/v2\/comments?post=92241"}],"version-history":[{"count":0,"href":"https:\/\/www.enerjigazetesi.ist\/en\/wp-json\/wp\/v2\/posts\/92241\/revisions"}],"wp:featuredmedia":[{"embeddable":true,"href":"https:\/\/www.enerjigazetesi.ist\/en\/wp-json\/wp\/v2\/media\/92244"}],"wp:attachment":[{"href":"https:\/\/www.enerjigazetesi.ist\/en\/wp-json\/wp\/v2\/media?parent=92241"}],"wp:term":[{"taxonomy":"category","embeddable":true,"href":"https:\/\/www.enerjigazetesi.ist\/en\/wp-json\/wp\/v2\/categories?post=92241"},{"taxonomy":"post_tag","embeddable":true,"href":"https:\/\/www.enerjigazetesi.ist\/en\/wp-json\/wp\/v2\/tags?post=92241"}],"curies":[{"name":"wp","href":"https:\/\/api.w.org\/{rel}","templated":true}]}}