{"id":92214,"date":"2019-05-08T09:39:08","date_gmt":"2019-05-08T06:39:08","guid":{"rendered":"https:\/\/www.enerjigazetesi.ist\/?p=92214"},"modified":"2019-05-08T09:43:33","modified_gmt":"2019-05-08T06:43:33","slug":"bereket-enerjiden-hes-kazasi-aciklamasi","status":"publish","type":"post","link":"https:\/\/www.enerjigazetesi.ist\/en\/bereket-enerjiden-hes-kazasi-aciklamasi\/","title":{"rendered":"(Turkish) Bereket Enerji\u2019den HES Kazas\u0131 A\u00e7\u0131klamas\u0131"},"content":{"rendered":"<p class=\"qtranxs-available-languages-message qtranxs-available-languages-message-en\">Sorry, this entry is only available in <a href=\"https:\/\/www.enerjigazetesi.ist\/tr\/wp-json\/wp\/v2\/posts\/92214\" class=\"qtranxs-available-language-link qtranxs-available-language-link-tr\" title=\"Turkish\">Turkish<\/a>. For the sake of viewer convenience, the content is shown below in the alternative language. You may click the link to switch the active language.<\/p><p><\/p>\n<h1>Bereket Enerji taraf\u0131ndan Adana\u2019da yer alan G\u00f6kta\u015f II HES\u2019te ya\u015fanan kazaya y\u00f6nelik t\u00fcm incelemelerin yap\u0131laca\u011f\u0131 ve gerekli s\u00fcre\u00e7lerin ba\u015flat\u0131laca\u011f\u0131 a\u00e7\u0131kland\u0131. Bereket Enerji \u00dcretim A.\u015e. ya\u015fanan hidroelektrik <img loading=\"lazy\" class=\"alignleft size-medium wp-image-92216\" src=\"https:\/\/www.enerjigazetesi.ist\/wp-content\/uploads\/2019\/05\/bereket-enerjiden-hes-kazasi-aciklamasi1-300x169.jpg\" alt=\"\" width=\"300\" height=\"169\" srcset=\"https:\/\/www.enerjigazetesi.ist\/wp-content\/uploads\/2019\/05\/bereket-enerjiden-hes-kazasi-aciklamasi1-300x169.jpg 300w, https:\/\/www.enerjigazetesi.ist\/wp-content\/uploads\/2019\/05\/bereket-enerjiden-hes-kazasi-aciklamasi1-768x432.jpg 768w, https:\/\/www.enerjigazetesi.ist\/wp-content\/uploads\/2019\/05\/bereket-enerjiden-hes-kazasi-aciklamasi1-500x281.jpg 500w, https:\/\/www.enerjigazetesi.ist\/wp-content\/uploads\/2019\/05\/bereket-enerjiden-hes-kazasi-aciklamasi1-80x45.jpg 80w, https:\/\/www.enerjigazetesi.ist\/wp-content\/uploads\/2019\/05\/bereket-enerjiden-hes-kazasi-aciklamasi1.jpg 868w\" sizes=\"(max-width: 300px) 100vw, 300px\" \/>santrali kazas\u0131na ili\u015fkin kamuoyuna bir a\u00e7\u0131klama yapt\u0131. A\u00e7\u0131klamada <span style=\"text-decoration: underline;\">\u015fu ifadeler kullan\u0131ld\u0131:<\/span><\/h1>\n<p>&#8220;Adana\u2019da faaliyet g\u00f6steren \u015firketimize ait G\u00f6kta\u015f II HES\u2019te, 2 May\u0131s 2019 saat 11:30 sular\u0131nda kanal perdelerinden kaynaklanan elim kaza s\u0131ras\u0131nda ufak \u00e7apl\u0131 bir g\u00f6\u00e7\u00fck olu\u015fmu\u015f; \u00e7al\u0131\u015fma arkada\u015f\u0131m\u0131z Sefer Akta\u015f vefat etmi\u015ftir. \u00dc\u00e7 ki\u015fi ise olay an\u0131nda hafif yaralanm\u0131\u015f ve ilk m\u00fcdahale sa\u011fl\u0131k ekiplerince yap\u0131ld\u0131ktan sonra, ivedilikle hastaneye kald\u0131r\u0131lm\u0131\u015ft\u0131r.<\/p>\n<p>Ya\u015fam\u0131n\u0131 yitiren \u00e7al\u0131\u015fma arkada\u015f\u0131m\u0131za Allah\u2019tan rahmet, kederli ailesine ve \u00e7al\u0131\u015fma arkada\u015flar\u0131m\u0131za ba\u015fsa\u011fl\u0131\u011f\u0131 diliyoruz. Bu elim kazaya y\u00f6nelik olarak \u015firketimiz taraf\u0131ndan b\u00fct\u00fcn incelemelerin yap\u0131laca\u011f\u0131n\u0131 ve gerekli s\u00fcre\u00e7lerin ba\u015flat\u0131laca\u011f\u0131n\u0131 kamuoyuna duyururuz.&#8221;<\/p>","protected":false},"excerpt":{"rendered":"<p>Sorry, this entry is only available in Turkish. For the sake of viewer convenience, the content is shown below in the alternative language. You may click the link to switch the active language. Bereket Enerji taraf\u0131ndan Adana\u2019da yer alan G\u00f6kta\u015f II HES\u2019te ya\u015fanan kazaya y\u00f6nelik t\u00fcm incelemelerin yap\u0131laca\u011f\u0131 ve gerekli s\u00fcre\u00e7lerin ba\u015flat\u0131laca\u011f\u0131 a\u00e7\u0131kland\u0131. Bereket Enerji [&hellip;]<\/p>\n","protected":false},"author":1,"featured_media":92216,"comment_status":"open","ping_status":"open","sticky":false,"template":"","format":"standard","meta":[],"categories":[51,53,47],"tags":[3272,35575,34979,42030,50385,26043,1090,26044,50386],"views":1099,"_links":{"self":[{"href":"https:\/\/www.enerjigazetesi.ist\/en\/wp-json\/wp\/v2\/posts\/92214"}],"collection":[{"href":"https:\/\/www.enerjigazetesi.ist\/en\/wp-json\/wp\/v2\/posts"}],"about":[{"href":"https:\/\/www.enerjigazetesi.ist\/en\/wp-json\/wp\/v2\/types\/post"}],"author":[{"embeddable":true,"href":"https:\/\/www.enerjigazetesi.ist\/en\/wp-json\/wp\/v2\/users\/1"}],"replies":[{"embeddable":true,"href":"https:\/\/www.enerjigazetesi.ist\/en\/wp-json\/wp\/v2\/comments?post=92214"}],"version-history":[{"count":0,"href":"https:\/\/www.enerjigazetesi.ist\/en\/wp-json\/wp\/v2\/posts\/92214\/revisions"}],"wp:featuredmedia":[{"embeddable":true,"href":"https:\/\/www.enerjigazetesi.ist\/en\/wp-json\/wp\/v2\/media\/92216"}],"wp:attachment":[{"href":"https:\/\/www.enerjigazetesi.ist\/en\/wp-json\/wp\/v2\/media?parent=92214"}],"wp:term":[{"taxonomy":"category","embeddable":true,"href":"https:\/\/www.enerjigazetesi.ist\/en\/wp-json\/wp\/v2\/categories?post=92214"},{"taxonomy":"post_tag","embeddable":true,"href":"https:\/\/www.enerjigazetesi.ist\/en\/wp-json\/wp\/v2\/tags?post=92214"}],"curies":[{"name":"wp","href":"https:\/\/api.w.org\/{rel}","templated":true}]}}