{"id":92079,"date":"2019-05-05T23:36:52","date_gmt":"2019-05-05T20:36:52","guid":{"rendered":"https:\/\/www.enerjigazetesi.ist\/?p=92079"},"modified":"2019-05-05T23:39:01","modified_gmt":"2019-05-05T20:39:01","slug":"musiad-yilin-inovasyonu-odulunu-mimsana-verildi","status":"publish","type":"post","link":"https:\/\/www.enerjigazetesi.ist\/en\/musiad-yilin-inovasyonu-odulunu-mimsana-verildi\/","title":{"rendered":"(Turkish) M\u00dcS\u0130AD &#8220;Y\u0131l\u0131n \u0130novasyonu&#8221; \u00d6d\u00fcl\u00fcn\u00fc Mimsan Ald\u0131"},"content":{"rendered":"<p class=\"qtranxs-available-languages-message qtranxs-available-languages-message-en\">Sorry, this entry is only available in <a href=\"https:\/\/www.enerjigazetesi.ist\/tr\/wp-json\/wp\/v2\/posts\/92079\" class=\"qtranxs-available-language-link qtranxs-available-language-link-tr\" title=\"Turkish\">Turkish<\/a>. For the sake of viewer convenience, the content is shown below in the alternative language. You may click the link to switch the active language.<\/p><p><\/p>\n<h1>Mimsan\u2019\u0131n Malatya\u2019n\u0131n \u015fehir \u00e7\u00f6p\u00fcnden elektrik enerjisi elde etmek i\u00e7in kurdu\u011fu ve d\u00fcnyada 5 ayr\u0131 teknolojiyi ayn\u0131 anda kullanan ilk biyok\u00fctle tesisi niteli\u011fini ta\u015f\u0131yan santral, M\u00dcS\u0130AD\u2019\u0131n \u201cY\u0131l\u0131n \u0130novasyonu\u201d \u00f6d\u00fcl\u00fcne lay\u0131k g\u00f6r\u00fcld\u00fc.<\/h1>\n<p>At\u0131ktan enerji konusunda geli\u015ftirdi\u011fi yerli teknoloji ile T\u00fcrkiye ekonomisinin katmade\u011fer yolculu\u011funa liderlik eden \u015firketler aras\u0131nda yer alan Mimsan, M\u00dcS\u0130AD Malatya \u015fubesi taraf\u0131ndan \u201cY\u0131l\u0131n \u0130novasyonu\u201d \u00f6d\u00fcl\u00fcne lay\u0131k g\u00f6r\u00fcld\u00fc. Mimsan CEO\u2019su Hac\u0131 Ahmet \u0130lhan, Malatya\u2019da d\u00fczenlenen t\u00f6rende \u00f6d\u00fcl\u00fc <img loading=\"lazy\" class=\"alignleft size-medium wp-image-92081\" src=\"https:\/\/www.enerjigazetesi.ist\/wp-content\/uploads\/2019\/05\/musiad-yilin-inovasyonu-odulunu-mimsana-verildi-300x225.jpg\" alt=\"\" width=\"300\" height=\"225\" srcset=\"https:\/\/www.enerjigazetesi.ist\/wp-content\/uploads\/2019\/05\/musiad-yilin-inovasyonu-odulunu-mimsana-verildi-300x225.jpg 300w, https:\/\/www.enerjigazetesi.ist\/wp-content\/uploads\/2019\/05\/musiad-yilin-inovasyonu-odulunu-mimsana-verildi-500x374.jpg 500w, https:\/\/www.enerjigazetesi.ist\/wp-content\/uploads\/2019\/05\/musiad-yilin-inovasyonu-odulunu-mimsana-verildi-67x50.jpg 67w, https:\/\/www.enerjigazetesi.ist\/wp-content\/uploads\/2019\/05\/musiad-yilin-inovasyonu-odulunu-mimsana-verildi.jpg 652w\" sizes=\"(max-width: 300px) 100vw, 300px\" \/>M\u00dcS\u0130AD Genel Ba\u015fkan\u0131 Abdurrahman Kaan\u2019dan ald\u0131.<\/p>\n<p>Malatya B\u00fcy\u00fck\u015fehir Belediye Ba\u015fkan\u0131 Selahattin G\u00fcrkan, Malatya Milletvekilleri Ahmet \u00c7ak\u0131r ve Hakan Kahtal\u0131, M\u00dcS\u0130AD Malatya \u015eube Ba\u015fkan\u0131 Muharrem Poyraz gibi liderlerin kat\u0131ld\u0131\u011f\u0131 \u00f6d\u00fcl t\u00f6reninde bir konu\u015fma yapan M\u00dcS\u0130AD Genel Ba\u015fkan\u0131 Abdurrahman Kaan, Malatya\u2019y\u0131 d\u00fcnyaya ba\u011flad\u0131klar\u0131n\u0131 belirterek \u015fu a\u00e7\u0131klamalarda bulundu:<\/p>\n<p>&#8220;M\u00dcS\u0130AD bug\u00fcn d\u00fcnyan\u0131n en etkin ve yayg\u0131n sivil toplum kurulu\u015fudur. T\u00fcrkiye\u2019de 87 noktada \u015fubemiz var. Yakla\u015f\u0131k 11 bine yak\u0131n \u00fcyemiz bulunuyor. \u015eu anda 94 \u00fclkede faaliyet g\u00f6steriyoruz. Baz\u0131 \u00fclkelerde \u00e7ok say\u0131da \u015fubemiz var. \u00d6rne\u011fin Almanya\u2019da 10 \u015fubemiz bulunuyor. D\u00fcnya genelinde 224 \u015fubeyle en yayg\u0131n sivil toplum kurulu\u015fuyuz. Biz bir k\u00f6pr\u00fcy\u00fcz, Malatya\u2019y\u0131 d\u00fcnyaya a\u00e7an bin k\u00f6pr\u00fcy\u00fcz. Art\u0131k Malatyal\u0131 bir i\u015fadam\u0131m\u0131z\u0131n \u2018Ben \u015fu \u00fclkede mal satabilir miyim?\u2019 mazereti ortadan kalkm\u0131\u015ft\u0131r. Bug\u00fcn hangi \u00fclkeyle i\u015f yapmak istiyorsan\u0131z M\u00dcS\u0130AD o \u00fclkede var. Hem globalde hem yerelde ya\u015fad\u0131\u011f\u0131n\u0131z sorunlar\u0131 bize iletin, \u00e7\u00f6zmek i\u00e7in her yolu deneyelim.&#8221;<\/p>\n<h2>5 AYRI TEKNOLOJ\u0130Y\u0130 AYNI ANDA KULLANIYOR<\/h2>\n<p>M\u00dcS\u0130AD\u2019\u0131n \u201cY\u0131l\u0131n \u0130novasyonu\u201d olarak \u00f6d\u00fcllendirdi\u011fi, Mimsan\u2019\u0131n Malatya\u2019n\u0131n \u015fehir \u00e7\u00f6p\u00fcnden elektrik enerjisi elde etmek i\u00e7in kurdu\u011fu santral, d\u00fcnyada 5 ayr\u0131 teknolojiyi ayn\u0131 anda kullanan ilk biyok\u00fctle \u00e7\u00f6pten enerji tesisi niteli\u011fini ta\u015f\u0131yor. \u201cYap-i\u015flet devret\u201d modeliyle kurulan ve yakla\u015f\u0131k 40 bin konutun elektrik ihtiyac\u0131 kar\u015f\u0131layan tesiste yakma, gazifikasyon, biyogaz, metan gaz\u0131 ve at\u0131k \u0131s\u0131 y\u00f6ntemlerinin t\u00fcm\u00fc birden enerji \u00fcretiminde kullan\u0131lacak.<\/p>\n<p>Mimsan CEO\u2019su Hac\u0131 Ahmet \u0130lhan, y\u0131llar s\u00fcren me\u015fakkatli bir Ar-Ge \u00e7al\u0131\u015fmas\u0131 sonucunda at\u0131ktan enerji \u00fcretiminde yerli teknoloji geli\u015ftirmeyi ba\u015fard\u0131klar\u0131n\u0131 belirterek, \u201cT\u00fcrkiye, at\u0131ktan enerji konusunda uluslararas\u0131 alanda rekabet edebilecek teknolojiye art\u0131k sahiptir. Mimsan\u2019\u0131n geli\u015ftirdi\u011fi teknoloji ithalat\u0131n \u00f6n\u00fcne keserek cari a\u00e7\u0131\u011f\u0131n kapanmas\u0131na da \u00f6nemli katk\u0131 yapacakt\u0131r. Kendimize g\u00fcveniyoruz. Teknolojik \u00fcst\u00fcnl\u00fcklerimizi ispatlamaya kararl\u0131y\u0131z\u201d diye konu\u015ftu.<\/p>","protected":false},"excerpt":{"rendered":"<p>Sorry, this entry is only available in Turkish. For the sake of viewer convenience, the content is shown below in the alternative language. You may click the link to switch the active language. Mimsan\u2019\u0131n Malatya\u2019n\u0131n \u015fehir \u00e7\u00f6p\u00fcnden elektrik enerjisi elde etmek i\u00e7in kurdu\u011fu ve d\u00fcnyada 5 ayr\u0131 teknolojiyi ayn\u0131 anda kullanan ilk biyok\u00fctle tesisi niteli\u011fini [&hellip;]<\/p>\n","protected":false},"author":1,"featured_media":92081,"comment_status":"open","ping_status":"open","sticky":false,"template":"","format":"standard","meta":[],"categories":[22893,51,53],"tags":[50227,1488,50226,4905,67,1009,25909,38863,3489,32398,1453,50228],"views":768,"_links":{"self":[{"href":"https:\/\/www.enerjigazetesi.ist\/en\/wp-json\/wp\/v2\/posts\/92079"}],"collection":[{"href":"https:\/\/www.enerjigazetesi.ist\/en\/wp-json\/wp\/v2\/posts"}],"about":[{"href":"https:\/\/www.enerjigazetesi.ist\/en\/wp-json\/wp\/v2\/types\/post"}],"author":[{"embeddable":true,"href":"https:\/\/www.enerjigazetesi.ist\/en\/wp-json\/wp\/v2\/users\/1"}],"replies":[{"embeddable":true,"href":"https:\/\/www.enerjigazetesi.ist\/en\/wp-json\/wp\/v2\/comments?post=92079"}],"version-history":[{"count":0,"href":"https:\/\/www.enerjigazetesi.ist\/en\/wp-json\/wp\/v2\/posts\/92079\/revisions"}],"wp:featuredmedia":[{"embeddable":true,"href":"https:\/\/www.enerjigazetesi.ist\/en\/wp-json\/wp\/v2\/media\/92081"}],"wp:attachment":[{"href":"https:\/\/www.enerjigazetesi.ist\/en\/wp-json\/wp\/v2\/media?parent=92079"}],"wp:term":[{"taxonomy":"category","embeddable":true,"href":"https:\/\/www.enerjigazetesi.ist\/en\/wp-json\/wp\/v2\/categories?post=92079"},{"taxonomy":"post_tag","embeddable":true,"href":"https:\/\/www.enerjigazetesi.ist\/en\/wp-json\/wp\/v2\/tags?post=92079"}],"curies":[{"name":"wp","href":"https:\/\/api.w.org\/{rel}","templated":true}]}}