{"id":9206,"date":"2013-04-04T09:55:42","date_gmt":"2013-04-04T06:55:42","guid":{"rendered":"https:\/\/www.enerjigazetesi.ist\/?p=9206"},"modified":"2013-04-04T09:55:42","modified_gmt":"2013-04-04T06:55:42","slug":"sinop-santralini-japonlar-yapacak","status":"publish","type":"post","link":"https:\/\/www.enerjigazetesi.ist\/en\/sinop-santralini-japonlar-yapacak\/","title":{"rendered":"(Turkish) Sinop Santrali&#8217;ni Japonlar Yapacak"},"content":{"rendered":"<p class=\"qtranxs-available-languages-message qtranxs-available-languages-message-en\">Sorry, this entry is only available in <a href=\"https:\/\/www.enerjigazetesi.ist\/tr\/wp-json\/wp\/v2\/posts\/9206\" class=\"qtranxs-available-language-link qtranxs-available-language-link-tr\" title=\"Turkish\">Turkish<\/a>. For the sake of viewer convenience, the content is shown below in the alternative language. You may click the link to switch the active language.<\/p><p><\/p>\n<h3>Japon Medyas\u0131, Sinop&#8217;ta yap\u0131lmas\u0131 planlanan n\u00fckleer santral ihalesini Japon Mitsubishi ile Frans\u0131z Areva Sa&#8217;n\u0131n kazand\u0131\u011f\u0131n\u0131 iddia etti.<\/h3>\n<p>Japonya&#8217;n\u0131n \u00f6nde gelen ekonomi gazetesi Nikkei, Sinop&#8217;ta yap\u0131lmas\u0131 planlanan T\u00fcrkiye&#8217;nin ikinci N\u00fckleer santraliyle ilgili ihaleyi Mitsubishi ile Frans\u0131z enerji \u015firketi Areva SA&#8217;n\u0131n kazand\u0131\u011f\u0131n\u0131 duyurdu.<\/p>\n<p><a href=\"https:\/\/www.enerjigazetesi.ist\/wp-content\/uploads\/2013\/04\/sinop-nukleer-santrali-japon-lar-yapacak.jpg\"><img loading=\"lazy\" class=\"alignleft size-medium wp-image-9207\" title=\"sinop-nukleer-santrali-japon-lar-yapacak\" src=\"https:\/\/www.enerjigazetesi.ist\/wp-content\/uploads\/2013\/04\/sinop-nukleer-santrali-japon-lar-yapacak-300x215.jpg\" alt=\"\" width=\"300\" height=\"215\" srcset=\"https:\/\/www.enerjigazetesi.ist\/wp-content\/uploads\/2013\/04\/sinop-nukleer-santrali-japon-lar-yapacak-300x215.jpg 300w, https:\/\/www.enerjigazetesi.ist\/wp-content\/uploads\/2013\/04\/sinop-nukleer-santrali-japon-lar-yapacak-69x50.jpg 69w, https:\/\/www.enerjigazetesi.ist\/wp-content\/uploads\/2013\/04\/sinop-nukleer-santrali-japon-lar-yapacak.jpg 312w\" sizes=\"(max-width: 300px) 100vw, 300px\" \/><\/a>Nikkei gazetesi, Enerji ve Tabii Kaynaklar Bakanl\u0131\u011f\u0131&#8217;n\u0131n Japon h\u00fck\u00fcmet ve \u015firket yetkililerine karar hakk\u0131nda bilgi verdi\u011fini belirtti. Gazete, Atmea 1 tipi orta \u00f6l\u00e7ekli N\u00fckleer santral in\u015fas\u0131n\u0131n 2017&#8217;de ba\u015flayaca\u011f\u0131n\u0131, elektrik \u00fcretiminin 2023&#8217;te devreye girebilece\u011fini, maliyetin 22 milyar dolar olaca\u011f\u0131n\u0131 bildirdi.<\/p>\n<p>Japonya&#8217;n\u0131n Mitsubishi firmas\u0131 ile Frans\u0131z enerji \u015firketi Areva SA, Sinop&#8217;ta yap\u0131lacak ikinci N\u00fckleer santral i\u00e7in teklif sunmu\u015ftu. Ancak Ankara &#8211; Paris hatt\u0131nda ya\u015fanan Ermeni iddialar\u0131na ili\u015fkin gerilim nedeniyle bu ihaleye Fransa d\u0131\u015f\u0131nda ba\u015fka bir \u00fclkenin kat\u0131labilece\u011fi iddialar\u0131 bulunuyordu. N\u00fckleer santralin in\u015fas\u0131na Japonya&#8217;n\u0131n yan\u0131 s\u0131ra \u00c7in, G\u00fcney Kore ve Kanada da talip olmu\u015ftu.<\/p>\n<p>Nikkei gazetesi, Japonya Ba\u015fbakan\u0131 \u015einzo Abe ile Ba\u015fbakan Recep Tayyip Erdo\u011fan aras\u0131nda \u00f6n\u00fcm\u00fczdeki ay yap\u0131lacak g\u00f6r\u00fc\u015fmenin ard\u0131ndan s\u00fcrecin resmiyet kazanaca\u011f\u0131n\u0131 yazd\u0131.<\/p>\n<p>Kaynak: <a href=\"http:\/\/www.dunyabulteni.net\/?aType=haber&amp;ArticleID=254441\" target=\"_blank\">D\u00fcnya B\u00fclteni<\/a><\/p>","protected":false},"excerpt":{"rendered":"<p>Sorry, this entry is only available in Turkish. For the sake of viewer convenience, the content is shown below in the alternative language. You may click the link to switch the active language. Japon Medyas\u0131, Sinop&#8217;ta yap\u0131lmas\u0131 planlanan n\u00fckleer santral ihalesini Japon Mitsubishi ile Frans\u0131z Areva Sa&#8217;n\u0131n kazand\u0131\u011f\u0131n\u0131 iddia etti. Japonya&#8217;n\u0131n \u00f6nde gelen ekonomi gazetesi [&hellip;]<\/p>\n","protected":false},"author":1,"featured_media":9207,"comment_status":"open","ping_status":"open","sticky":false,"template":"","format":"standard","meta":[],"categories":[53,43],"tags":[19,67,4154,2054,4155,4153,21,88,1027],"views":673,"_links":{"self":[{"href":"https:\/\/www.enerjigazetesi.ist\/en\/wp-json\/wp\/v2\/posts\/9206"}],"collection":[{"href":"https:\/\/www.enerjigazetesi.ist\/en\/wp-json\/wp\/v2\/posts"}],"about":[{"href":"https:\/\/www.enerjigazetesi.ist\/en\/wp-json\/wp\/v2\/types\/post"}],"author":[{"embeddable":true,"href":"https:\/\/www.enerjigazetesi.ist\/en\/wp-json\/wp\/v2\/users\/1"}],"replies":[{"embeddable":true,"href":"https:\/\/www.enerjigazetesi.ist\/en\/wp-json\/wp\/v2\/comments?post=9206"}],"version-history":[{"count":1,"href":"https:\/\/www.enerjigazetesi.ist\/en\/wp-json\/wp\/v2\/posts\/9206\/revisions"}],"predecessor-version":[{"id":9208,"href":"https:\/\/www.enerjigazetesi.ist\/en\/wp-json\/wp\/v2\/posts\/9206\/revisions\/9208"}],"wp:featuredmedia":[{"embeddable":true,"href":"https:\/\/www.enerjigazetesi.ist\/en\/wp-json\/wp\/v2\/media\/9207"}],"wp:attachment":[{"href":"https:\/\/www.enerjigazetesi.ist\/en\/wp-json\/wp\/v2\/media?parent=9206"}],"wp:term":[{"taxonomy":"category","embeddable":true,"href":"https:\/\/www.enerjigazetesi.ist\/en\/wp-json\/wp\/v2\/categories?post=9206"},{"taxonomy":"post_tag","embeddable":true,"href":"https:\/\/www.enerjigazetesi.ist\/en\/wp-json\/wp\/v2\/tags?post=9206"}],"curies":[{"name":"wp","href":"https:\/\/api.w.org\/{rel}","templated":true}]}}