{"id":92016,"date":"2019-05-04T23:05:32","date_gmt":"2019-05-04T20:05:32","guid":{"rendered":"https:\/\/www.enerjigazetesi.ist\/?p=92016"},"modified":"2019-05-04T23:06:49","modified_gmt":"2019-05-04T20:06:49","slug":"izocam-ogrenci-yarismasinda-finale-kalan-ogrenciler-milanoya-gidiyor","status":"publish","type":"post","link":"https:\/\/www.enerjigazetesi.ist\/en\/izocam-ogrenci-yarismasinda-finale-kalan-ogrenciler-milanoya-gidiyor\/","title":{"rendered":"(Turkish) \u0130zocam \u00d6\u011frenci Yar\u0131\u015fmas\u0131nda Finale Kalan \u00d6\u011frenciler Milano\u2019ya Gidiyor"},"content":{"rendered":"<p class=\"qtranxs-available-languages-message qtranxs-available-languages-message-en\">Sorry, this entry is only available in <a href=\"https:\/\/www.enerjigazetesi.ist\/tr\/wp-json\/wp\/v2\/posts\/92016\" class=\"qtranxs-available-language-link qtranxs-available-language-link-tr\" title=\"Turkish\">Turkish<\/a>. For the sake of viewer convenience, the content is shown below in the alternative language. You may click the link to switch the active language.<\/p><p><\/p>\n<h1>\u0130zocam\u2019\u0131n sosyal sorumluluk bilinciyle hayata ge\u00e7irdi\u011fi ve \u00fcniversite \u00f6\u011frencilerine b\u00fcy\u00fck f\u0131rsatlar sunan 19. \u0130zocam \u00d6\u011frenci Yar\u0131\u015fmas\u0131\u2019n\u0131n sonu\u00e7lar\u0131 belli oldu. 14 projenin teslim edildi\u011fi yar\u0131\u015fmada 5 proje finalde yer ald\u0131.\u00a0<strong>J\u00fcri de\u011ferlendirmesi sonucunda; ODT\u00dc Mimarl\u0131k B\u00f6l\u00fcm\u00fc \u00f6\u011frencilerinden \u00d6yk\u00fc Nur Ac\u0131can ve Eren G\u00fcney taraf\u0131ndan haz\u0131rlanan proje birinci, ODT\u00dc Kentsel Tasar\u0131m B\u00f6l\u00fcm\u00fc \u00f6\u011frencilerinden B\u00fc\u015fra \u0130nce ve Ay\u015feg\u00fcl Er\u00e7in taraf\u0131ndan sunulan \u201cPorti-co\u201d projesi ikinci ve Gazi \u00dcniversitesi Mimari Tasar\u0131m B\u00f6l\u00fcm\u00fc \u00f6\u011frencisi Elif \u015eencal ile ODT\u00dc Kentsel Tasar\u0131m B\u00f6l\u00fcm\u00fc \u00f6\u011frencisi Nilay Nida Can taraf\u0131ndan tasarlanan \u201cCrescenzago Web Site projesi\u201d \u00fc\u00e7\u00fcnc\u00fc oldu.<\/strong><\/h1>\n<p>Dereceye giren ilk \u00fc\u00e7 proje \u0130talya\u2019n\u0131n Milano kentinde ger\u00e7ekle\u015fecek uluslararas\u0131 yar\u0131\u015fmaya kat\u0131lmaya hak kazand\u0131.<\/p>\n<p>Bu y\u0131l 19.\u2019si d\u00fczenlenen \u0130zocam \u00d6\u011frenci Yar\u0131\u015fmas\u0131 sonu\u00e7land\u0131. \u0130zocam, sosyal sorumluluk bilinciyle her y\u0131l farkl\u0131 bir konuyla hayata ge\u00e7irdi\u011fi \u00d6\u011frenci Yar\u0131\u015fmas\u0131 sonu\u00e7land\u0131. Bu y\u0131l 19.\u2019sunu d\u00fczenlenen <img loading=\"lazy\" class=\"alignright size-medium wp-image-92018\" src=\"https:\/\/www.enerjigazetesi.ist\/wp-content\/uploads\/2019\/05\/izocam-ogrenci-yarismasinda-finale-kalan-ogrenciler-milanoya-gidiyor-300x160.jpg\" alt=\"\" width=\"300\" height=\"160\" srcset=\"https:\/\/www.enerjigazetesi.ist\/wp-content\/uploads\/2019\/05\/izocam-ogrenci-yarismasinda-finale-kalan-ogrenciler-milanoya-gidiyor-300x160.jpg 300w, https:\/\/www.enerjigazetesi.ist\/wp-content\/uploads\/2019\/05\/izocam-ogrenci-yarismasinda-finale-kalan-ogrenciler-milanoya-gidiyor-80x43.jpg 80w, https:\/\/www.enerjigazetesi.ist\/wp-content\/uploads\/2019\/05\/izocam-ogrenci-yarismasinda-finale-kalan-ogrenciler-milanoya-gidiyor.jpg 320w\" sizes=\"(max-width: 300px) 100vw, 300px\" \/>yar\u0131\u015fmaya konu olacak \u015fehir Milano olarak se\u00e7ilmi\u015fti.<\/p>\n<p>\u00d6\u011frenciler, #milano2030 vizyonu do\u011frultusunda Crescenzago metro istasyonu alan\u0131n\u0131n kente ba\u011flanarak gen\u00e7le\u015ftirilmesi ve canland\u0131r\u0131lmas\u0131 konusunu projelendirdiler. \u2018Fikirden Projeye\u2019 format\u0131yla ger\u00e7ekle\u015fen ve t\u00fcm fak\u00fclte ve b\u00f6l\u00fcmlerde okuyan \u00fcniversite \u00f6\u011frencilerinin kat\u0131l\u0131m\u0131na a\u00e7\u0131k olan yar\u0131\u015fmada t\u00fcm s\u00fcre\u00e7ler <a href=\"http:\/\/www.izocamogrenciyarismasi.com\">www.izocamogrenciyarismasi.com<\/a> sitesi \u00fczerinden y\u00fcr\u00fct\u00fcld\u00fc.<\/p>\n<p>Yar\u0131\u015fma kapsam\u0131nda \u00f6\u011frenciler #milano2030 vizyonu do\u011frultusunda Crescenzago metro istasyonu alan\u0131n\u0131n s\u00fcrd\u00fcr\u00fclebilir geli\u015fimi ve gelece\u011fi i\u00e7in bir vizyon olu\u015fturarak, b\u00f6lgesel \u015fartlar\u0131 ve \u015fehrin geli\u015fimini de hesaba katarak mimari tasar\u0131m fikri geli\u015ftirdiler ve bu fikirleri avan projeye d\u00f6n\u00fc\u015ft\u00fcrd\u00fcler. Kat\u0131l\u0131mc\u0131lar fikir projelerini 10 Mart 2019\u2019a kadar dijital ortamda teslim ettiler. Yar\u0131\u015fman\u0131n bu ilk a\u015famas\u0131nda 14 proje teslim edildi ve 12 Mart\u2019ta kapal\u0131 oturumda projeleri j\u00fcri taraf\u0131ndan de\u011ferlendirildi. Bu de\u011ferlendirme sonucu ulusal finale kalan 5 proje ile projenin ikinci etab\u0131 olan ulusal finale ge\u00e7ildi.<\/p>\n<p>Ulusal finale kalan 5 ekip 24 Nisan&#8217;a kadar, j\u00fcri yorumlar\u0131na g\u00f6re geli\u015ftirdikleri detayland\u0131r\u0131lm\u0131\u015f ve \u015fartnameye uygun proje paftalar\u0131n\u0131 izocamogrenciyarismasi.com sitesine y\u00fckledi. 1 May\u0131s 2019\u2019da ise finalistler Levent Hyatt Centric\u2019de ger\u00e7ekle\u015ftirilen a\u00e7\u0131k j\u00fcri bulu\u015fmas\u0131nda, projelerinin son hallerini j\u00fcriye canl\u0131 olarak sundular.<\/p>\n<p>Ayn\u0131 g\u00fcn de\u011ferlendirilen ve a\u00e7\u0131klanan yar\u0131\u015fman\u0131n sonucunda; <strong>ODT\u00dc Mimarl\u0131k B\u00f6l\u00fcm\u00fc \u00f6\u011frencilerinden \u00d6yk\u00fc Nur Ac\u0131can ve Eren G\u00fcney<\/strong> taraf\u0131ndan haz\u0131rlanan <strong>\u201cModula(R)esidence\u201d <\/strong>projesi birinci, <strong>ODT\u00dc Kentsel Tasar\u0131m B\u00f6l\u00fcm\u00fc \u00f6\u011frencilerinden B\u00fc\u015fra \u0130nce ve Ay\u015feg\u00fcl Er\u00e7in<\/strong> taraf\u0131ndan sunulan<strong> \u201cPorti-co\u201d<\/strong> projesi ikinci ve <strong>Gazi \u00dcniversitesi Mimari Tasar\u0131m B\u00f6l\u00fcm\u00fc \u00f6\u011frencisi Elif \u015eencal ile ODT\u00dc Kentsel Tasar\u0131m B\u00f6l\u00fcm\u00fc \u00f6\u011frencisi Nilay Nida Can<\/strong> taraf\u0131ndan tasarlanan <strong>\u201cCrescenzago Web Site projesi\u201d<\/strong> \u00fc\u00e7\u00fcnc\u00fc oldu.<\/p>\n<p>Yetkin \u00f6\u011fretim g\u00f6revlileri ve uzman mimarlardan olu\u015fan j\u00fcri yar\u0131\u015fma s\u00fcre\u00e7lerindeki aktif rol\u00fcyle ve \u00f6zverili \u00e7al\u0131\u015fmalar\u0131yla hem yar\u0131\u015fmaya hem de \u00f6\u011frencilerin geli\u015fimine katk\u0131 sa\u011flad\u0131. \u0130T\u00dc Makine Fak\u00fcltesi \u00f6\u011fretim \u00fcyesi Prof. Dr. Abdurrahman K\u0131l\u0131\u00e7, Dilek\u00e7i Mimarl\u0131k firmas\u0131ndan Y.Mimar Durmu\u015f Dilek\u00e7i, \u0130T\u00dc Mimarl\u0131k Fak\u00fcltesi \u00f6\u011fretim \u00fcyesi Do\u00e7. Dr. G\u00fclten Manio\u011flu, Suyabatmaz-Demirel Mimarl\u0131k firmas\u0131ndan Y.Mimar Hakan Demirel, ODT\u00dc Makine Fak\u00fcltesi \u00f6\u011fretim \u00fcyesi Prof Dr. Mehmet \u00c7al\u0131\u015fkan ve \u0130zocam Pazarlama Direkt\u00f6r\u00fc Dr. Kemal Gani Bayraktar \u0130zocam 19. \u00d6\u011frenci Yar\u0131\u015fmas\u0131\u2019n\u0131n se\u00e7kin j\u00fcrisi i\u00e7inde yer ald\u0131.<\/p>\n<p>Ulusal yar\u0131\u015fmada ilk \u00fc\u00e7e giren ekipler ise s\u0131ras\u0131yla <strong>8 bin, 6 bin ve 4 bin TL<\/strong> \u00f6d\u00fcl kazan\u0131rken, <strong>5-8 Haziran 2019<\/strong> tarihleri aras\u0131nda Milano\u2019da d\u00fczenlenecek uluslararas\u0131 finalde \u00fclkemizi temsil etme ve uluslararas\u0131 \u00f6d\u00fcl i\u00e7in yar\u0131\u015fma hakk\u0131 da kazand\u0131lar.<\/p>\n<p>Yar\u0131\u015fman\u0131n uluslararas\u0131 etab\u0131ndaki \u00f6d\u00fcller ise \u015f\u00f6yle belirlendi; birincilik \u00f6d\u00fcl\u00fc 1.500 \u20ac, ikincilik \u00f6d\u00fcl\u00fc 1.000 \u20ac, \u00fc\u00e7\u00fcnc\u00fcl\u00fck \u00f6d\u00fcl\u00fc 750 \u20ac, \u00f6zel \u00f6d\u00fcl ve \u00f6\u011frenci \u00f6d\u00fclleri ise 500 \u20ac.<\/p>","protected":false},"excerpt":{"rendered":"<p>Sorry, this entry is only available in Turkish. For the sake of viewer convenience, the content is shown below in the alternative language. You may click the link to switch the active language. \u0130zocam\u2019\u0131n sosyal sorumluluk bilinciyle hayata ge\u00e7irdi\u011fi ve \u00fcniversite \u00f6\u011frencilerine b\u00fcy\u00fck f\u0131rsatlar sunan 19. \u0130zocam \u00d6\u011frenci Yar\u0131\u015fmas\u0131\u2019n\u0131n sonu\u00e7lar\u0131 belli oldu. 14 projenin teslim [&hellip;]<\/p>\n","protected":false},"author":1,"featured_media":92018,"comment_status":"open","ping_status":"open","sticky":false,"template":"","format":"standard","meta":[],"categories":[53,52],"tags":[50190,50189,67,1009,50188,7853,6254,47729,1884,793],"views":531,"_links":{"self":[{"href":"https:\/\/www.enerjigazetesi.ist\/en\/wp-json\/wp\/v2\/posts\/92016"}],"collection":[{"href":"https:\/\/www.enerjigazetesi.ist\/en\/wp-json\/wp\/v2\/posts"}],"about":[{"href":"https:\/\/www.enerjigazetesi.ist\/en\/wp-json\/wp\/v2\/types\/post"}],"author":[{"embeddable":true,"href":"https:\/\/www.enerjigazetesi.ist\/en\/wp-json\/wp\/v2\/users\/1"}],"replies":[{"embeddable":true,"href":"https:\/\/www.enerjigazetesi.ist\/en\/wp-json\/wp\/v2\/comments?post=92016"}],"version-history":[{"count":0,"href":"https:\/\/www.enerjigazetesi.ist\/en\/wp-json\/wp\/v2\/posts\/92016\/revisions"}],"wp:featuredmedia":[{"embeddable":true,"href":"https:\/\/www.enerjigazetesi.ist\/en\/wp-json\/wp\/v2\/media\/92018"}],"wp:attachment":[{"href":"https:\/\/www.enerjigazetesi.ist\/en\/wp-json\/wp\/v2\/media?parent=92016"}],"wp:term":[{"taxonomy":"category","embeddable":true,"href":"https:\/\/www.enerjigazetesi.ist\/en\/wp-json\/wp\/v2\/categories?post=92016"},{"taxonomy":"post_tag","embeddable":true,"href":"https:\/\/www.enerjigazetesi.ist\/en\/wp-json\/wp\/v2\/tags?post=92016"}],"curies":[{"name":"wp","href":"https:\/\/api.w.org\/{rel}","templated":true}]}}