{"id":91895,"date":"2019-05-02T10:29:28","date_gmt":"2019-05-02T07:29:28","guid":{"rendered":"https:\/\/www.enerjigazetesi.ist\/?p=91895"},"modified":"2019-05-02T10:31:13","modified_gmt":"2019-05-02T07:31:13","slug":"turkiyenin-enerji-ithalat-faturasi-verimlilikle-dusecek","status":"publish","type":"post","link":"https:\/\/www.enerjigazetesi.ist\/en\/turkiyenin-enerji-ithalat-faturasi-verimlilikle-dusecek\/","title":{"rendered":"(Turkish) T\u00fcrkiye\u2019nin Enerji \u0130thalat Faturas\u0131 Verimlilikle D\u00fc\u015fecek!"},"content":{"rendered":"<p class=\"qtranxs-available-languages-message qtranxs-available-languages-message-en\">Sorry, this entry is only available in <a href=\"https:\/\/www.enerjigazetesi.ist\/tr\/wp-json\/wp\/v2\/posts\/91895\" class=\"qtranxs-available-language-link qtranxs-available-language-link-tr\" title=\"Turkish\">Turkish<\/a>. For the sake of viewer convenience, the content is shown below in the alternative language. You may click the link to switch the active language.<\/p><p><\/p>\n<h1>Enerji verimlili\u011fi dan\u0131\u015fmanl\u0131k ve uygulama \u015firketi Enervis, sanayide enerji verimlili\u011fi uygulamalar\u0131 kapsam\u0131nda 7 y\u0131lda 634 proje geli\u015ftirdi. T\u00fcrkiye&#8217;nin alan\u0131nda \u00f6nemli etkinliklerinden Enerji Verimlili\u011fi Forumu ve Fuar\u0131 (EVF) kapsam\u0131nda Enervis\u2019in \u00f6nc\u00fc projelerini kat\u0131l\u0131mc\u0131larla payla\u015fan Enervis Genel M\u00fcd\u00fcr\u00fc Osman Kipo\u011flu, T\u00fcrkiye&#8217;nin enerji ithalat\u0131 faturas\u0131n\u0131n ge\u00e7en y\u0131l bir \u00f6nceki y\u0131la g\u00f6re y\u00fczde 15,6 artt\u0131\u011f\u0131na dikkat \u00e7ekerek, \u201cVerimlili\u011fi art\u0131rarak enerji ithalat\u0131n\u0131 d\u00fc\u015f\u00fcrebiliriz\u201d dedi.<\/h1>\n<p>Enerji verimlili\u011fi alan\u0131nda T\u00fcrkiye&#8217;nin en b\u00fcy\u00fck ve en \u00f6nemli etkinliklerinden biri olan 10. Enerji Verimlili\u011fi Forumu ve Fuar\u0131 (EVF) kapsam\u0131nda iki ayr\u0131 etkinlikte yerini alan Enervis, enerji verimlili\u011fi <img loading=\"lazy\" class=\"alignright size-medium wp-image-91897\" src=\"https:\/\/www.enerjigazetesi.ist\/wp-content\/uploads\/2019\/05\/turkiyenin-enerji-ithalat-faturasi-verimlilikle-dusecek-300x249.jpg\" alt=\"\" width=\"300\" height=\"249\" srcset=\"https:\/\/www.enerjigazetesi.ist\/wp-content\/uploads\/2019\/05\/turkiyenin-enerji-ithalat-faturasi-verimlilikle-dusecek-300x249.jpg 300w, https:\/\/www.enerjigazetesi.ist\/wp-content\/uploads\/2019\/05\/turkiyenin-enerji-ithalat-faturasi-verimlilikle-dusecek-482x400.jpg 482w, https:\/\/www.enerjigazetesi.ist\/wp-content\/uploads\/2019\/05\/turkiyenin-enerji-ithalat-faturasi-verimlilikle-dusecek-60x50.jpg 60w, https:\/\/www.enerjigazetesi.ist\/wp-content\/uploads\/2019\/05\/turkiyenin-enerji-ithalat-faturasi-verimlilikle-dusecek.jpg 588w\" sizes=\"(max-width: 300px) 100vw, 300px\" \/>projelerine ve uygulamalar\u0131na dair detaylar\u0131 kat\u0131l\u0131mc\u0131larla payla\u015ft\u0131. Enervis\u2019in otomotiv, tekstil, g\u0131da, cam, seramik, kimya, demir-\u00e7elik gibi sekt\u00f6rlerde ger\u00e7ekle\u015ftirdi\u011fi enerji verimlili\u011fini art\u0131r\u0131c\u0131 \u00e7al\u0131\u015fmalar ile her y\u0131l milyonlarca lira tasarruf sa\u011flanmas\u0131na katk\u0131 sundu\u011funu dile getiren <strong>Enervis Genel M\u00fcd\u00fcr\u00fc Osman Kipo\u011flu<\/strong> \u201cEnervis olarak sanayide enerji verimlili\u011fi uygulamalar\u0131 kapsam\u0131nda bug\u00fcne kadar 634 proje geli\u015ftirdik. Enerji \u00f6l\u00e7me izleme sistemleri kapsam\u0131nda yapt\u0131\u011f\u0131m\u0131z analizler ile tesislerde iyile\u015ftirmeler yap\u0131yoruz. Bu da enerji maliyetlerini ciddi oranda d\u00fc\u015f\u00fcrd\u00fc\u011f\u00fc gibi hem \u00fclkemize hem de rekabet\u00e7i piyasa ko\u015fullar\u0131n\u0131n i\u00e7erisinde yer alan \u015firketlere katk\u0131 sunuyor. Di\u011fer yandan enerji \u00fcretimi ve yenilenebilir enerji yat\u0131r\u0131mlar\u0131na \u00f6ncelik veriyor, \u015firketleri de bu konuda y\u00f6nlendiriyoruz.\u201d dedi.<\/p>\n<p><strong>Enerji Yo\u011funlu\u011funda En Fazla \u0130yile\u015fme Sanayide!<\/strong><\/p>\n<p>T\u00fcrkiye\u2019de 2000 &#8211; 2016 y\u0131llar\u0131 aras\u0131nda enerji yo\u011funlu\u011funda en fazla iyile\u015fme g\u00f6r\u00fclen sekt\u00f6r\u00fcn y\u00fczde 42\u2019lik iyile\u015fme oran\u0131 ile sanayi oldu\u011funu hat\u0131rlatan Kipo\u011flu, \u201cT\u00fcm iyile\u015fmelere ra\u011fmen, T\u00fcrkiye enerjide d\u0131\u015fa ba\u011f\u0131ml\u0131l\u0131\u011f\u0131 y\u00fcksek olan \u00fclkeler aras\u0131nda yer al\u0131yor. \u00dclkemizin 2023 y\u0131l\u0131 hedefleri aras\u0131nda, birincil enerji t\u00fcketiminin y\u00fczde 14 azalt\u0131lmas\u0131 da bulunuyor. Bu s\u00fcre\u00e7te hepimize d\u00fc\u015fen g\u00f6revler var. \u00d6zellikle verimlili\u011fi art\u0131r\u0131c\u0131 faaliyetler ile enerji ithalat\u0131n\u0131n \u00f6nemli \u00f6l\u00e7\u00fcde azalt\u0131lmas\u0131na katk\u0131 sa\u011flayabiliriz\u201d diyerek s\u00f6zlerini tamamlad\u0131.<\/p>","protected":false},"excerpt":{"rendered":"<p>Sorry, this entry is only available in Turkish. For the sake of viewer convenience, the content is shown below in the alternative language. You may click the link to switch the active language. Enerji verimlili\u011fi dan\u0131\u015fmanl\u0131k ve uygulama \u015firketi Enervis, sanayide enerji verimlili\u011fi uygulamalar\u0131 kapsam\u0131nda 7 y\u0131lda 634 proje geli\u015ftirdi. T\u00fcrkiye&#8217;nin alan\u0131nda \u00f6nemli etkinliklerinden Enerji [&hellip;]<\/p>\n","protected":false},"author":1,"featured_media":91897,"comment_status":"open","ping_status":"open","sticky":false,"template":"","format":"standard","meta":[],"categories":[53,52],"tags":[49280,67,1009,94,49556,50100,18,49226,32746,26559,1660,2397,11011,9795,585,793,1245],"views":776,"_links":{"self":[{"href":"https:\/\/www.enerjigazetesi.ist\/en\/wp-json\/wp\/v2\/posts\/91895"}],"collection":[{"href":"https:\/\/www.enerjigazetesi.ist\/en\/wp-json\/wp\/v2\/posts"}],"about":[{"href":"https:\/\/www.enerjigazetesi.ist\/en\/wp-json\/wp\/v2\/types\/post"}],"author":[{"embeddable":true,"href":"https:\/\/www.enerjigazetesi.ist\/en\/wp-json\/wp\/v2\/users\/1"}],"replies":[{"embeddable":true,"href":"https:\/\/www.enerjigazetesi.ist\/en\/wp-json\/wp\/v2\/comments?post=91895"}],"version-history":[{"count":0,"href":"https:\/\/www.enerjigazetesi.ist\/en\/wp-json\/wp\/v2\/posts\/91895\/revisions"}],"wp:featuredmedia":[{"embeddable":true,"href":"https:\/\/www.enerjigazetesi.ist\/en\/wp-json\/wp\/v2\/media\/91897"}],"wp:attachment":[{"href":"https:\/\/www.enerjigazetesi.ist\/en\/wp-json\/wp\/v2\/media?parent=91895"}],"wp:term":[{"taxonomy":"category","embeddable":true,"href":"https:\/\/www.enerjigazetesi.ist\/en\/wp-json\/wp\/v2\/categories?post=91895"},{"taxonomy":"post_tag","embeddable":true,"href":"https:\/\/www.enerjigazetesi.ist\/en\/wp-json\/wp\/v2\/tags?post=91895"}],"curies":[{"name":"wp","href":"https:\/\/api.w.org\/{rel}","templated":true}]}}