{"id":91868,"date":"2019-04-10T22:44:13","date_gmt":"2019-04-10T19:44:13","guid":{"rendered":"https:\/\/www.enerjigazetesi.ist\/?p=91868"},"modified":"2019-05-07T23:37:34","modified_gmt":"2019-05-07T20:37:34","slug":"son-10-yilda-en-yuksek-fiyat-dususu-gunes-ve-ruzgarda-yasandi","status":"publish","type":"post","link":"https:\/\/www.enerjigazetesi.ist\/en\/son-10-yilda-en-yuksek-fiyat-dususu-gunes-ve-ruzgarda-yasandi\/","title":{"rendered":"(Turkish) Son 10 Y\u0131lda En Y\u00fcksek Fiyat D\u00fc\u015f\u00fc\u015f\u00fc G\u00fcne\u015f ve R\u00fczgarda Ya\u015fand\u0131"},"content":{"rendered":"<p class=\"qtranxs-available-languages-message qtranxs-available-languages-message-en\">Sorry, this entry is only available in <a href=\"https:\/\/www.enerjigazetesi.ist\/tr\/wp-json\/wp\/v2\/posts\/91868\" class=\"qtranxs-available-language-link qtranxs-available-language-link-tr\" title=\"Turkish\">Turkish<\/a>. For the sake of viewer convenience, the content is shown below in the alternative language. You may click the link to switch the active language.<\/p><p><\/p>\n<h1>Uluslararas\u0131 Para Fonu (IMF) Nisan Ekonomik G\u00f6r\u00fcn\u00fcm\u00fc Haftan\u0131n Tablosu\u2019nda yay\u0131mlanan verilere g\u00f6re, 2009 ve 2017 y\u0131llar\u0131nda d\u00fc\u015f\u00fck karbonlu enerji kaynaklar\u0131 aras\u0131nda en y\u00fcksek fiyat d\u00fc\u015f\u00fc\u015f\u00fc g\u00fcne\u015f ve r\u00fczgar enerjisinde ya\u015fand\u0131.<\/h1>\n<p>En y\u00fcksek maliyet d\u00fc\u015f\u00fc\u015f\u00fc r\u00fczgar t\u00fcrbinlerinde olurken bu d\u00f6nemde g\u00fcne\u015f panelleri fiyatlar\u0131 y\u00fczde 76, t\u00fcrbin fiyatlar\u0131 da y\u00fczde 34 oran\u0131nda geriledi. Fiyatlardaki d\u00fc\u015f\u00fc\u015fle s\u00f6z konusu kaynaklar, hidro elektrik ve n\u00fckleer santral gibi daha geleneksel enerji kaynaklar\u0131 ve fosil yak\u0131tlar\u0131na rakip oldu.<\/p>\n<p><img loading=\"lazy\" class=\"alignleft size-medium wp-image-91870\" src=\"https:\/\/www.enerjigazetesi.ist\/wp-content\/uploads\/2019\/05\/son-10-yilda-en-yuksek-fiyat-dususu-gunes-ve-ruzgarda-yasandi-300x158.jpg\" alt=\"\" width=\"300\" height=\"158\" srcset=\"https:\/\/www.enerjigazetesi.ist\/wp-content\/uploads\/2019\/05\/son-10-yilda-en-yuksek-fiyat-dususu-gunes-ve-ruzgarda-yasandi-300x158.jpg 300w, https:\/\/www.enerjigazetesi.ist\/wp-content\/uploads\/2019\/05\/son-10-yilda-en-yuksek-fiyat-dususu-gunes-ve-ruzgarda-yasandi-500x264.jpg 500w, https:\/\/www.enerjigazetesi.ist\/wp-content\/uploads\/2019\/05\/son-10-yilda-en-yuksek-fiyat-dususu-gunes-ve-ruzgarda-yasandi-80x42.jpg 80w, https:\/\/www.enerjigazetesi.ist\/wp-content\/uploads\/2019\/05\/son-10-yilda-en-yuksek-fiyat-dususu-gunes-ve-ruzgarda-yasandi.jpg 745w\" sizes=\"(max-width: 300px) 100vw, 300px\" \/>IMFBlog\u2019da Christian Bogmans\u2019\u0131n yaz\u0131s\u0131nda g\u00fcne\u015f ve r\u00fczgar enerjilerinin daha uygun maliyetli enerji kaynaklar\u0131 haline gelmeleriyle yenilenebilir enerji kapasitesine yap\u0131lan k\u00fcresel yat\u0131r\u0131m\u0131n son 10 y\u0131lda artt\u0131\u011f\u0131na ve 2008 y\u0131l\u0131na kadar hidrog\u00fc\u00e7te g\u00f6r\u00fclen yenilenebilir enerji kaynaklar\u0131na y\u00f6nelik en y\u00fcksek k\u00fcresel yat\u0131r\u0131m\u0131n, 2009\u2019da t\u00fcrbinlere yap\u0131ld\u0131\u011f\u0131na dikkat \u00e7ekildi. Yenilenebilir enerji kaynaklar\u0131 aras\u0131nda en y\u00fcksek yat\u0131r\u0131m\u0131n 2016\u2019da g\u00fcne\u015f panellerine yap\u0131ld\u0131\u011f\u0131, 2017 y\u0131l\u0131nda da g\u00fcne\u015f panellerine yap\u0131lan yat\u0131r\u0131m\u0131n, di\u011fer d\u00fc\u015f\u00fck karbonlu teknolojilere yap\u0131lan toplam yat\u0131r\u0131m\u0131 a\u015ft\u0131\u011f\u0131 a\u00e7\u0131kland\u0131.<\/p>\n<p>Yaz\u0131 ayr\u0131ca r\u00fczgar ve g\u00fcne\u015f enerjisi maliyetlerinin d\u00fc\u015fmesinin yan\u0131nda, n\u00fckleer ve hidro elektrik santral maliyetlerinin ayn\u0131 d\u00f6nemde s\u0131ras\u0131yla % 21 ve % 9.0 artt\u0131\u011f\u0131na dikkat \u00e7ekilirken r\u00fczgar ve g\u00fcne\u015f enerjisinin tersi, k\u00f6pr\u00fc ve demiryollar\u0131 gibi in\u015faat projelerine benzer olarak n\u00fckleer ve hidro kaynaklar\u0131n daha geli\u015fmi\u015f teknolojilere sahip olmalar\u0131 sebebiyle yap\u0131land\u0131r\u0131lmalar\u0131na daha y\u00fcksek yat\u0131r\u0131m gerekti\u011fini belirterek s\u00f6z konusu fakt\u00f6rlerin bu gibi projelerde maliyet azalt\u0131m\u0131 olas\u0131l\u0131\u011f\u0131n\u0131 k\u0131s\u0131tlad\u0131\u011f\u0131n\u0131 da vurgulad\u0131.<\/p>","protected":false},"excerpt":{"rendered":"<p>Sorry, this entry is only available in Turkish. For the sake of viewer convenience, the content is shown below in the alternative language. You may click the link to switch the active language. Uluslararas\u0131 Para Fonu (IMF) Nisan Ekonomik G\u00f6r\u00fcn\u00fcm\u00fc Haftan\u0131n Tablosu\u2019nda yay\u0131mlanan verilere g\u00f6re, 2009 ve 2017 y\u0131llar\u0131nda d\u00fc\u015f\u00fck karbonlu enerji kaynaklar\u0131 aras\u0131nda en [&hellip;]<\/p>\n","protected":false},"author":1,"featured_media":91870,"comment_status":"open","ping_status":"open","sticky":false,"template":"","format":"standard","meta":[],"categories":[51,53,49,50],"tags":[50044,50082,67,1009,23416,23133,39384,10084,50079,50078,50077,24949,23318,46175,50080,50081,34977,18617,26829],"views":640,"_links":{"self":[{"href":"https:\/\/www.enerjigazetesi.ist\/en\/wp-json\/wp\/v2\/posts\/91868"}],"collection":[{"href":"https:\/\/www.enerjigazetesi.ist\/en\/wp-json\/wp\/v2\/posts"}],"about":[{"href":"https:\/\/www.enerjigazetesi.ist\/en\/wp-json\/wp\/v2\/types\/post"}],"author":[{"embeddable":true,"href":"https:\/\/www.enerjigazetesi.ist\/en\/wp-json\/wp\/v2\/users\/1"}],"replies":[{"embeddable":true,"href":"https:\/\/www.enerjigazetesi.ist\/en\/wp-json\/wp\/v2\/comments?post=91868"}],"version-history":[{"count":0,"href":"https:\/\/www.enerjigazetesi.ist\/en\/wp-json\/wp\/v2\/posts\/91868\/revisions"}],"wp:featuredmedia":[{"embeddable":true,"href":"https:\/\/www.enerjigazetesi.ist\/en\/wp-json\/wp\/v2\/media\/91870"}],"wp:attachment":[{"href":"https:\/\/www.enerjigazetesi.ist\/en\/wp-json\/wp\/v2\/media?parent=91868"}],"wp:term":[{"taxonomy":"category","embeddable":true,"href":"https:\/\/www.enerjigazetesi.ist\/en\/wp-json\/wp\/v2\/categories?post=91868"},{"taxonomy":"post_tag","embeddable":true,"href":"https:\/\/www.enerjigazetesi.ist\/en\/wp-json\/wp\/v2\/tags?post=91868"}],"curies":[{"name":"wp","href":"https:\/\/api.w.org\/{rel}","templated":true}]}}