{"id":9169,"date":"2013-04-03T13:58:09","date_gmt":"2013-04-03T10:58:09","guid":{"rendered":"https:\/\/www.enerjigazetesi.ist\/?p=9169"},"modified":"2013-04-03T14:00:17","modified_gmt":"2013-04-03T11:00:17","slug":"konyali-hanimlar-enerji-verimliliginde-sinifi-gecti-sira-vanda","status":"publish","type":"post","link":"https:\/\/www.enerjigazetesi.ist\/en\/konyali-hanimlar-enerji-verimliliginde-sinifi-gecti-sira-vanda\/","title":{"rendered":"(Turkish) Konya&#8217;l\u0131 Han\u0131mlar Enerji Verimlili\u011finde S\u0131n\u0131f\u0131 Ge\u00e7ti, S\u0131ra Van&#8217;da!"},"content":{"rendered":"<p class=\"qtranxs-available-languages-message qtranxs-available-languages-message-en\">Sorry, this entry is only available in <a href=\"https:\/\/www.enerjigazetesi.ist\/tr\/wp-json\/wp\/v2\/posts\/9169\" class=\"qtranxs-available-language-link qtranxs-available-language-link-tr\" title=\"Turkish\">Turkish<\/a>. For the sake of viewer convenience, the content is shown below in the alternative language. You may click the link to switch the active language.<\/p><p><strong>Enerji Verimlili\u011fi Derne\u011fi Genel Ba\u015fkan\u0131 \u0130brahim \u00c7a\u011flar, sadece evlerde al\u0131nacak tedbirlerle y\u0131lda 4 milyar T\u00fcrk Liras\u0131 tasarruf sa\u011flanaca\u011f\u0131n\u0131, sanayi, ula\u015ft\u0131rma ve yal\u0131t\u0131mda verimlilikle birlikte bu rakam\u0131n 15 Milyar T\u00fcrk Liras\u0131\u2019n\u0131 bulaca\u011f\u0131n\u0131 s\u00f6yledi. <\/strong><\/p>\n<p>Enerjiyi verimli kullanma bilincini \u00fclke geneline yaymak amac\u0131yla yola \u00e7\u0131kan Enerji Han\u0131m\u2019\u0131n \u00fc\u00e7\u00fcnc\u00fc dura\u011f\u0131 Konya oldu. Bera Otel\u2019de ger\u00e7ekle\u015ftirilen programa AK Parti Kad\u0131n Kollar\u0131 Genel Ba\u015fkan\u0131 G\u00fcrdal Ak\u015fit, AK Parti Konya Milletvekili G\u00fclay Samanc\u0131, Enerji Verimlili\u011fi Derne\u011fi Genel Derne\u011fi Ba\u015fkan\u0131 \u0130brahim \u00c7a\u011flar ve y\u00f6netim kurulu \u00fcyeleri, Konya Ticaret Odas\u0131 Ba\u015fkan\u0131 ve Enerji Verimlili\u011fi Derne\u011fi Konya \u015eube Ba\u015fkan\u0131 Sel\u00e7uk \u00d6zt\u00fcrk, Konya Sanayi Odas\u0131 Ba\u015fkan\u0131 Tahir B\u00fcy\u00fckhelvac\u0131gil, Enerji ve Tabii Kaynaklar Bakan\u0131 Taner Y\u0131ld\u0131z&#8217;\u0131n E\u015fi Selma Y\u0131ld\u0131z, Konya Valisi Ayd\u0131n Nezih Do\u011fan&#8217;\u0131n E\u015fi Hatice Do\u011fan ile sivil toplum \u00f6rg\u00fct\u00fc temsilcileri ve \u00e7ok say\u0131da Konyal\u0131 kad\u0131nlar kat\u0131ld\u0131.<\/p>\n<p><strong>Ekonomiye 4 milyar Liral\u0131k katk\u0131 kad\u0131nlar\u0131n elinde <\/strong><\/p>\n<p>Toplant\u0131n\u0131n a\u00e7\u0131l\u0131\u015f konu\u015fmas\u0131n\u0131 yapan Enerji Verimlili\u011fi Derne\u011fi Genel Ba\u015fkan\u0131 \u0130brahim \u00c7a\u011flar, Enerji Han\u0131m\u2019\u0131n T\u00fcrkiye genelinde her kesimi kapsayan b\u00fcy\u00fck bir projenin ba\u015flang\u0131c\u0131 oldu\u011funu s\u00f6yledi. Enerji ve Tabii Kaynaklar Bakanl\u0131\u011f\u0131 ile Aile ve Sosyal Politikalar Bakanl\u0131\u011f\u0131\u2019n\u0131n ortak projesi olan ve Ba\u015fbakan Recep Tayyip Erdo\u011fan\u2019\u0131n e\u015fi Emine Erdo\u011fan\u2019\u0131n da destek verdi\u011fi projeyi uygulama g\u00f6revinin \u00fcstlendiklerini kaydeden \u00c7a\u011flar, kad\u0131nlar\u0131 evin ekonomisti olarak g\u00f6rd\u00fcklerini bu nedenle ilk olarak Enerji Han\u0131m ile yola \u00e7\u0131kt\u0131klar\u0131n\u0131 vurgulad\u0131. \u00c7a\u011flar \u015f\u00f6yle devam etti:<\/p>\n<p>\u201c\u00d6nce bir anket \u00e7al\u0131\u015fmas\u0131 yapt\u0131k. 20 ilde, 2 bin 929 kad\u0131na ula\u015ft\u0131k. Evlerinde elektrikli ev aletlerinin bilin\u00e7li kullan\u0131l\u0131p kullan\u0131lmad\u0131\u011f\u0131n\u0131 sorduk. Sonras\u0131nda Ankara&#8217;da 5 fakl\u0131 il\u00e7ede 5 farkl\u0131 haneye birer \u00f6l\u00e7\u00fcm cihaz\u0131 takt\u0131k. Her hanedeki elektrikli ev aletlerine enerji monit\u00f6r\u00fc yerle\u015ftirerek, evde t\u00fcketilen toplam enerji miktar\u0131 ile aletlerin anl\u0131k t\u00fcketimlerini veri bankas\u0131na y\u00fckledik. Sonu\u00e7ta hanelerin Enerji Han\u0131m projesindeki bilin\u00e7lendirme \u00e7al\u0131\u015fmalar\u0131ndan \u00f6nceki ve sonraki t\u00fcketim al\u0131\u015fkanl\u0131klar\u0131n\u0131 detayl\u0131 olarak raporlad\u0131k.<\/p>\n<p>Ve sadece bu y\u00f6ntemle y\u0131ll\u0131k 4 milyar T\u00fcrk Liras\u0131 kazanaca\u011f\u0131m\u0131z\u0131 g\u00f6rd\u00fck. \u0130lk e\u011fitim \u00e7al\u0131\u015fmam\u0131z\u0131 Kayseri de, ikincisini ise D<a href=\"https:\/\/www.enerjigazetesi.ist\/wp-content\/uploads\/2013\/04\/enerji-verimliligi-enerji-hanim.jpg\"><img loading=\"lazy\" class=\"alignright size-medium wp-image-9170\" title=\"enerji-verimliligi-enerji-hanim\" src=\"https:\/\/www.enerjigazetesi.ist\/wp-content\/uploads\/2013\/04\/enerji-verimliligi-enerji-hanim-300x198.jpg\" alt=\"\" width=\"300\" height=\"198\" srcset=\"https:\/\/www.enerjigazetesi.ist\/wp-content\/uploads\/2013\/04\/enerji-verimliligi-enerji-hanim-300x198.jpg 300w, https:\/\/www.enerjigazetesi.ist\/wp-content\/uploads\/2013\/04\/enerji-verimliligi-enerji-hanim-500x331.jpg 500w, https:\/\/www.enerjigazetesi.ist\/wp-content\/uploads\/2013\/04\/enerji-verimliligi-enerji-hanim-75x50.jpg 75w, https:\/\/www.enerjigazetesi.ist\/wp-content\/uploads\/2013\/04\/enerji-verimliligi-enerji-hanim.jpg 868w\" sizes=\"(max-width: 300px) 100vw, 300px\" \/><\/a>enizli\u2019de ger\u00e7ekle\u015ftirdik. \u015eimdi Konya\u2019day\u0131z, Konyal\u0131 han\u0131mlar ile verimlili\u011fi konu\u015fup tart\u0131\u015f\u0131yoruz. Toplant\u0131lar\u0131m\u0131za kat\u0131lan t\u00fcm han\u0131mlar\u0131n ileti\u015fim bilgilerini al\u0131yoruz. Daha sonra arkada\u015flar\u0131m\u0131z onlarla g\u00f6r\u00fc\u015f\u00fcp sonu\u00e7lar\u0131 alacaklar. K\u0131sa bir s\u00fcre sonra yat\u0131\u011f\u0131m\u0131z \u00e7al\u0131\u015fmalar\u0131n sonum meyvelerini toplamaya ba\u015flayaca\u011f\u0131z.\u00a0 Haziran ay\u0131na kadar toplam 20 ilde e\u011fitim programlar\u0131n\u0131 s\u00fcrd\u00fcrece\u011fiz\u201d<\/p>\n<p><strong>Enerjinizi do\u011fru kullan\u0131n<\/strong><\/p>\n<p>Enerji Han\u0131m projesinin ger\u00e7ekten \u00e7ok anlaml\u0131 bir kampanya oldu\u011funu belirten AK Parti Kad\u0131n Kollar\u0131 Genel Ba\u015fkan\u0131 G\u00fcrdal Ak\u015fit ise evin idaresinde \u00f6nemli bir rol alan han\u0131mlar\u0131n, dolay\u0131s\u0131yla enerjinin do\u011fru kullan\u0131lmas\u0131n\u0131n, enerji tasarrufunun da kilit noktas\u0131n\u0131 olu\u015fturduklar\u0131n\u0131n en g\u00fczel \u00f6rne\u011fi. T\u00fcm d\u00fcnyada oldu\u011fu gibi \u00fclkemizde de enerji \u00e7ok \u00f6nemli. Evimizde elimizi att\u0131\u011f\u0131m\u0131z her alette oldu\u011funu s\u00f6yledi. Ak\u015fit, \u201cEnerjinin \u00f6nemini d\u00fc\u015f\u00fcn\u00fcn, \u00fclkemiz ve kendi evimiz i\u00e7in enerjiyi do\u011fru kullan\u0131n&#8221; dedi.<\/p>\n<p><strong>Cari a\u00e7\u0131\u011f\u0131 kapatmak i\u00e7in enerjiyi verimli kullanmal\u0131y\u0131z<\/strong><\/p>\n<p>Konya Ticaret Odas\u0131 Ba\u015fkan\u0131 Sel\u00e7uk \u00d6zt\u00fcrk, T\u00fcrkiye son 10 y\u0131lda ekonomide \u00e7ok b\u00fcy\u00fck bir performans g\u00f6sterdi\u011fine vurgu yaparak \u015f\u00f6yle konu\u015ftu:<\/p>\n<p>\u201cBu performans i\u00e7erisinde bir tak\u0131m s\u0131k\u0131nt\u0131lar\u0131 da beraberinde getiriyor bu s\u0131k\u0131nt\u0131lardan en \u00f6nemlisi cari a\u00e7\u0131k. T\u00fcrkiye&#8217;nin cari a\u00e7\u0131\u011f\u0131n\u0131 kapatmak i\u00e7in b\u00fcy\u00fcmede olmak \u00fczere bir\u00e7ok \u015feyden fedak\u00e2rl\u0131k yap\u0131yoruz. Ancak T\u00fcrkiye&#8217;de bu cari a\u00e7\u0131\u011f\u0131 inceledi\u011fimizde bu a\u00e7\u0131\u011f\u0131n yakla\u015f\u0131k 60 milyar dolar\u0131 enerji sekt\u00f6r\u00fcnden kaynakland\u0131\u011f\u0131 ortaya \u00e7\u0131k\u0131yor. Yani T\u00fcrkiye&#8217;nin bir y\u0131ldaki a\u00e7\u0131\u011f\u0131 enerjiden kaynaklan\u0131yor. Elbette bu enerjiden do\u011fan a\u00e7\u0131\u011f\u0131 kapatmak i\u00e7in enerji \u00fcretmek \u00f6nemli. Ama bunun yan\u0131nda enerjiyi kullanabilmekte \u00e7ok \u00f6nemli. E\u011fer enerjiyi daha dikkatli kullanabilirsek, bilin\u00e7li kullanabilirsek, bu enerjiden kaynaklanan a\u00e7\u0131\u011f\u0131n \u00e7o\u011funu kapatabiliriz. Bu \u00fclkemizin geli\u015fimi a\u00e7\u0131s\u0131ndan ve 2023 vizyonu a\u00e7\u0131s\u0131ndan \u00e7ok \u00f6nemli&#8221;<\/p>\n<p><strong>Enerji Han\u0131m s\u0131nav yapt\u0131 Konyal\u0131 han\u0131mlar s\u0131n\u0131f\u0131 ge\u00e7ti<\/strong><\/p>\n<p>Daha sonra Konyal\u0131 kad\u0131nlarla bir araya gelen Enerji Han\u0131m karakterini canland\u0131ran sanat\u00e7\u0131 S\u00fceda \u00c7il, \u00f6nce Konyal\u0131 han\u0131mlara evlerde enerji verimlili\u011fi konusunda baz\u0131 sorular sorarak mini bir s\u0131nav yapt\u0131. Toplant\u0131ya kat\u0131lan kad\u0131nlar\u0131n b\u00fcy\u00fck \u00e7o\u011funlu\u011fu sorulara do\u011fru cevap vererek enerji verimlili\u011fi konusunda ba\u015far\u0131l\u0131 not ald\u0131lar. Ard\u0131n Enerji Han\u0131m, \u00e7ok k\u00fc\u00e7\u00fck \u00f6nlem ve uygulamalarla hem ailenin hem de \u00fclkenin kaynaklar\u0131nda israf\u0131n nas\u0131l \u00f6nlenece\u011fi konusunda \u00f6rnekler verdi.<\/p>\n<p>E\u011fitim program\u0131n\u0131n ard\u0131ndan toplant\u0131ya kat\u0131lanlar aras\u0131nda yap\u0131lan \u00e7ekili\u015fle Buzdolab\u0131ndan \u00e7ama\u015f\u0131r makinesine, elektrik s\u00fcp\u00fcrgesinden mutfak robotuna kadar bir\u00e7ok enerjiyi verimli t\u00fcketen \u00fcr\u00fcnleri kazanan talihliler belli oldu. Toplant\u0131n\u0131n ard\u0131ndan kazananlar hediyelerini Enerji Verimlili\u011fi Derne\u011fi Genel Sekreteri Ye\u015fim Beyla\u2019n\u0131n elinden ald\u0131lar\u2026<\/p>\n<p>Kaynak: <a href=\"http:\/\/www.enver.org.tr\/tr\/haber\/konyali-hanimlar-enerji-verimliliginde-sinifi-gecti\/53\" target=\"_blank\">Enverder<\/a><\/p>","protected":false},"excerpt":{"rendered":"<p>Sorry, this entry is only available in Turkish. For the sake of viewer convenience, the content is shown below in the alternative language. You may click the link to switch the active language.Enerji Verimlili\u011fi Derne\u011fi Genel Ba\u015fkan\u0131 \u0130brahim \u00c7a\u011flar, sadece evlerde al\u0131nacak tedbirlerle y\u0131lda 4 milyar T\u00fcrk Liras\u0131 tasarruf sa\u011flanaca\u011f\u0131n\u0131, sanayi, ula\u015ft\u0131rma ve yal\u0131t\u0131mda verimlilikle [&hellip;]<\/p>\n","protected":false},"author":1,"featured_media":9170,"comment_status":"open","ping_status":"open","sticky":false,"template":"","format":"standard","meta":[],"categories":[53,52],"tags":[67,3596,103,12,3695,2825,2441],"views":524,"_links":{"self":[{"href":"https:\/\/www.enerjigazetesi.ist\/en\/wp-json\/wp\/v2\/posts\/9169"}],"collection":[{"href":"https:\/\/www.enerjigazetesi.ist\/en\/wp-json\/wp\/v2\/posts"}],"about":[{"href":"https:\/\/www.enerjigazetesi.ist\/en\/wp-json\/wp\/v2\/types\/post"}],"author":[{"embeddable":true,"href":"https:\/\/www.enerjigazetesi.ist\/en\/wp-json\/wp\/v2\/users\/1"}],"replies":[{"embeddable":true,"href":"https:\/\/www.enerjigazetesi.ist\/en\/wp-json\/wp\/v2\/comments?post=9169"}],"version-history":[{"count":2,"href":"https:\/\/www.enerjigazetesi.ist\/en\/wp-json\/wp\/v2\/posts\/9169\/revisions"}],"predecessor-version":[{"id":9173,"href":"https:\/\/www.enerjigazetesi.ist\/en\/wp-json\/wp\/v2\/posts\/9169\/revisions\/9173"}],"wp:featuredmedia":[{"embeddable":true,"href":"https:\/\/www.enerjigazetesi.ist\/en\/wp-json\/wp\/v2\/media\/9170"}],"wp:attachment":[{"href":"https:\/\/www.enerjigazetesi.ist\/en\/wp-json\/wp\/v2\/media?parent=9169"}],"wp:term":[{"taxonomy":"category","embeddable":true,"href":"https:\/\/www.enerjigazetesi.ist\/en\/wp-json\/wp\/v2\/categories?post=9169"},{"taxonomy":"post_tag","embeddable":true,"href":"https:\/\/www.enerjigazetesi.ist\/en\/wp-json\/wp\/v2\/tags?post=9169"}],"curies":[{"name":"wp","href":"https:\/\/api.w.org\/{rel}","templated":true}]}}