{"id":91651,"date":"2019-04-26T19:01:50","date_gmt":"2019-04-26T16:01:50","guid":{"rendered":"https:\/\/www.enerjigazetesi.ist\/?p=91651"},"modified":"2019-04-26T19:22:48","modified_gmt":"2019-04-26T16:22:48","slug":"dijital-enerji-yonetimi-ile-mesai-disi-anormal-enerji-tuketiminin-onune-gecin","status":"publish","type":"post","link":"https:\/\/www.enerjigazetesi.ist\/en\/dijital-enerji-yonetimi-ile-mesai-disi-anormal-enerji-tuketiminin-onune-gecin\/","title":{"rendered":"(Turkish) Dijital Enerji Y\u00f6netimi \u0130le Mesai D\u0131\u015f\u0131 Anormal Enerji T\u00fcketiminin \u00d6n\u00fcne Ge\u00e7in!"},"content":{"rendered":"<p class=\"qtranxs-available-languages-message qtranxs-available-languages-message-en\">Sorry, this entry is only available in <a href=\"https:\/\/www.enerjigazetesi.ist\/tr\/wp-json\/wp\/v2\/posts\/91651\" class=\"qtranxs-available-language-link qtranxs-available-language-link-tr\" title=\"Turkish\">Turkish<\/a>. For the sake of viewer convenience, the content is shown below in the alternative language. You may click the link to switch the active language.<\/p><p><\/p>\n<h1>Bir giyim ve aksesuar markas\u0131n\u0131n 10 Ma\u011fazas\u0131 enerjinin dijital d\u00fcnyas\u0131na ad\u0131m atarak ma\u011fazalar\u0131n\u0131n enerji t\u00fcketen sistemleri Enerji Iot Platformu \u00fczerinden izlemeye ba\u015flad\u0131.<img loading=\"lazy\" class=\"alignright size-medium wp-image-91655\" src=\"https:\/\/www.enerjigazetesi.ist\/wp-content\/uploads\/2019\/04\/dijital-enerji-yonetimi-ile-mesai-disi-anormal-enerji-tuketiminin-onune-gecin-300x166.jpg\" alt=\"\" width=\"300\" height=\"166\" srcset=\"https:\/\/www.enerjigazetesi.ist\/wp-content\/uploads\/2019\/04\/dijital-enerji-yonetimi-ile-mesai-disi-anormal-enerji-tuketiminin-onune-gecin-300x166.jpg 300w, https:\/\/www.enerjigazetesi.ist\/wp-content\/uploads\/2019\/04\/dijital-enerji-yonetimi-ile-mesai-disi-anormal-enerji-tuketiminin-onune-gecin-500x277.jpg 500w, https:\/\/www.enerjigazetesi.ist\/wp-content\/uploads\/2019\/04\/dijital-enerji-yonetimi-ile-mesai-disi-anormal-enerji-tuketiminin-onune-gecin-80x44.jpg 80w, https:\/\/www.enerjigazetesi.ist\/wp-content\/uploads\/2019\/04\/dijital-enerji-yonetimi-ile-mesai-disi-anormal-enerji-tuketiminin-onune-gecin.jpg 650w\" sizes=\"(max-width: 300px) 100vw, 300px\" \/><\/h1>\n<p>&nbsp;<\/p>\n<h2>Sa\u011flanan Faydalar:<\/h2>\n<p>&#8211; Ma\u011fazalarda mesai sonras\u0131 havaland\u0131rma ve klimalar\u0131n a\u00e7\u0131k b\u0131rak\u0131ld\u0131\u011f\u0131 tespit edildi. Alarm bildirimleriyle fazla t\u00fcketimlerin \u00f6n\u00fcne ge\u00e7ilmeye ba\u015fland\u0131.<\/p>\n<p>&#8211; Ma\u011fazalarda mesai sonras\u0131 havaland\u0131rma ve klimalar\u0131n set de\u011ferleri ortam ko\u015fullar\u0131na uygun olarak d\u00fczenlenerek fazla t\u00fcketimlerin \u00f6n\u00fcne ge\u00e7ildi.<\/p>\n<h2>Ya\u015fanan Vakalar<\/h2>\n<p><strong>1- Ma\u011faza:<\/strong><\/p>\n<p><img loading=\"lazy\" class=\"aligncenter size-full wp-image-91653\" src=\"https:\/\/www.enerjigazetesi.ist\/wp-content\/uploads\/2019\/04\/01-23.jpg\" alt=\"\" width=\"576\" height=\"225\" srcset=\"https:\/\/www.enerjigazetesi.ist\/wp-content\/uploads\/2019\/04\/01-23.jpg 576w, https:\/\/www.enerjigazetesi.ist\/wp-content\/uploads\/2019\/04\/01-23-300x117.jpg 300w, https:\/\/www.enerjigazetesi.ist\/wp-content\/uploads\/2019\/04\/01-23-500x195.jpg 500w, https:\/\/www.enerjigazetesi.ist\/wp-content\/uploads\/2019\/04\/01-23-80x31.jpg 80w\" sizes=\"(max-width: 576px) 100vw, 576px\" \/><\/p>\n<p>Ma\u011fazada havaland\u0131rma ve klima sistemleri a\u00e7\u0131k unutuluyordu. 21 May\u0131s 2018 tarihine kadar 23:00\u201308:00 saatleri aras\u0131nda saatlik ortalama\u00a018,53 kWh\u00a0enerji t\u00fcketiyordu. Durumun tespit edilmesinin ard\u0131ndan gerekli anormal t\u00fcketim alarmlar\u0131 tan\u0131mland\u0131 ve ilgili ki\u015filere g\u00f6nderildi. Bildirimlerle sistemlerin a\u00e7\u0131k unutulmamas\u0131 sa\u011fland\u0131. <strong>21 May\u0131s 2018<\/strong> tarihi itibariyle gece saatlik enerji t\u00fcketim ortalamas\u0131\u00a00,42 kWh\u2019e d\u00fc\u015ft\u00fc. 21 May\u0131s\u2019ta ya\u015fanan de\u011fi\u015fimle ay sonuna kadar <strong>633 TL<\/strong> tasarruf yap\u0131ld\u0131.<\/p>\n<p><strong>2- Ma\u011faza:\u00a0<\/strong>Ma\u011fazada havaland\u0131rma ve klima sistemleri mevsim \u015fartlar\u0131ndan ba\u011f\u0131ms\u0131z olarak enerji t\u00fcketimi ger\u00e7ekle\u015ftiriyordu. Set de\u011ferleri d\u00fczenlenerek fazla t\u00fcketimin \u00f6n\u00fcne ge\u00e7ildi. 19 May\u0131s 2018 tarihine kadar saatlik enerji t\u00fcketim ortalamas\u0131 16,04 kWh\u2019di. 19 May\u0131s 2018 tarihi itibariyle saatlik enerji t\u00fcketim ortalamas\u0131 9,82 kWh\u2019e geriledi.<\/p>\n<p style=\"text-align: center;\"><img loading=\"lazy\" class=\"aligncenter size-full wp-image-91654\" src=\"https:\/\/www.enerjigazetesi.ist\/wp-content\/uploads\/2019\/04\/02-21.jpg\" alt=\"\" width=\"576\" height=\"225\" srcset=\"https:\/\/www.enerjigazetesi.ist\/wp-content\/uploads\/2019\/04\/02-21.jpg 576w, https:\/\/www.enerjigazetesi.ist\/wp-content\/uploads\/2019\/04\/02-21-300x117.jpg 300w, https:\/\/www.enerjigazetesi.ist\/wp-content\/uploads\/2019\/04\/02-21-500x195.jpg 500w, https:\/\/www.enerjigazetesi.ist\/wp-content\/uploads\/2019\/04\/02-21-80x31.jpg 80w\" sizes=\"(max-width: 576px) 100vw, 576px\" \/><\/p>\n<p>\u00c7ok \u015fubeli ma\u011fazalarda tasarruf potansiyelini ke\u015ffetmek ve buna y\u00f6nelik aksiyon almak ciddi tasarruflar ortaya \u00e7\u0131karabilir. Yukar\u0131daki \u00f6rnekte May\u0131s ay\u0131nda ya\u015fanan de\u011fi\u015fimle sadece 13 g\u00fcnl\u00fck s\u00fcre\u00e7te toplam 1.330 TL tasarruf yap\u0131ld\u0131.<\/p>\n<p><strong>Talha Y\u0131ld\u0131z, Reengen &#8211; M\u00fc\u015fteri Destek Uzman\u0131<\/strong><\/p>\n<p><strong>Detayl\u0131 Bilgi Almak \u0130\u00e7in:<\/strong>\u00a0<a href=\"http:\/\/www.reengen.com\/\" target=\"_blank\" rel=\"noopener\">http:\/\/www.reengen.com\/<\/a>\u00a0adresini ziyaret edebilirsiniz.<\/p>","protected":false},"excerpt":{"rendered":"<p>Sorry, this entry is only available in Turkish. For the sake of viewer convenience, the content is shown below in the alternative language. You may click the link to switch the active language. Bir giyim ve aksesuar markas\u0131n\u0131n 10 Ma\u011fazas\u0131 enerjinin dijital d\u00fcnyas\u0131na ad\u0131m atarak ma\u011fazalar\u0131n\u0131n enerji t\u00fcketen sistemleri Enerji Iot Platformu \u00fczerinden izlemeye ba\u015flad\u0131. [&hellip;]<\/p>\n","protected":false},"author":1,"featured_media":91655,"comment_status":"open","ping_status":"open","sticky":false,"template":"","format":"standard","meta":[],"categories":[51,53,52],"tags":[49889,37701,67,1009,37700,8298,1412,148,44531,26559,49888,49886,18516,49884,49887,49130,49885,793],"views":1009,"_links":{"self":[{"href":"https:\/\/www.enerjigazetesi.ist\/en\/wp-json\/wp\/v2\/posts\/91651"}],"collection":[{"href":"https:\/\/www.enerjigazetesi.ist\/en\/wp-json\/wp\/v2\/posts"}],"about":[{"href":"https:\/\/www.enerjigazetesi.ist\/en\/wp-json\/wp\/v2\/types\/post"}],"author":[{"embeddable":true,"href":"https:\/\/www.enerjigazetesi.ist\/en\/wp-json\/wp\/v2\/users\/1"}],"replies":[{"embeddable":true,"href":"https:\/\/www.enerjigazetesi.ist\/en\/wp-json\/wp\/v2\/comments?post=91651"}],"version-history":[{"count":0,"href":"https:\/\/www.enerjigazetesi.ist\/en\/wp-json\/wp\/v2\/posts\/91651\/revisions"}],"wp:featuredmedia":[{"embeddable":true,"href":"https:\/\/www.enerjigazetesi.ist\/en\/wp-json\/wp\/v2\/media\/91655"}],"wp:attachment":[{"href":"https:\/\/www.enerjigazetesi.ist\/en\/wp-json\/wp\/v2\/media?parent=91651"}],"wp:term":[{"taxonomy":"category","embeddable":true,"href":"https:\/\/www.enerjigazetesi.ist\/en\/wp-json\/wp\/v2\/categories?post=91651"},{"taxonomy":"post_tag","embeddable":true,"href":"https:\/\/www.enerjigazetesi.ist\/en\/wp-json\/wp\/v2\/tags?post=91651"}],"curies":[{"name":"wp","href":"https:\/\/api.w.org\/{rel}","templated":true}]}}