{"id":91602,"date":"2019-04-25T15:30:46","date_gmt":"2019-04-25T12:30:46","guid":{"rendered":"https:\/\/www.enerjigazetesi.ist\/?p=91602"},"modified":"2019-04-25T15:37:24","modified_gmt":"2019-04-25T12:37:24","slug":"koruma-altindaki-kumsala-cinden-komurlu-termik-santral","status":"publish","type":"post","link":"https:\/\/www.enerjigazetesi.ist\/en\/koruma-altindaki-kumsala-cinden-komurlu-termik-santral\/","title":{"rendered":"(Turkish) Koruma Alt\u0131ndaki Kumsala \u00c7in\u2019den K\u00f6m\u00fcrl\u00fc Termik Santral"},"content":{"rendered":"<p class=\"qtranxs-available-languages-message qtranxs-available-languages-message-en\">Sorry, this entry is only available in <a href=\"https:\/\/www.enerjigazetesi.ist\/tr\/wp-json\/wp\/v2\/posts\/91602\" class=\"qtranxs-available-language-link qtranxs-available-language-link-tr\" title=\"Turkish\">Turkish<\/a>. For the sake of viewer convenience, the content is shown below in the alternative language. You may click the link to switch the active language.<\/p><p><\/p>\n<h1>25-27 Nisan tarihlerinde ger\u00e7ekle\u015fecek Ku\u015fak ve Yol Forumu 2019 (Belt and Road Forum) \u00f6ncesi TEMA Vakf\u0131, WWF-T\u00fcrkiye, Do\u011fu Akdeniz \u00c7evre Koruma Platformu, Avrupa \u0130klim Eylem A\u011f\u0131 (CAN-E) ve Sa\u011fl\u0131k ve \u00c7evre Birli\u011fi-HEAL Adana\u2019n\u0131n Yumurtal\u0131k il\u00e7esi Sug\u00f6z\u00fc Kumsal\u0131\u2019na yap\u0131lmak istenen \u00c7in yat\u0131r\u0131m\u0131 Hunutlu Termik Santrali\u2019nin \u00e7evre ve sa\u011fl\u0131k etkilerini ve hukuka ayk\u0131r\u0131l\u0131klar\u0131n\u0131 kamuoyuyla payla\u015ft\u0131.<\/h1>\n<p>\u00c7evre koruma kurulu\u015flar\u0131 \u00c7inli \u015eangay Elektrik taraf\u0131ndan Adana\u2019ya kurulmak istenen termik santralin <img loading=\"lazy\" class=\"alignright size-medium wp-image-91604\" src=\"https:\/\/www.enerjigazetesi.ist\/wp-content\/uploads\/2019\/04\/koruma-altindaki-kumsala-cinden-komurlu-termik-santral1-300x200.jpg\" alt=\"\" width=\"300\" height=\"200\" srcset=\"https:\/\/www.enerjigazetesi.ist\/wp-content\/uploads\/2019\/04\/koruma-altindaki-kumsala-cinden-komurlu-termik-santral1-300x200.jpg 300w, https:\/\/www.enerjigazetesi.ist\/wp-content\/uploads\/2019\/04\/koruma-altindaki-kumsala-cinden-komurlu-termik-santral1-500x333.jpg 500w, https:\/\/www.enerjigazetesi.ist\/wp-content\/uploads\/2019\/04\/koruma-altindaki-kumsala-cinden-komurlu-termik-santral1-75x50.jpg 75w, https:\/\/www.enerjigazetesi.ist\/wp-content\/uploads\/2019\/04\/koruma-altindaki-kumsala-cinden-komurlu-termik-santral1-450x300.jpg 450w, https:\/\/www.enerjigazetesi.ist\/wp-content\/uploads\/2019\/04\/koruma-altindaki-kumsala-cinden-komurlu-termik-santral1.jpg 732w\" sizes=\"(max-width: 300px) 100vw, 300px\" \/>koruma alt\u0131ndaki Sug\u00f6z\u00fc Kumsal\u0131\u2019na yap\u0131lmas\u0131n\u0131n yasaya ayk\u0131r\u0131 oldu\u011funu vurgulad\u0131. \u00c7in\u2019in uluslararas\u0131 yat\u0131r\u0131mlar\u0131n\u0131n s\u0131k\u00e7a konu\u015fulaca\u011f\u0131 Ku\u015fak ve Yol Forumu \u00f6ncesi, T\u00fcrkiye\u2019deki sivil toplum kurulu\u015flar\u0131 \u00c7inli firman\u0131n, \u00c7in\u2019deki \u00e7ok daha s\u0131k\u0131 baca gaz\u0131 limitlerini bu santralde uygulamad\u0131klar\u0131n\u0131, T\u00fcrkiye\u2019nin y\u00fcksek emisyon sal\u0131m\u0131na izin veren mevzuat\u0131 nedeniyle bu t\u00fcr kirletici yat\u0131r\u0131mlara elveri\u015fli \u00fclke haline gelmesinden kayg\u0131land\u0131klar\u0131n\u0131 belirtti. Projenin teknik belgelerine g\u00f6re, her y\u0131l 2,8 milyon ton k\u00f6m\u00fcr ithal edilerek santralde yak\u0131lacak. \u00c7in yat\u0131r\u0131m\u0131yla ger\u00e7ekle\u015ftirilmek istenen santralin hava kalitesine, tar\u0131msal \u00fcretime ve deniz ekosistemine verece\u011fi zararlar ve \u00f6zellikle Yumurtal\u0131k il\u00e7esinde hali haz\u0131rda art\u0131\u015f g\u00f6steren kanser ve kanserden \u00f6l\u00fcm vakalar\u0131 dikkat \u00e7ekiyor.<\/p>\n<h2>Adana\u2019daki termik santral sonras\u0131nda kanser vakalar\u0131nda art\u0131\u015f g\u00f6r\u00fcld\u00fc<\/h2>\n<p>Do\u011fu Akdeniz \u00c7evre Platformu g\u00f6n\u00fcll\u00fc avukat\u0131 \u0130smail Hakk\u0131 Atal, \u201c<em>Santral projesinin lisans iptaline kar\u015f\u0131 a\u00e7t\u0131\u011f\u0131m\u0131z davada sunulan bilirki\u015fi raporuna g\u00f6re, Hunutlu projesine \u00e7ok yak\u0131n mesafede bulunan \u0130sken K\u00f6m\u00fcrl\u00fc Termik Santrali\u2019nin 2003 y\u0131l\u0131nda faaliyete ge\u00e7mesinin ard\u0131ndan <strong>Yumurtal\u0131k il\u00e7esinde 2009 y\u0131l\u0131nda 5 kanser vakas\u0131 ve 4 kanser tipi g\u00f6r\u00fcl\u00fcrken, 2014\u2019te 60 kanser vakas\u0131 ve 15 kanser tipi g\u00f6r\u00fclm\u00fc\u015ft\u00fcr<\/strong><\/em>\u201d dedi.<\/p>\n<p>\u0130ki ithal k\u00f6m\u00fcrl\u00fc termik santralin i\u015fletmede, 13 ithal k\u00f6m\u00fcrl\u00fc termik santralin de izin s\u00fcrecinin devam etti\u011fi \u0130skenderun K\u00f6rfezi \u00e7evresinde \u00fcst mahkemenin karar\u0131na ra\u011fmen k\u00fcm\u00fclatif bir hava kirlili\u011fi modellemesi yap\u0131lmad\u0131\u011f\u0131n\u0131 ve ayr\u0131ca \u00c7ED raporunun en tehlikeli hava kirletici olan PM2,5\u2019in da\u011f\u0131l\u0131m\u0131n\u0131n modellenmedi\u011fini vurgulayan Sa\u011fl\u0131k ve \u00c7evre Birli\u011fi-HEAL T\u00fcrkiye Dan\u0131\u015fman\u0131 Funda Gacal \u201c<em>T\u00dc\u0130K verilerine g\u00f6re Adana\u2019da 2009\u2019dan 2017\u2019ye solunum sistemi hastal\u0131klar\u0131 kaynakl\u0131 \u00f6l\u00fcmlerde %50 bir art\u0131\u015f g\u00f6r\u00fcyoruz, bu olduk\u00e7a endi\u015fe verici<\/em>\u201d diye s\u00f6zlerine devam etti.<\/p>\n<h2>Deniz Kaplumba\u011falar\u0131 tehlike alt\u0131nda<\/h2>\n<p>WWF-T\u00fcrkiye Genel M\u00fcd\u00fcr\u00fc Asl\u0131 Pasinli \u201cTermik santral projesi ve projeye ait k\u0131y\u0131 ve deniz yap\u0131lar\u0131n\u0131n bulundu\u011fu Sug\u00f6z\u00fc Kumsal\u0131\u2019n\u0131n, Do\u011fa Koruma ve Milli Parklar Genel M\u00fcd\u00fcrl\u00fc\u011f\u00fc (DKMP) taraf\u0131ndan yay\u0131mlanan Deniz Kaplumba\u011falar\u0131n\u0131n Korunmas\u0131na \u0130li\u015fkin 2009-10 say\u0131l\u0131 Genelge\u2019ye g\u00f6re, korunmas\u0131 gereken \u00f6nemli deniz kaplumba\u011fas\u0131 yuvalama alanlar\u0131ndan biri\u201d dedi.<\/p>\n<p>Pasinli, \u00fc\u00e7 uluslararas\u0131 s\u00f6zle\u015fme ile (Bern S\u00f6zle\u015fmesi, BM Biyolojik \u00c7e\u015fitlilik S\u00f6zle\u015fmesi ve Barselona S\u00f6zle\u015fmesi) korunan <strong>ye\u015fil deniz kaplumba\u011fas\u0131<\/strong>n\u0131n <em>(Chelonia mydas)<\/em> ve <strong>iriba\u015f deniz kaplumba\u011fas\u0131n\u0131n<\/strong> <em>(Caretta caretta)<\/em> en \u00f6nemli yuvalama alanlar\u0131ndan biri olan kumsal\u0131n korunmas\u0131na y\u00f6nelik T\u00fcrkiye\u2019nin y\u00fck\u00fcml\u00fcl\u00fc\u011f\u00fcn\u00fcn bulundu\u011funa dikkat \u00e7ekti. Ayr\u0131ca termik santralin so\u011futma ve proses ama\u00e7l\u0131 kullanaca\u011f\u0131 <strong>toplam su miktar\u0131n\u0131n 1,5 milyar ton\/y\u0131l<\/strong> olaca\u011f\u0131n\u0131 belirten Pasinli, \u00c7ED Raporu\u2019na g\u00f6re tesisten \u00e7\u0131kacak so\u011futma suyunun deniz suyu s\u0131cakl\u0131klar\u0131ndan ortalama 7\u00b0C daha fazla olaca\u011f\u0131n\u0131 ve yaz aylar\u0131nda deniz suyu s\u0131cakl\u0131klar\u0131n\u0131n daha da artmas\u0131n\u0131n \u00f6l\u00fcmc\u00fcl sonu\u00e7lar do\u011furabilece\u011fini s\u00f6yledi. Pasinli \u201c\u00d6zellikle 35\u00b0C kritik bir e\u015fiktir ve bu s\u0131cakl\u0131\u011f\u0131n \u00fczeri canl\u0131lar i\u00e7in \u00f6l\u00fcmc\u00fcl olabilmektedir\u201d diye s\u00f6zlerini noktalad\u0131.<\/p>\n<p>TEMA Vakf\u0131\u2019n\u0131n termik santral i\u00e7in yap\u0131lan imar plan\u0131 revizyonlar\u0131n\u0131n iptali i\u00e7in a\u00e7t\u0131\u011f\u0131 davalar ise devam ediyor. Davan\u0131n gerek\u00e7esi \u00f6ncelikli olarak termik santralin iskele ve su alma yap\u0131lar\u0131n\u0131n koruma alt\u0131ndaki kumsala ve koruma alt\u0131ndaki deniz kaplumba\u011fas\u0131na zarar verecek olmas\u0131 ve \u0130skenderun K\u00f6rfezi B\u00fct\u00fcnle\u015fik K\u0131y\u0131 Alan\u0131 Plan\u0131\u2019n\u0131n ama\u00e7lar\u0131na ayk\u0131r\u0131 olmas\u0131. \u00c7evre ve \u015eehircilik Bakanl\u0131\u011f\u0131\u2019n\u0131n 2015 y\u0131l\u0131nda \u00c7ED olumlu karar\u0131 verdi\u011fi Hunutlu Termik Santrali\u2019nin \u00c7ED Raporu <em>\u201c\u2026<strong>Bu t\u00fcrlerden Caretta carette ve Chelonia mydas b\u00f6lgede s\u0131kl\u0131kla g\u00f6r\u00fclmektedir. Koruma alt\u0131nda olmalar\u0131na ra\u011fmen, belirtilen canl\u0131lar olduk\u00e7a y\u00fcksek h\u0131zda hareket etme kabiliyetine sahip olup, in\u015faat ve i\u015fletme s\u0131ras\u0131nda b\u00f6lgeden ayr\u0131lma potansiyeline sahiptir<\/strong>.\u201d <\/em>gibi bilimsellikten uzak ifadeler i\u00e7eriyor ve \u00c7ED raporuna dayanarak bir imar plan\u0131 revizyonu yap\u0131lm\u0131\u015f olmas\u0131 bu s\u00fcreci de hatal\u0131 k\u0131l\u0131yor.<\/p>\n<p>TEMA Vakf\u0131 Y\u00f6netim Kurulu Ba\u015fkan\u0131 Deniz Ata\u00e7, T\u00fcrkiye\u2019nin enerji d\u00f6n\u00fc\u015f\u00fcm\u00fc i\u00e7in potansiyeline vurgu yaparak \u201c\u00c7in gibi t\u00fcm d\u00fcnyada yat\u0131r\u0131mlar yaparak d\u00fcnyan\u0131n kaderini belirleyen g\u00fc\u00e7l\u00fc bir \u00fclkenin, g\u00fcne\u015f ve r\u00fczg\u00e2r potansiyeli y\u00fcksek bir \u00fclke olan T\u00fcrkiye\u2019nin enerji d\u00f6n\u00fc\u015f\u00fcm\u00fcne yat\u0131r\u0131m yapmas\u0131 iki \u00fclke i\u00e7in de kazan\u00e7 olacakt\u0131r. \u00c7in\u2019in k\u00fcresel kalk\u0131nma i\u00e7in uluslararas\u0131 i\u015f birli\u011fine katk\u0131 vermeyi hedefledi\u011fi Ku\u015fak ve Yol Forumu\u2019nda (Belt and Road Forum) iklim, \u00e7evre ve sa\u011fl\u0131\u011fa \u00e7ok fazla olumsuz etkisi olan k\u00f6m\u00fcrl\u00fc termik santral yat\u0131r\u0131mlar\u0131 yerine yenilenebilir yat\u0131r\u0131mlar\u0131na y\u00f6nelik bir vizyon \u00e7izmeye davet ediyoruz\u201d dedi.<\/p>","protected":false},"excerpt":{"rendered":"<p>Sorry, this entry is only available in Turkish. For the sake of viewer convenience, the content is shown below in the alternative language. You may click the link to switch the active language. 25-27 Nisan tarihlerinde ger\u00e7ekle\u015fecek Ku\u015fak ve Yol Forumu 2019 (Belt and Road Forum) \u00f6ncesi TEMA Vakf\u0131, WWF-T\u00fcrkiye, Do\u011fu Akdeniz \u00c7evre Koruma Platformu, [&hellip;]<\/p>\n","protected":false},"author":1,"featured_media":91604,"comment_status":"open","ping_status":"open","sticky":false,"template":"","format":"standard","meta":[],"categories":[51,53,24649],"tags":[3272,49855,49860,49856,886,33895,49857,67,1009,49852,49858,49859,49854,49853,35969,35970,9309,38692,437,687],"views":671,"_links":{"self":[{"href":"https:\/\/www.enerjigazetesi.ist\/en\/wp-json\/wp\/v2\/posts\/91602"}],"collection":[{"href":"https:\/\/www.enerjigazetesi.ist\/en\/wp-json\/wp\/v2\/posts"}],"about":[{"href":"https:\/\/www.enerjigazetesi.ist\/en\/wp-json\/wp\/v2\/types\/post"}],"author":[{"embeddable":true,"href":"https:\/\/www.enerjigazetesi.ist\/en\/wp-json\/wp\/v2\/users\/1"}],"replies":[{"embeddable":true,"href":"https:\/\/www.enerjigazetesi.ist\/en\/wp-json\/wp\/v2\/comments?post=91602"}],"version-history":[{"count":0,"href":"https:\/\/www.enerjigazetesi.ist\/en\/wp-json\/wp\/v2\/posts\/91602\/revisions"}],"wp:featuredmedia":[{"embeddable":true,"href":"https:\/\/www.enerjigazetesi.ist\/en\/wp-json\/wp\/v2\/media\/91604"}],"wp:attachment":[{"href":"https:\/\/www.enerjigazetesi.ist\/en\/wp-json\/wp\/v2\/media?parent=91602"}],"wp:term":[{"taxonomy":"category","embeddable":true,"href":"https:\/\/www.enerjigazetesi.ist\/en\/wp-json\/wp\/v2\/categories?post=91602"},{"taxonomy":"post_tag","embeddable":true,"href":"https:\/\/www.enerjigazetesi.ist\/en\/wp-json\/wp\/v2\/tags?post=91602"}],"curies":[{"name":"wp","href":"https:\/\/api.w.org\/{rel}","templated":true}]}}