{"id":91509,"date":"2019-04-23T13:51:39","date_gmt":"2019-04-23T10:51:39","guid":{"rendered":"https:\/\/www.enerjigazetesi.ist\/?p=91509"},"modified":"2019-04-23T14:00:44","modified_gmt":"2019-04-23T11:00:44","slug":"elektrikli-ve-hibrit-araclara-yonelik-surus-etkinligi-istanbul-da-yapildi","status":"publish","type":"post","link":"https:\/\/www.enerjigazetesi.ist\/en\/elektrikli-ve-hibrit-araclara-yonelik-surus-etkinligi-istanbul-da-yapildi\/","title":{"rendered":"(Turkish) Elektrikli ve Hibrit Ara\u00e7lara Y\u00f6nelik S\u00fcr\u00fc\u015f Etkinli\u011fi \u0130stanbul&#8217;da Yap\u0131ld\u0131"},"content":{"rendered":"<p class=\"qtranxs-available-languages-message qtranxs-available-languages-message-en\">Sorry, this entry is only available in <a href=\"https:\/\/www.enerjigazetesi.ist\/tr\/wp-json\/wp\/v2\/posts\/91509\" class=\"qtranxs-available-language-link qtranxs-available-language-link-tr\" title=\"Turkish\">Turkish<\/a>. For the sake of viewer convenience, the content is shown below in the alternative language. You may click the link to switch the active language.<\/p><p><\/p>\n<h1>\u0130stanbul\u2019da ilk defa d\u00fczenlenen Elektrikli ve Hibrid S\u00fcr\u00fc\u015f Haftas\u0131 etkinli\u011fi, 21 Nisan\u2019da ger\u00e7ekle\u015ftirilen final turlar\u0131 ile kapan\u0131\u015f\u0131 yapt\u0131. 1500\u2019\u00fcn \u00fczerinde otomobil merakl\u0131s\u0131n\u0131n kat\u0131ld\u0131\u011f\u0131 etkinlikte s\u0131f\u0131r emisyon ve s\u0131f\u0131r g\u00fcr\u00fclt\u00fc ile \u00e7al\u0131\u015fan 20\u2019den fazla elektrikli ve hibrid ara\u00e7, 2 g\u00fcn boyunca kat\u0131l\u0131mc\u0131lar taraf\u0131ndan test edildi. En \u00e7ok ilgi g\u00f6ren ara\u00e7 ise test s\u00fcr\u00fc\u015flerinde kat etti\u011fi kilometre ile adeta \u0130stanbul\u2019u 5 kez turlayan Tesla oldu.<\/h1>\n<p>T\u00fcrkiye Elektrikli ve Hibrid Ara\u00e7lar Derne\u011fi (TEHAD) taraf\u0131ndan ba\u015flat\u0131lan giri\u015fimle ve dev otomobil <img loading=\"lazy\" class=\"alignleft size-medium wp-image-91512\" src=\"https:\/\/www.enerjigazetesi.ist\/wp-content\/uploads\/2019\/04\/elektrikli-ve-hibrit-araclara-yonelik-surus-etkinligi-istanbul-da-yapildi1-300x169.jpg\" alt=\"\" width=\"300\" height=\"169\" srcset=\"https:\/\/www.enerjigazetesi.ist\/wp-content\/uploads\/2019\/04\/elektrikli-ve-hibrit-araclara-yonelik-surus-etkinligi-istanbul-da-yapildi1-300x169.jpg 300w, https:\/\/www.enerjigazetesi.ist\/wp-content\/uploads\/2019\/04\/elektrikli-ve-hibrit-araclara-yonelik-surus-etkinligi-istanbul-da-yapildi1-768x432.jpg 768w, https:\/\/www.enerjigazetesi.ist\/wp-content\/uploads\/2019\/04\/elektrikli-ve-hibrit-araclara-yonelik-surus-etkinligi-istanbul-da-yapildi1-500x281.jpg 500w, https:\/\/www.enerjigazetesi.ist\/wp-content\/uploads\/2019\/04\/elektrikli-ve-hibrit-araclara-yonelik-surus-etkinligi-istanbul-da-yapildi1-80x45.jpg 80w, https:\/\/www.enerjigazetesi.ist\/wp-content\/uploads\/2019\/04\/elektrikli-ve-hibrit-araclara-yonelik-surus-etkinligi-istanbul-da-yapildi1.jpg 868w\" sizes=\"(max-width: 300px) 100vw, 300px\" \/>firmalar\u0131n\u0131n deste\u011fiyle ilan edilen 20 Nisan Elektrikli ve Hibrid S\u00fcr\u00fc\u015f Haftas\u0131, \u0130stanbul G\u00f6kt\u00fcrk\u2019te d\u00fczenlenen \u00f6zel bir a\u00e7\u0131k hava etkinli\u011fiyle kutland\u0131. \u0130ki g\u00fcn boyunca devam eden etkinli\u011fe otomobil sekt\u00f6r\u00fcn\u00fcn birbirinden \u00f6nemli markalar\u0131 ve 1500\u2019\u00fcn \u00fczerinde ziyaret\u00e7i kat\u0131ld\u0131. BMW, Jaguar, Lexus, Renault, Tesla, Toyota gibi markalara ait 20\u2019den fazla elektrikli ve hibrid ara\u00e7, iki g\u00fcn s\u00fcren etkinlik boyunca kullan\u0131c\u0131lar taraf\u0131ndan test edildi. Etkinlikte birbirinden farkl\u0131 \u00f6zelliklere sahip ara\u00e7lar\u0131n yan\u0131 s\u0131ra mikro grid uygulamas\u0131 ad\u0131 verilen ve enerjisini paneller vas\u0131tas\u0131yla g\u00fcne\u015ften al\u0131p elektri\u011fe d\u00f6n\u00fc\u015ft\u00fcrerek ara\u00e7lar\u0131n \u015farj edebilmesini sa\u011flayan inovatif \u015farj istasyonlar\u0131 da tan\u0131t\u0131ld\u0131. G\u00f6kt\u00fcrk\u2019teki Kemer Country Club Orman Evi&#8217;nde, do\u011fan\u0131n i\u00e7inde s\u0131f\u0131r emisyon ve s\u0131f\u0131r g\u00fcr\u00fclt\u00fc ile yap\u0131lan etkinlik ayn\u0131 zamanda, 20\u2019den fazla otomobil ile yap\u0131lan en sessiz s\u00fcr\u00fc\u015f etkinli\u011fi oldu.<\/p>\n<h1>Tesla, \u0130stanbul\u2019u 5 kez turlad\u0131<\/h1>\n<p>Elektrikli ve Hibrid S\u00fcr\u00fc\u015f Haftas\u0131\u2019na kat\u0131lan modellerden en \u00e7ok ilgiyi g\u00f6renlerden biri de Avrupa\u2019n\u0131n en \u00e7ok satan elektrikli arac\u0131 olarak kabul edilen Tesla\u2019n\u0131n T\u00fcrkiye\u2019ye ilk defa bir test i\u00e7in gelen Model 3\u2019\u00fc oldu. Otomobil merakl\u0131lar\u0131 <strong>Tesla Model 3<\/strong>\u2019\u00fc denemek i\u00e7in uzun kuyruklar olu\u015fturdu. Kullan\u0131c\u0131lar yapt\u0131klar\u0131 testlerle Tesla\u2019ya tam puan verdi. Farkl\u0131 modellerden 5 adet Tesla arac\u0131n\u0131n kat\u0131ld\u0131\u011f\u0131 ve iki g\u00fcn boyunca devam eden test s\u00fcr\u00fc\u015flerinde 2 km\u2019lik parkurda 1000\u2019den fazla kilometre yap\u0131ld\u0131. 2019 y\u0131l\u0131nda Avrupa&#8217;da y\u0131l\u0131n otomobili se\u00e7ilen <strong>Jaguar I-Pace<\/strong> ve 2019 y\u0131l\u0131nda T\u00fcrkiye&#8217;de y\u0131l\u0131n otomobili unvan\u0131na sahip olan <strong>Toyota Corolla Hibrid <\/strong>modelleri de otomobil kullan\u0131c\u0131lar\u0131n\u0131n yo\u011fun ilgi g\u00f6sterdi\u011fi ara\u00e7lar oldu.<\/p>\n<h1>Kullan\u0131c\u0131lar\u0131 ara\u00e7lar\u0131n menzil ve \u015farj \u00f6zelliklerini merak ediyor<\/h1>\n<p>Etkinli\u011fin otomobil kullan\u0131c\u0131lar\u0131n\u0131n elektrikli ve hibrid ara\u00e7lar\u0131 deneyimleme konusunda g\u00fczel bir f\u0131rsat sundu\u011funu belirten TEHAD Ba\u015fkan\u0131 Berkan Bayram, elektrikli ve hibrid ara\u00e7lara g\u00f6sterilen ilgiden memnun oldu\u011funu s\u00f6yledi. 2 g\u00fcnl\u00fck etkinlik s\u00fcresi boyunca 1500\u2019\u00fcn \u00fczerinde kat\u0131l\u0131mc\u0131n\u0131n ve 55\u2019ten fazla bas\u0131n mensubunun etkinli\u011fi ziyaret etti\u011fini ifade eden Berkan Bayram; \u201cT\u00fcrkiye\u2019de ilk defa ger\u00e7ekle\u015ftirilen Elektrikli ve Hibrid S\u00fcr\u00fc\u015f Haftas\u0131\u2019na otomobil merakl\u0131lar\u0131n\u0131n g\u00f6sterdi\u011fi ilgi bizi olduk\u00e7a memnun etti. Hen\u00fcz elektrikli ve hibrid ara\u00e7larla tan\u0131\u015fmam\u0131\u015f kullan\u0131c\u0131lar, ilk defa bu etkinlikte otomobil devlerinin ara\u00e7lar\u0131n\u0131 test etme ve bilgi edinme f\u0131rsat\u0131 buldu. Art\u0131k hepimizin bildi\u011fi gibi dizel motorlar son y\u0131llar\u0131n\u0131 ya\u015f\u0131yor. K\u0131sa bir zaman sonra dizel motor \u00fcretiminin yerini tamamen elektrikli ve hibrid ara\u00e7lar alacak. Dolay\u0131s\u0131yla bunun fark\u0131nda olan kullan\u0131c\u0131lar \u015fimdiden \u201changi modeli neye g\u00f6re almal\u0131y\u0131m?\u201d sorusunu sormaya ba\u015flad\u0131. \u00d6zellikle elektrikli ara\u00e7larda herkesin merak etti\u011fi soru ne kadar menzile sahip oldu\u011fu ve ka\u00e7 saatte \u015farj olabildi\u011fidir. Batarya teknolojilerindeki geli\u015fmeler, \u015farj istasyonlar\u0131n\u0131n say\u0131s\u0131, ara\u00e7lar\u0131n nas\u0131l \u015farj oldu\u011fu gibi bir\u00e7ok soruya kullan\u0131c\u0131lar\u0131m\u0131z d\u00fczenledi\u011fimiz etkinlikte cevap bulabildi ve uygulamal\u0131 olarak deneyimleme f\u0131rsat\u0131 buldu. Tam \u015farjla 400 km \u00fczerinde yol yapabilen ve sadece 6 liraya 100 km yol gidebilen ara\u00e7lar herkesin ilgi oda\u011f\u0131 oldu. Ancak ara\u00e7lar\u0131n pratikli\u011fi ve keyifli bir s\u00fcr\u00fc\u015f sunabilmesi en \u00e7ok kad\u0131n kullan\u0131c\u0131lar\u0131n be\u011fenisini toplad\u0131.\u201d dedi.<\/p>\n<h1>20\u2019den fazla ara\u00e7la yap\u0131lan en sessiz etkinlik oldu<\/h1>\n<p>Otomobilin devlerinden BMW i3s, Jaguar I-Pace, Tesla Model S, Tesla Model 3, Toyota Corolla Hibrid, Toyota C-HR Hibrid, Renault Zoe ve Lexus RX450h gibi marka ve modellerin birden fazla ara\u00e7la kat\u0131ld\u0131\u011f\u0131 etkinlik 20\u2019den fazla araca ra\u011fmen en \u00e7evreci ve en sessiz etkinlik oldu. Berkan Bayram, elektrikli ve hibrid ara\u00e7lar\u0131n s\u0131f\u0131r karbon emisyonu ve s\u0131f\u0131r g\u00fcr\u00fclt\u00fc ile \u00e7al\u0131\u015fan teknolojiler oldu\u011funa dikkat \u00e7ekmek istediklerini belirterek \u201cAra\u00e7lar\u0131m\u0131z\u0131n do\u011fan\u0131n i\u00e7inde ancak do\u011faya zarar vermeden ula\u015f\u0131m\u0131 sa\u011flayabilece\u011fini g\u00f6stermek ad\u0131na etkinli\u011fimizi Kemerburgaz\u2019da ger\u00e7ekle\u015ftirdik. Kat\u0131l\u0131mc\u0131lar\u0131n elektrikli ve hibrid olmayan ara\u00e7lar\u0131 etkinlik alan\u0131na al\u0131nmad\u0131. Ziyaret\u00e7ilerimizi belirli bir mesafeden elektrikli ara\u00e7lar\u0131m\u0131zla biz kar\u015f\u0131lad\u0131k ve etkinlik alan\u0131na yine sadece elektrikli ve hibrid ara\u00e7larla getirdik. Burada miniklerimizi de unutmad\u0131k ve onlar i\u00e7in de kurdu\u011fumuz at\u00f6lyede e\u011flenceli anlar ge\u00e7irebilmeleri i\u00e7in e\u011fitici etkinlikler d\u00fczenledik. Organizasyonumuz bu y\u00f6n\u00fcyle herkese seslenen bir etkinlik oldu. Elektrikli ve Hibrid S\u00fcr\u00fc\u015f Haftas\u0131\u2019n\u0131n her y\u0131l Nisan\u2019\u0131n 3\u2019\u00fcnc\u00fc haftas\u0131nda kutlanabilmesi i\u00e7in att\u0131\u011f\u0131m\u0131z bu ad\u0131m\u0131 gelecek y\u0131l daha ileriye ta\u015f\u0131may\u0131 planl\u0131yoruz. Sekt\u00f6r\u00fcn \u00f6nde gelen markalar\u0131n\u0131n da deste\u011fiyle T\u00fcrkiye\u2019de elektrikli ve hibrid ara\u00e7lar konusunda fark\u0131ndal\u0131\u011f\u0131n daha da artt\u0131r\u0131lmas\u0131n\u0131 ama\u00e7l\u0131yoruz.\u201d a\u00e7\u0131klamas\u0131nda bulundu.<\/p>","protected":false},"excerpt":{"rendered":"<p>Sorry, this entry is only available in Turkish. For the sake of viewer convenience, the content is shown below in the alternative language. You may click the link to switch the active language. \u0130stanbul\u2019da ilk defa d\u00fczenlenen Elektrikli ve Hibrid S\u00fcr\u00fc\u015f Haftas\u0131 etkinli\u011fi, 21 Nisan\u2019da ger\u00e7ekle\u015ftirilen final turlar\u0131 ile kapan\u0131\u015f\u0131 yapt\u0131. 1500\u2019\u00fcn \u00fczerinde otomobil merakl\u0131s\u0131n\u0131n [&hellip;]<\/p>\n","protected":false},"author":1,"featured_media":91513,"comment_status":"open","ping_status":"open","sticky":false,"template":"","format":"standard","meta":[],"categories":[51,53],"tags":[7310,49753,25473,35236,49758,49584,67,1009,49587,49752,1967,48612,39497,49586,49583,49751,940,49757,2246,25930,19437,29122,49754,3317,49756,49755,25929],"views":562,"_links":{"self":[{"href":"https:\/\/www.enerjigazetesi.ist\/en\/wp-json\/wp\/v2\/posts\/91509"}],"collection":[{"href":"https:\/\/www.enerjigazetesi.ist\/en\/wp-json\/wp\/v2\/posts"}],"about":[{"href":"https:\/\/www.enerjigazetesi.ist\/en\/wp-json\/wp\/v2\/types\/post"}],"author":[{"embeddable":true,"href":"https:\/\/www.enerjigazetesi.ist\/en\/wp-json\/wp\/v2\/users\/1"}],"replies":[{"embeddable":true,"href":"https:\/\/www.enerjigazetesi.ist\/en\/wp-json\/wp\/v2\/comments?post=91509"}],"version-history":[{"count":1,"href":"https:\/\/www.enerjigazetesi.ist\/en\/wp-json\/wp\/v2\/posts\/91509\/revisions"}],"predecessor-version":[{"id":91510,"href":"https:\/\/www.enerjigazetesi.ist\/en\/wp-json\/wp\/v2\/posts\/91509\/revisions\/91510"}],"wp:featuredmedia":[{"embeddable":true,"href":"https:\/\/www.enerjigazetesi.ist\/en\/wp-json\/wp\/v2\/media\/91513"}],"wp:attachment":[{"href":"https:\/\/www.enerjigazetesi.ist\/en\/wp-json\/wp\/v2\/media?parent=91509"}],"wp:term":[{"taxonomy":"category","embeddable":true,"href":"https:\/\/www.enerjigazetesi.ist\/en\/wp-json\/wp\/v2\/categories?post=91509"},{"taxonomy":"post_tag","embeddable":true,"href":"https:\/\/www.enerjigazetesi.ist\/en\/wp-json\/wp\/v2\/tags?post=91509"}],"curies":[{"name":"wp","href":"https:\/\/api.w.org\/{rel}","templated":true}]}}