{"id":91467,"date":"2019-04-22T17:58:41","date_gmt":"2019-04-22T14:58:41","guid":{"rendered":"https:\/\/www.enerjigazetesi.ist\/?p=91467"},"modified":"2019-04-22T18:03:08","modified_gmt":"2019-04-22T15:03:08","slug":"gundem-disi-yasam-boyu-basari-odulunu-alan-ilk-ve-tek-kadin","status":"publish","type":"post","link":"https:\/\/www.enerjigazetesi.ist\/en\/gundem-disi-yasam-boyu-basari-odulunu-alan-ilk-ve-tek-kadin\/","title":{"rendered":"(Turkish) G\u00fcndem D\u0131\u015f\u0131: &#8216;Ya\u015fam Boyu Ba\u015far\u0131&#8217; \u00d6d\u00fcl\u00fcn\u00fc Alan \u0130lk ve Tek Kad\u0131n!"},"content":{"rendered":"<p class=\"qtranxs-available-languages-message qtranxs-available-languages-message-en\">Sorry, this entry is only available in <a href=\"https:\/\/www.enerjigazetesi.ist\/tr\/wp-json\/wp\/v2\/posts\/91467\" class=\"qtranxs-available-language-link qtranxs-available-language-link-tr\" title=\"Turkish\">Turkish<\/a>. For the sake of viewer convenience, the content is shown below in the alternative language. You may click the link to switch the active language.<\/p><p><\/p>\n<h1>K\u0131rm\u0131z\u0131ta\u015f Ba\u015faran, Remax T\u00fcrkiye&#8217;nin d\u00fczenledi\u011fi \u00f6d\u00fcl gecesinde toplam 5 \u00f6d\u00fcl birden ald\u0131. Bu \u00f6d\u00fcller aras\u0131nda en \u00e7ok dikkat \u00e7ekeni ve gayrimenkul sekt\u00f6r\u00fcnde ilk kez bir T\u00fcrk&#8217;e verilen &#8216;Lifetime Achievement&#8217; yani &#8216;Ya\u015fam Boyu Ba\u015far\u0131&#8217; uluslararas\u0131 \u00f6d\u00fcl\u00fcyd\u00fc. Konuyla ilgili de\u011ferlendirmede bulunan Remax D\u00fcnya Rekortmeni Evrim K\u0131rm\u0131z\u0131ta\u015f Ba\u015faran, &#8220;\u00d6d\u00fcllerden en de\u011ferlisi Amerika&#8217;dan gelen en az 7 y\u0131l \u00e7al\u0131\u015fm\u0131\u015f olma ve toplamda 3 milyon dolar ve \u00fczeri hizmet bedeli kazanma ko\u015fulu olan \u2018Lifetime Achievement&#8217; yani &#8216;Ya\u015fam Boyu Ba\u015far\u0131&#8217; uluslararas\u0131 \u00f6d\u00fcl\u00fcm\u00fc sahnede b\u00fcy\u00fck bir \u00e7o\u015fkuyla almak oldu&#8221; dedi.<\/h1>\n<h2>\u0130lk ve Tek Kad\u0131n<\/h2>\n<p>Remax T\u00fcrkiye tarihinde bu \u00f6d\u00fcl\u00fc alan ilk ve tek kad\u0131n oldu\u011funu da belirten Ba\u015faran, &#8220;Remax T\u00fcrkiye <img loading=\"lazy\" class=\"alignleft size-medium wp-image-91469\" src=\"https:\/\/www.enerjigazetesi.ist\/wp-content\/uploads\/2019\/04\/gundem-disi-yasam-boyu-basari-odulunu-alan-ilk-ve-tek-kadin1-300x200.jpg\" alt=\"\" width=\"300\" height=\"200\" srcset=\"https:\/\/www.enerjigazetesi.ist\/wp-content\/uploads\/2019\/04\/gundem-disi-yasam-boyu-basari-odulunu-alan-ilk-ve-tek-kadin1-300x200.jpg 300w, https:\/\/www.enerjigazetesi.ist\/wp-content\/uploads\/2019\/04\/gundem-disi-yasam-boyu-basari-odulunu-alan-ilk-ve-tek-kadin1-500x333.jpg 500w, https:\/\/www.enerjigazetesi.ist\/wp-content\/uploads\/2019\/04\/gundem-disi-yasam-boyu-basari-odulunu-alan-ilk-ve-tek-kadin1-75x50.jpg 75w, https:\/\/www.enerjigazetesi.ist\/wp-content\/uploads\/2019\/04\/gundem-disi-yasam-boyu-basari-odulunu-alan-ilk-ve-tek-kadin1-450x300.jpg 450w, https:\/\/www.enerjigazetesi.ist\/wp-content\/uploads\/2019\/04\/gundem-disi-yasam-boyu-basari-odulunu-alan-ilk-ve-tek-kadin1.jpg 732w\" sizes=\"(max-width: 300px) 100vw, 300px\" \/>tarihine bir kad\u0131n olarak destan yazarak ad\u0131m\u0131 alt\u0131n harflerle kaz\u0131m\u0131\u015f oldum&#8221; de\u011ferlendirmesinde bulundu. Evrim K\u0131rm\u0131z\u0131ta\u015f Ba\u015faran ald\u0131\u011f\u0131 di\u011fer \u00f6d\u00fclleri <span style=\"text-decoration: underline;\">\u015f\u00f6yle s\u0131ralad\u0131:<\/span><\/p>\n<p>&#8211; Platinum Club \u00f6d\u00fcl\u00fcm\u00fc ald\u0131m (minimum 100 bin euro ve \u00fczeri hizmet bedeli kazananlara veriliyor)<\/p>\n<p>&#8211; 2018 y\u0131l\u0131 toplam ciroda konut art\u0131 ticari sat\u0131\u015flarda t\u00fcm dan\u0131\u015fmanlar aras\u0131nda Remax T\u00fcrkiye ciro 5&#8217;incisi.<\/p>\n<p>&#8211; 2018 y\u0131l\u0131 ticari sat\u0131\u015fta Remax T\u00fcrkiye ciro 7&#8217;incisi.<\/p>\n<p>&#8211; 2018 y\u0131l\u0131 Ocak-\u015eubat-Mart aylar\u0131 toplam ciroda t\u00fcm dan\u0131\u015fmanlar aras\u0131nda Remax T\u00fcrkiye 3&#8217;\u00fcnc\u00fcs\u00fc.<\/p>\n<h2>Tutku ve \u0130stikrar<\/h2>\n<p>Daha \u00f6nce ald\u0131\u011f\u0131 \u00f6d\u00fcllere de at\u0131fta bulunan Ba\u015faran, &#8220;Yine uluslararas\u0131 bir \u00f6d\u00fcl olan &#8216;Hall Of Fame&#8217; \u00f6d\u00fcl\u00fcn\u00fc ben bundan 6 y\u0131l \u00f6nce yani 2013 y\u0131l\u0131nda yine b\u00fcy\u00fck bir co\u015fkuyla Las Vegas&#8217;tan alm\u0131\u015ft\u0131m. Ge\u00e7en zaman g\u00f6sterdi ki y\u0131llar boyunca de\u011fi\u015fmeyen tek ger\u00e7ek, benim i\u015fime olan tutkum ve bunun sonucu gelen istikrarl\u0131 ba\u015far\u0131m oldu&#8221; diye konu\u015ftu.<\/p>","protected":false},"excerpt":{"rendered":"<p>Sorry, this entry is only available in Turkish. For the sake of viewer convenience, the content is shown below in the alternative language. You may click the link to switch the active language. K\u0131rm\u0131z\u0131ta\u015f Ba\u015faran, Remax T\u00fcrkiye&#8217;nin d\u00fczenledi\u011fi \u00f6d\u00fcl gecesinde toplam 5 \u00f6d\u00fcl birden ald\u0131. Bu \u00f6d\u00fcller aras\u0131nda en \u00e7ok dikkat \u00e7ekeni ve gayrimenkul sekt\u00f6r\u00fcnde [&hellip;]<\/p>\n","protected":false},"author":1,"featured_media":91470,"comment_status":"open","ping_status":"open","sticky":false,"template":"","format":"standard","meta":[],"categories":[53],"tags":[49709,67,1009,49713,49714,49707,29200,49710,49715,49716,49712,49708,49711],"views":650,"_links":{"self":[{"href":"https:\/\/www.enerjigazetesi.ist\/en\/wp-json\/wp\/v2\/posts\/91467"}],"collection":[{"href":"https:\/\/www.enerjigazetesi.ist\/en\/wp-json\/wp\/v2\/posts"}],"about":[{"href":"https:\/\/www.enerjigazetesi.ist\/en\/wp-json\/wp\/v2\/types\/post"}],"author":[{"embeddable":true,"href":"https:\/\/www.enerjigazetesi.ist\/en\/wp-json\/wp\/v2\/users\/1"}],"replies":[{"embeddable":true,"href":"https:\/\/www.enerjigazetesi.ist\/en\/wp-json\/wp\/v2\/comments?post=91467"}],"version-history":[{"count":0,"href":"https:\/\/www.enerjigazetesi.ist\/en\/wp-json\/wp\/v2\/posts\/91467\/revisions"}],"wp:featuredmedia":[{"embeddable":true,"href":"https:\/\/www.enerjigazetesi.ist\/en\/wp-json\/wp\/v2\/media\/91470"}],"wp:attachment":[{"href":"https:\/\/www.enerjigazetesi.ist\/en\/wp-json\/wp\/v2\/media?parent=91467"}],"wp:term":[{"taxonomy":"category","embeddable":true,"href":"https:\/\/www.enerjigazetesi.ist\/en\/wp-json\/wp\/v2\/categories?post=91467"},{"taxonomy":"post_tag","embeddable":true,"href":"https:\/\/www.enerjigazetesi.ist\/en\/wp-json\/wp\/v2\/tags?post=91467"}],"curies":[{"name":"wp","href":"https:\/\/api.w.org\/{rel}","templated":true}]}}