{"id":91286,"date":"2019-04-18T18:55:52","date_gmt":"2019-04-18T15:55:52","guid":{"rendered":"https:\/\/www.enerjigazetesi.ist\/?p=91286"},"modified":"2019-04-18T18:58:06","modified_gmt":"2019-04-18T15:58:06","slug":"donmez-elektrikli-araclara-yonelik-yerli-yakit-pili-uzerinde-calisiliyor","status":"publish","type":"post","link":"https:\/\/www.enerjigazetesi.ist\/en\/donmez-elektrikli-araclara-yonelik-yerli-yakit-pili-uzerinde-calisiliyor\/","title":{"rendered":"(Turkish) D\u00f6nmez: Elektrikli Ara\u00e7lara Y\u00f6nelik Yerli Yak\u0131t Pili \u00dczerinde \u00c7al\u0131\u015f\u0131l\u0131yor"},"content":{"rendered":"<p class=\"qtranxs-available-languages-message qtranxs-available-languages-message-en\">Sorry, this entry is only available in <a href=\"https:\/\/www.enerjigazetesi.ist\/tr\/wp-json\/wp\/v2\/posts\/91286\" class=\"qtranxs-available-language-link qtranxs-available-language-link-tr\" title=\"Turkish\">Turkish<\/a>. For the sake of viewer convenience, the content is shown below in the alternative language. You may click the link to switch the active language.<\/p><p><\/p>\n<h1>Enerji ve Tabii Kaynaklar Bakan\u0131 Fatih D\u00f6nmez taraf\u0131ndan Uluslararas\u0131 Bor Sempozyumu\u2019nun (BORON 2019) a\u00e7\u0131l\u0131\u015f\u0131na <img loading=\"lazy\" class=\"alignright size-medium wp-image-91288\" src=\"https:\/\/www.enerjigazetesi.ist\/wp-content\/uploads\/2019\/04\/donmez-elektrikli-araclar-icin-yerli-yakit-pili-uzerinde-calisiliyor-300x169.jpg\" alt=\"\" width=\"300\" height=\"169\" srcset=\"https:\/\/www.enerjigazetesi.ist\/wp-content\/uploads\/2019\/04\/donmez-elektrikli-araclar-icin-yerli-yakit-pili-uzerinde-calisiliyor-300x169.jpg 300w, https:\/\/www.enerjigazetesi.ist\/wp-content\/uploads\/2019\/04\/donmez-elektrikli-araclar-icin-yerli-yakit-pili-uzerinde-calisiliyor-500x282.jpg 500w, https:\/\/www.enerjigazetesi.ist\/wp-content\/uploads\/2019\/04\/donmez-elektrikli-araclar-icin-yerli-yakit-pili-uzerinde-calisiliyor-80x45.jpg 80w, https:\/\/www.enerjigazetesi.ist\/wp-content\/uploads\/2019\/04\/donmez-elektrikli-araclar-icin-yerli-yakit-pili-uzerinde-calisiliyor.jpg 600w\" sizes=\"(max-width: 300px) 100vw, 300px\" \/>kat\u0131l\u0131m sa\u011flan\u0131rken bor madeninin 250\u2019den fazla alanda kullan\u0131ld\u0131\u011f\u0131na da vurgu yap\u0131ld\u0131.<span id=\"more-105435\"><\/span><\/h1>\n<p>D\u00f6nmez, d\u00fcnya bor rezervinin % 73\u2019\u00fcn\u00fcn T\u00fcrkiye\u2019de oldu\u011funu ifade ederek elektrikli ara\u00e7lar i\u00e7in menzil art\u0131rmaya ve u\u00e7u\u015f s\u00fcresini art\u0131rmaya y\u00f6nelik bor temelli yerli yak\u0131t pili sistemlerini de \u00fcretme noktas\u0131nda belirli bir a\u015famaya gelindi\u011fi belirtildi.<\/p>\n<p>Ayr\u0131ca D\u00f6nmez, 2018 y\u0131l\u0131nda tar\u0131mda toplam 4000 tonun \u00fczerinde rafine bor \u00fcr\u00fcn\u00fc kullan\u0131ld\u0131\u011f\u0131 ve bunlarla birlikte yurt d\u0131\u015f\u0131na 9 bin tonun \u00fczerinde borlu g\u00fcbre Etidot-67 ihra\u00e7 edildi\u011fi de dile getirildi.<\/p>","protected":false},"excerpt":{"rendered":"<p>Sorry, this entry is only available in Turkish. For the sake of viewer convenience, the content is shown below in the alternative language. You may click the link to switch the active language. Enerji ve Tabii Kaynaklar Bakan\u0131 Fatih D\u00f6nmez taraf\u0131ndan Uluslararas\u0131 Bor Sempozyumu\u2019nun (BORON 2019) a\u00e7\u0131l\u0131\u015f\u0131na kat\u0131l\u0131m sa\u011flan\u0131rken bor madeninin 250\u2019den fazla alanda kullan\u0131ld\u0131\u011f\u0131na [&hellip;]<\/p>\n","protected":false},"author":1,"featured_media":91288,"comment_status":"open","ping_status":"open","sticky":false,"template":"","format":"standard","meta":[],"categories":[51,53],"tags":[2013,49602,49603,34979,19638,34980,26353,1311,1270,67,1009,49601,27530,846,49604,49599,49600],"views":899,"_links":{"self":[{"href":"https:\/\/www.enerjigazetesi.ist\/en\/wp-json\/wp\/v2\/posts\/91286"}],"collection":[{"href":"https:\/\/www.enerjigazetesi.ist\/en\/wp-json\/wp\/v2\/posts"}],"about":[{"href":"https:\/\/www.enerjigazetesi.ist\/en\/wp-json\/wp\/v2\/types\/post"}],"author":[{"embeddable":true,"href":"https:\/\/www.enerjigazetesi.ist\/en\/wp-json\/wp\/v2\/users\/1"}],"replies":[{"embeddable":true,"href":"https:\/\/www.enerjigazetesi.ist\/en\/wp-json\/wp\/v2\/comments?post=91286"}],"version-history":[{"count":0,"href":"https:\/\/www.enerjigazetesi.ist\/en\/wp-json\/wp\/v2\/posts\/91286\/revisions"}],"wp:featuredmedia":[{"embeddable":true,"href":"https:\/\/www.enerjigazetesi.ist\/en\/wp-json\/wp\/v2\/media\/91288"}],"wp:attachment":[{"href":"https:\/\/www.enerjigazetesi.ist\/en\/wp-json\/wp\/v2\/media?parent=91286"}],"wp:term":[{"taxonomy":"category","embeddable":true,"href":"https:\/\/www.enerjigazetesi.ist\/en\/wp-json\/wp\/v2\/categories?post=91286"},{"taxonomy":"post_tag","embeddable":true,"href":"https:\/\/www.enerjigazetesi.ist\/en\/wp-json\/wp\/v2\/tags?post=91286"}],"curies":[{"name":"wp","href":"https:\/\/api.w.org\/{rel}","templated":true}]}}