{"id":91271,"date":"2019-04-18T12:07:45","date_gmt":"2019-04-18T09:07:45","guid":{"rendered":"https:\/\/www.enerjigazetesi.ist\/?p=91271"},"modified":"2019-04-18T12:14:58","modified_gmt":"2019-04-18T09:14:58","slug":"kastamonu-entegrenin-enerji-verimliligi-alanindaki-basarilari-odullendirildi","status":"publish","type":"post","link":"https:\/\/www.enerjigazetesi.ist\/en\/kastamonu-entegrenin-enerji-verimliligi-alanindaki-basarilari-odullendirildi\/","title":{"rendered":"(Turkish) Kastamonu Entegre\u2019nin Enerji Verimlili\u011fi Alan\u0131ndaki Ba\u015far\u0131lar\u0131 \u00d6d\u00fcllendirildi"},"content":{"rendered":"<p class=\"qtranxs-available-languages-message qtranxs-available-languages-message-en\">Sorry, this entry is only available in <a href=\"https:\/\/www.enerjigazetesi.ist\/tr\/wp-json\/wp\/v2\/posts\/91271\" class=\"qtranxs-available-language-link qtranxs-available-language-link-tr\" title=\"Turkish\">Turkish<\/a>. For the sake of viewer convenience, the content is shown below in the alternative language. You may click the link to switch the active language.<\/p><p><\/p>\n<h1>Ger\u00e7ekle\u015ftirdi\u011fi stratejik yat\u0131r\u0131mlarla 50 y\u0131ld\u0131r kesintisiz \u00fcretim yaparak sekt\u00f6re y\u00f6n veren Kastamonu Entegre, bu y\u0131l onuncusu d\u00fczenlenen Enerji Verimlili\u011fi Forumu ve Fuar\u0131\u2019nda, ba\u015far\u0131l\u0131 projeleri ile \u00f6ne \u00e7\u0131kt\u0131. \u0130stanbul L\u00fctfi K\u0131rdar Uluslararas\u0131 Kongre ve Sergi Saray\u0131\u2019nda ger\u00e7ekle\u015ftirilen t\u00f6rende, 2018 y\u0131l\u0131nda VAP deste\u011fi alan ve projelerini ba\u015far\u0131yla tamamlayan Gebze ve Bal\u0131kesir Tesisleri\u2019ne ba\u015far\u0131 belgesi takdim edildi.<\/h1>\n<p><strong>Kastamonu Entegre<\/strong>, enerji verimlili\u011fi alan\u0131nda T\u00fcrkiye&#8217;nin en b\u00fcy\u00fck ve en \u00f6nemli etkinliklerinden biri olan <strong>10. Enerji Verimlili\u011fi Forumu ve Fuar\u0131\u2019ndan iki ba\u015far\u0131 \u00f6d\u00fcl\u00fc<\/strong> ile d\u00f6nd\u00fc. A\u00e7\u0131l\u0131\u015f\u0131n\u0131 <em><img loading=\"lazy\" class=\"alignright size-medium wp-image-91273\" src=\"https:\/\/www.enerjigazetesi.ist\/wp-content\/uploads\/2019\/04\/kastamonu-entegrenin-enerji-verimliligi-alanindaki-basarilari-odullendirildi-300x225.jpg\" alt=\"\" width=\"300\" height=\"225\" srcset=\"https:\/\/www.enerjigazetesi.ist\/wp-content\/uploads\/2019\/04\/kastamonu-entegrenin-enerji-verimliligi-alanindaki-basarilari-odullendirildi-300x225.jpg 300w, https:\/\/www.enerjigazetesi.ist\/wp-content\/uploads\/2019\/04\/kastamonu-entegrenin-enerji-verimliligi-alanindaki-basarilari-odullendirildi-500x375.jpg 500w, https:\/\/www.enerjigazetesi.ist\/wp-content\/uploads\/2019\/04\/kastamonu-entegrenin-enerji-verimliligi-alanindaki-basarilari-odullendirildi-67x50.jpg 67w, https:\/\/www.enerjigazetesi.ist\/wp-content\/uploads\/2019\/04\/kastamonu-entegrenin-enerji-verimliligi-alanindaki-basarilari-odullendirildi.jpg 651w\" sizes=\"(max-width: 300px) 100vw, 300px\" \/><\/em><strong>Enerji ve Tabi Kaynaklar Bakan\u0131 Fatih D\u00f6nmez<\/strong>\u2019in ger\u00e7ekle\u015ftirdi\u011fi etkinlik kapsam\u0131nda, <em>&#8220;Bir Kaynak Olarak Enerji Verimlili\u011fi&#8221;<\/em> ana temas\u0131 \u00e7er\u00e7evesinde \u00fclkemizde ve d\u00fcnyada enerji verimlili\u011fi alan\u0131nda y\u00fcr\u00fct\u00fclen \u00e7al\u0131\u015fmalar ile gelecek \u00f6ng\u00f6r\u00fcleri payla\u015f\u0131ld\u0131. Organizasyonun a\u00e7\u0131l\u0131\u015f\u0131nda <strong>Enerji Verimlili\u011fi Derne\u011fi Genel Ba\u015fkan\u0131 Murat Kals\u0131n, Kuzey K\u0131br\u0131s T\u00fcrk Cumhuriyeti Enerji ve Ekonomi Bakan\u0131 \u00d6zdil Nami,<\/strong> <strong>Malta Enerji ve Su Y\u00f6netimi Bakan\u0131 Hon Joseph Mizzi<\/strong> ve <strong>Enerji ve Tabii Kaynaklar Bakan\u0131 Fatih D\u00f6nmez<\/strong> birer konu\u015fma yapt\u0131. A\u00e7\u0131l\u0131\u015f konu\u015fmalar\u0131n\u0131n ard\u0131ndan <em>\u201c2019 Y\u0131l\u0131 Sanayide Verimlilik Artt\u0131r\u0131c\u0131 Projeleri Ba\u015far\u0131 Belgesi Takdim T\u00f6reni\u201d<\/em> d\u00fczenlendi. T\u00f6rende 2018 y\u0131l\u0131nda VAP deste\u011fi alan ve projelerini ba\u015far\u0131yla tamamlayan <strong>Kastamonu Entegre Gebze ve Bal\u0131kesir Tesisleri<\/strong>\u2019ne birer ba\u015far\u0131 belgesi takdim edildi.<\/p>\n<h2>Kastamonu Entegre\u2019den enerji verimlili\u011fine b\u00fcy\u00fck katk\u0131<\/h2>\n<p>Enerji verimlili\u011fi bilincini geli\u015ftirmek ve bu alanda geli\u015fmeler sa\u011flamak amac\u0131yla d\u00fczenlenen etkinli\u011fin, sekt\u00f6r\u00fcn lider firmalar\u0131n\u0131, kamu, \u00f6zel sekt\u00f6r ve sivil toplum kurulu\u015flar\u0131n\u0131 bir araya getirdi\u011fini vurgulayan<strong> Kastamonu Entegre CEO\u2019su Haluk Y\u0131ld\u0131z,<\/strong> \u015firketin enerji verimlili\u011fine y\u00f6nelik \u00e7al\u0131\u015fmalar\u0131n\u0131 \u015fu s\u00f6zlerle g\u00fcndeme ta\u015f\u0131yor: <em>\u201cS\u00fcrd\u00fcr\u00fclebilirlik alan\u0131nda a\u011f\u0131rl\u0131k verdi\u011fimiz konular\u0131n ba\u015f\u0131nda enerji y\u00f6netimi geliyor. Geli\u015ftirdi\u011fimiz projelerin temel ama\u00e7lar\u0131 aras\u0131nda enerji ve hammadde gibi kaynaklar\u0131 minimize etmek, at\u0131klar\u0131n geri d\u00f6n\u00fc\u015f\u00fcm\u00fcn\u00fc etkinle\u015ftirmek, \u00fcretim s\u00fcre\u00e7leri neticesinde ortaya \u00e7\u0131kan sal\u0131n\u0131mlar\u0131 ve \u00e7evresel etkileri s\u0131f\u0131ra yakla\u015ft\u0131rmak bulunuyor. \u00d6rne\u011fin son d\u00f6nemde odakland\u0131\u011f\u0131m\u0131z \u2018At\u0131k Biyok\u00fctlelerin Gazla\u015ft\u0131r\u0131lmas\u0131\u2019 projesi ile y\u0131lda 15.000 ton karbondioksit sal\u0131n\u0131m\u0131n\u0131n \u00f6n\u00fcne ge\u00e7me potansiyeli yakalad\u0131k. Bu proje kapsam\u0131nda ulusal a\u011fa\u00e7 bazl\u0131 panel sekt\u00f6r\u00fcnde ilk defa bizim kulland\u0131\u011f\u0131m\u0131z teknolojilerle, daha az yat\u0131r\u0131m maliyeti ile hem y\u00fcksek enerji verimi sa\u011flay\u0131p hem de at\u0131k y\u00f6netimini daha etkin bir \u015fekilde ger\u00e7ekle\u015ftiriyoruz.\u201d<\/em><\/p>\n<p>Adana Fabrikada kurduklar\u0131 <strong>G\u00fcne\u015f Enerji Santrali<\/strong> ile elektrik enerjisini yenilebilir kaynaklardan sa\u011flad\u0131klar\u0131n\u0131 hat\u0131rlatan <strong>Y\u0131ld\u0131z,<\/strong> enerji verimlili\u011fi sa\u011flamak ad\u0131na tesislerindeki t\u00fcm motorin yak\u0131tl\u0131 forkliftleri elektrikli forklifte d\u00f6n\u00fc\u015ft\u00fcrd\u00fcklerini belirtti.<\/p>","protected":false},"excerpt":{"rendered":"<p>Sorry, this entry is only available in Turkish. For the sake of viewer convenience, the content is shown below in the alternative language. You may click the link to switch the active language. Ger\u00e7ekle\u015ftirdi\u011fi stratejik yat\u0131r\u0131mlarla 50 y\u0131ld\u0131r kesintisiz \u00fcretim yaparak sekt\u00f6re y\u00f6n veren Kastamonu Entegre, bu y\u0131l onuncusu d\u00fczenlenen Enerji Verimlili\u011fi Forumu ve Fuar\u0131\u2019nda, [&hellip;]<\/p>\n","protected":false},"author":1,"featured_media":91273,"comment_status":"open","ping_status":"open","sticky":false,"template":"","format":"standard","meta":[],"categories":[22893,46,51,53,52,49],"tags":[49577,49578,3613,49576,41926,34979,34980,26353,19,67,1009,32746,26559,11011,5286,44889,896,37619,49581,49579,37032,49580,793],"views":696,"_links":{"self":[{"href":"https:\/\/www.enerjigazetesi.ist\/en\/wp-json\/wp\/v2\/posts\/91271"}],"collection":[{"href":"https:\/\/www.enerjigazetesi.ist\/en\/wp-json\/wp\/v2\/posts"}],"about":[{"href":"https:\/\/www.enerjigazetesi.ist\/en\/wp-json\/wp\/v2\/types\/post"}],"author":[{"embeddable":true,"href":"https:\/\/www.enerjigazetesi.ist\/en\/wp-json\/wp\/v2\/users\/1"}],"replies":[{"embeddable":true,"href":"https:\/\/www.enerjigazetesi.ist\/en\/wp-json\/wp\/v2\/comments?post=91271"}],"version-history":[{"count":0,"href":"https:\/\/www.enerjigazetesi.ist\/en\/wp-json\/wp\/v2\/posts\/91271\/revisions"}],"wp:featuredmedia":[{"embeddable":true,"href":"https:\/\/www.enerjigazetesi.ist\/en\/wp-json\/wp\/v2\/media\/91273"}],"wp:attachment":[{"href":"https:\/\/www.enerjigazetesi.ist\/en\/wp-json\/wp\/v2\/media?parent=91271"}],"wp:term":[{"taxonomy":"category","embeddable":true,"href":"https:\/\/www.enerjigazetesi.ist\/en\/wp-json\/wp\/v2\/categories?post=91271"},{"taxonomy":"post_tag","embeddable":true,"href":"https:\/\/www.enerjigazetesi.ist\/en\/wp-json\/wp\/v2\/tags?post=91271"}],"curies":[{"name":"wp","href":"https:\/\/api.w.org\/{rel}","templated":true}]}}