{"id":91074,"date":"2019-04-15T22:45:26","date_gmt":"2019-04-15T19:45:26","guid":{"rendered":"https:\/\/www.enerjigazetesi.ist\/?p=91074"},"modified":"2019-04-15T22:48:42","modified_gmt":"2019-04-15T19:48:42","slug":"danfoss-10uncu-enerji-verimliligi-forumu-ve-fuarinda-goz-doldurdu","status":"publish","type":"post","link":"https:\/\/www.enerjigazetesi.ist\/en\/danfoss-10uncu-enerji-verimliligi-forumu-ve-fuarinda-goz-doldurdu\/","title":{"rendered":"(Turkish) Danfoss 10&#8217;uncu Enerji Verimlili\u011fi Forumu ve Fuar\u0131\u2019nda G\u00f6z Doldurdu"},"content":{"rendered":"<p class=\"qtranxs-available-languages-message qtranxs-available-languages-message-en\">Sorry, this entry is only available in <a href=\"https:\/\/www.enerjigazetesi.ist\/tr\/wp-json\/wp\/v2\/posts\/91074\" class=\"qtranxs-available-language-link qtranxs-available-language-link-tr\" title=\"Turkish\">Turkish<\/a>. For the sake of viewer convenience, the content is shown below in the alternative language. You may click the link to switch the active language.<\/p><p><\/p>\n<h1>Danfoss, 11 \u2013 12 Nisan tarihleri aras\u0131nda ger\u00e7ekle\u015ftirilen 10. Enerji Verimlili\u011fi Forumu ve Fuar\u0131\u2019na (EVF) \u0131s\u0131tma segmentinin \u00fcr\u00fcn ve \u00e7\u00f6z\u00fcmleri ile kat\u0131ld\u0131.<\/h1>\n<p>Is\u0131tma, so\u011futma, motor kontrol sistemleri ve g\u00fc\u00e7 \u00e7\u00f6z\u00fcmleri alanlar\u0131nda d\u00fcnya lideri Danfoss, 11 \u2013 12 Nisan tarihleri aras\u0131nda ger\u00e7ekle\u015ftirilen 10. Enerji Verimlili\u011fi Forumu ve Fuar\u0131\u2019na (EVF) kat\u0131ld\u0131. L\u00fctfi K\u0131rdar Uluslararas\u0131 Kongre ve Sergi Saray\u0131\u2019nda ger\u00e7ekle\u015fen etkinlik boyunca Danfoss \u0131s\u0131tma segmentinin <img loading=\"lazy\" class=\"alignleft size-medium wp-image-91076\" src=\"https:\/\/www.enerjigazetesi.ist\/wp-content\/uploads\/2019\/04\/danfoss-10uncu-enerji-verimliligi-forumu-ve-fuarinda-goz-doldurdu2-291x300.jpg\" alt=\"\" width=\"291\" height=\"300\" srcset=\"https:\/\/www.enerjigazetesi.ist\/wp-content\/uploads\/2019\/04\/danfoss-10uncu-enerji-verimliligi-forumu-ve-fuarinda-goz-doldurdu2-291x300.jpg 291w, https:\/\/www.enerjigazetesi.ist\/wp-content\/uploads\/2019\/04\/danfoss-10uncu-enerji-verimliligi-forumu-ve-fuarinda-goz-doldurdu2-388x400.jpg 388w, https:\/\/www.enerjigazetesi.ist\/wp-content\/uploads\/2019\/04\/danfoss-10uncu-enerji-verimliligi-forumu-ve-fuarinda-goz-doldurdu2-48x50.jpg 48w, https:\/\/www.enerjigazetesi.ist\/wp-content\/uploads\/2019\/04\/danfoss-10uncu-enerji-verimliligi-forumu-ve-fuarinda-goz-doldurdu2.jpg 473w\" sizes=\"(max-width: 291px) 100vw, 291px\" \/>\u00fcr\u00fcn ve \u00e7\u00f6z\u00fcmleri ziyaret\u00e7ilerle bulu\u015ftu.<\/p>\n<p>Enerji verimlili\u011fi alan\u0131nda T\u00fcrkiye&#8217;nin en b\u00fcy\u00fck ve en \u00f6nemli etkinliklerinden biri olan EVF boyunca, enerji verimlili\u011fi bilincinin geli\u015ftirilmesi ve bu alandaki uzmanlar\u0131n profesyonel deneyimleriyle birlikte enerji verimlili\u011fi alan\u0131nda fikir al\u0131\u015fveri\u015fi yap\u0131labilmesi i\u00e7in fuarla birlikte \u00e7e\u015fitli panel ve oturumlar da ger\u00e7ekle\u015ftirildi. Danfoss Global \u0130\u015f Geli\u015ftirme Direkt\u00f6r\u00fc Dmitry Bochkalov da forumun ilk g\u00fcn\u00fcnde \u201cB\u00f6lgesel Is\u0131tman\u0131n Gelece\u011fi\u201d konulu bir sunum yapt\u0131.<\/p>\n<p>Etkinlik boyunca enerji t\u00fcketiminde verimlili\u011fi sa\u011flayacak yeni teknoloji ile donat\u0131lm\u0131\u015f \u00fcr\u00fcn ve tasar\u0131mlar \u00f6ne \u00e7\u0131kt\u0131. Danfoss \u0131s\u0131tma segmenti de fuara daire istasyonu, farkl\u0131 modellerde oda termostatlar\u0131, kalorimetre, internet \u00fczerinden \u0131s\u0131tma kontrol\u00fc sa\u011flayan Danfoss Link ve elektronik termostatik radyat\u00f6r vanas\u0131 \u201cEco2\u201d \u00fcr\u00fcnleri ile kat\u0131ld\u0131.<\/p>\n<p>Danfoss\u2019un m\u00fchendisleri ziyaret\u00e7ilerin sorular\u0131n\u0131 yan\u0131tlarken, hassas \u0131s\u0131tma kontrol\u00fc sayesinde ev \u0131s\u0131tmas\u0131nda %30\u2019a varan enerji tasarrufu elde edebilen yeni nesil dijital radyat\u00f6r termostat\u0131 ECO2 ve ak\u0131ll\u0131 telefonlar\u0131n bluetooth \u00f6zelli\u011fi ile uzaktan kolayca programlanma imkan\u0131 sa\u011flayan Danfoss Eco App uygulamas\u0131 b\u00fcy\u00fck ilgi g\u00f6rd\u00fc.<\/p>","protected":false},"excerpt":{"rendered":"<p>Sorry, this entry is only available in Turkish. For the sake of viewer convenience, the content is shown below in the alternative language. You may click the link to switch the active language. Danfoss, 11 \u2013 12 Nisan tarihleri aras\u0131nda ger\u00e7ekle\u015ftirilen 10. Enerji Verimlili\u011fi Forumu ve Fuar\u0131\u2019na (EVF) \u0131s\u0131tma segmentinin \u00fcr\u00fcn ve \u00e7\u00f6z\u00fcmleri ile kat\u0131ld\u0131. [&hellip;]<\/p>\n","protected":false},"author":1,"featured_media":91077,"comment_status":"open","ping_status":"open","sticky":false,"template":"","format":"standard","meta":[],"categories":[53,52],"tags":[49280,2157,49383,49382,49377,49380,67,1009,1412,148,26559,11011,40640,49381,2491,1157,49379,46994,40639,49378,16583,793],"views":773,"_links":{"self":[{"href":"https:\/\/www.enerjigazetesi.ist\/en\/wp-json\/wp\/v2\/posts\/91074"}],"collection":[{"href":"https:\/\/www.enerjigazetesi.ist\/en\/wp-json\/wp\/v2\/posts"}],"about":[{"href":"https:\/\/www.enerjigazetesi.ist\/en\/wp-json\/wp\/v2\/types\/post"}],"author":[{"embeddable":true,"href":"https:\/\/www.enerjigazetesi.ist\/en\/wp-json\/wp\/v2\/users\/1"}],"replies":[{"embeddable":true,"href":"https:\/\/www.enerjigazetesi.ist\/en\/wp-json\/wp\/v2\/comments?post=91074"}],"version-history":[{"count":0,"href":"https:\/\/www.enerjigazetesi.ist\/en\/wp-json\/wp\/v2\/posts\/91074\/revisions"}],"wp:featuredmedia":[{"embeddable":true,"href":"https:\/\/www.enerjigazetesi.ist\/en\/wp-json\/wp\/v2\/media\/91077"}],"wp:attachment":[{"href":"https:\/\/www.enerjigazetesi.ist\/en\/wp-json\/wp\/v2\/media?parent=91074"}],"wp:term":[{"taxonomy":"category","embeddable":true,"href":"https:\/\/www.enerjigazetesi.ist\/en\/wp-json\/wp\/v2\/categories?post=91074"},{"taxonomy":"post_tag","embeddable":true,"href":"https:\/\/www.enerjigazetesi.ist\/en\/wp-json\/wp\/v2\/tags?post=91074"}],"curies":[{"name":"wp","href":"https:\/\/api.w.org\/{rel}","templated":true}]}}