{"id":90928,"date":"2019-04-12T14:15:24","date_gmt":"2019-04-12T11:15:24","guid":{"rendered":"https:\/\/www.enerjigazetesi.ist\/?p=90928"},"modified":"2019-10-30T22:21:10","modified_gmt":"2019-10-30T19:21:10","slug":"yilmaz-tuketim-miktarimi-karsilayacak-en-hesapli-tesisi-kurmaliyim","status":"publish","type":"post","link":"https:\/\/www.enerjigazetesi.ist\/en\/yilmaz-tuketim-miktarimi-karsilayacak-en-hesapli-tesisi-kurmaliyim\/","title":{"rendered":"(Turkish) Y\u0131lmaz :&#8221;T\u00fcketim Miktar\u0131m\u0131 Kar\u015f\u0131layacak En Hesapl\u0131 Tesisi Kurmal\u0131y\u0131m&#8221;"},"content":{"rendered":"<p class=\"qtranxs-available-languages-message qtranxs-available-languages-message-en\">Sorry, this entry is only available in <a href=\"https:\/\/www.enerjigazetesi.ist\/tr\/wp-json\/wp\/v2\/posts\/90928\" class=\"qtranxs-available-language-link qtranxs-available-language-link-tr\" title=\"Turkish\">Turkish<\/a>. For the sake of viewer convenience, the content is shown below in the alternative language. You may click the link to switch the active language.<\/p><p><\/p>\n<h1><strong>Enerji Piyasas\u0131 D\u00fczenleme Kurumu (EPDK) daha fazla vatanda\u015f\u0131n g\u00fcne\u015f enerjisinden yararlanmas\u0131n\u0131 ama\u00e7layan yeni y\u00f6netmeli\u011fi tamamlad\u0131.<\/strong><\/h1>\n<p>Yeni y\u00f6netmelik ile lisanss\u0131z elektrik \u00fcretimine ili\u015fkin y\u00f6netmelik ve tebli\u011fin birle\u015ftirilerek tek bir mevzuat alt\u0131nda i\u015flemlerin y\u00fcr\u00fct\u00fclmesi hedefleniyor. Bunun yan\u0131s\u0131ra ba\u015fvuru s\u00fcre\u00e7leri, ba\u015fvurular\u0131n <img loading=\"lazy\" class=\"alignright wp-image-90929\" src=\"https:\/\/www.enerjigazetesi.ist\/wp-content\/uploads\/2019\/04\/222-300x173.jpg\" alt=\"\" width=\"320\" height=\"184\" srcset=\"https:\/\/www.enerjigazetesi.ist\/wp-content\/uploads\/2019\/04\/222-300x173.jpg 300w, https:\/\/www.enerjigazetesi.ist\/wp-content\/uploads\/2019\/04\/222-768x442.jpg 768w, https:\/\/www.enerjigazetesi.ist\/wp-content\/uploads\/2019\/04\/222-500x288.jpg 500w, https:\/\/www.enerjigazetesi.ist\/wp-content\/uploads\/2019\/04\/222-80x46.jpg 80w, https:\/\/www.enerjigazetesi.ist\/wp-content\/uploads\/2019\/04\/222.jpg 770w\" sizes=\"(max-width: 320px) 100vw, 320px\" \/>de\u011ferlendirilmesi ve yeni kurulacak tesisler a\u00e7\u0131s\u0131ndan ihtiya\u00e7 fazlas\u0131 enerjinin de\u011ferlendirilmesi gibi konular yeniden d\u00fczenlendi. B\u00fcrokratik evrak ve s\u00fcre\u00e7ler basitle\u015ftirilerek kurumlarda ge\u00e7en s\u00fcreler k\u0131salt\u0131ld\u0131.<\/p>\n<p>Y\u00f6netmelik; ayn\u0131 ba\u011flant\u0131 noktas\u0131n\u0131, t\u00fcketim tesisinin ba\u011flant\u0131 anla\u015fmas\u0131ndaki s\u00f6zle\u015fme g\u00fcc\u00fcn\u00fc, t\u00fcketim-\u00fcretim y\u00f6nl\u00fc da\u011f\u0131t\u0131m bedellerini dikkate alarak t\u00fcketici a\u00e7\u0131s\u0131ndan t\u00fcketimini en az maliyetle kar\u015f\u0131l\u0131yor olmas\u0131na d\u00f6n\u00fck bir anlay\u0131\u015fla haz\u0131rland\u0131.<\/p>\n<p>Lisanss\u0131z r\u00fczgar ve g\u00fcne\u015f enerjisine dayal\u0131 ba\u015fvurular\u0131n ancak TE\u0130A\u015e taraf\u0131ndan kapasite tahsisi ger\u00e7ekle\u015ftirilmesi halinde kurulabildi\u011fi d\u00f6nem sona erdi. Ayn\u0131 \u00f6l\u00e7\u00fcm noktas\u0131nda olmak, \u015febeke g\u00fcvenli\u011fini teknik y\u00f6nden etkilememek ve y\u00f6netmelikte tan\u0131mlanan \u015fartlar dahilinde art\u0131k herkes kendi \u00fcretim tesisini kurabilecek.<\/p>\n<p>Getirilen ayl\u0131k mahsupla\u015fma sistemi ile serbest t\u00fcketici olsun olmas\u0131n herkes; hafta i\u00e7i veya gece t\u00fcketti\u011fi elektri\u011fi; g\u00fcnd\u00fcz veya hafta sonu \u00fcretti\u011fi elektrikten kar\u015f\u0131layabilecek. Yani elektrik \u015febekesini depolama arac\u0131 olarak kullanabilecek.<\/p>\n<p><strong>EPDK<\/strong> Ba\u015fkan\u0131 <strong>Mustafa Y\u0131lmaz<\/strong> konuyla alakal\u0131 \u015funlar\u0131 s\u00f6yledi: \u201cYeni sistemde \u00fcretim yapmak isteyen ki\u015filerin dikkat etmesi gereken en \u00f6nemli husus; yat\u0131r\u0131m\u0131n geri d\u00f6n\u00fc\u015f s\u00fcresini asgari seviyelere indirmek i\u00e7in t\u00fcketim g\u00fcc\u00fc kadar de\u011fil t\u00fcketti\u011fi enerji miktar\u0131 kadar enerji \u00fcretebilecek tesisi kurmak olacak. Yani t\u00fcketicimiz \u201cen fazla enerjiyi \u00fcretecek tesisi kurmal\u0131y\u0131m\u201d d\u00fc\u015f\u00fcncesi ile de\u011fil, \u201ct\u00fcketim miktar\u0131m\u0131 kar\u015f\u0131layacak en hesapl\u0131 tesisi kurmal\u0131y\u0131m\u201d d\u00fc\u015f\u00fcncesi ile hareket etmeli. \u201d.<\/p>\n<p>D\u00fczenlemenin \u00f6nemine dikkat \u00e7eken Ba\u015fkan Y\u0131lmaz: \u201cG\u00fcne\u015fimiz her hane i\u00e7in, her ticarethane i\u00e7in, her sanayici i\u00e7in bir enerji kayna\u011f\u0131 olsun istiyoruz. Yeni d\u00fczenleme ile her t\u00fcketicinin kendi enerjisini \u00fcretebilmesinin de yolunu a\u00e7\u0131yoruz. G\u00fcne\u015f \u00e7at\u0131larda y\u00fckselmeye devam ettik\u00e7e hem t\u00fcketici kazanacak hem de \u00fclkemiz. Enerji Bakanl\u0131\u011f\u0131m\u0131z\u0131n \u00e7ok de\u011ferli katk\u0131lar\u0131yla yapt\u0131\u011f\u0131m\u0131z \u00e7al\u0131\u015fmalar sonucunda ortaya koydu\u011fumuz yeni d\u00fczenleme; s\u00fcrekli geli\u015fim g\u00f6sterecek nitelikte, yat\u0131r\u0131m yap\u0131labilir ve b\u00fcy\u00fcme odakl\u0131 bir g\u00fcne\u015f piyasas\u0131n\u0131n devam\u0131n\u0131 sa\u011flayacakt\u0131r inanc\u0131nday\u0131m. Art\u0131k enerji ihtiyac\u0131m\u0131z\u0131 yerinde, daha etkin ve daha verimli \u015fekle getirmek, t\u00fcketildi\u011fi yerde enerjinin \u00fcretilmesini sa\u011flamaya \u00e7evirmemiz gerekiyor.\u201ddedi.<\/p>","protected":false},"excerpt":{"rendered":"<p>Sorry, this entry is only available in Turkish. For the sake of viewer convenience, the content is shown below in the alternative language. You may click the link to switch the active language. Enerji Piyasas\u0131 D\u00fczenleme Kurumu (EPDK) daha fazla vatanda\u015f\u0131n g\u00fcne\u015f enerjisinden yararlanmas\u0131n\u0131 ama\u00e7layan yeni y\u00f6netmeli\u011fi tamamlad\u0131. Yeni y\u00f6netmelik ile lisanss\u0131z elektrik \u00fcretimine ili\u015fkin [&hellip;]<\/p>\n","protected":false},"author":6,"featured_media":90937,"comment_status":"open","ping_status":"open","sticky":false,"template":"","format":"standard","meta":[],"categories":[51,53,49],"tags":[59887,52362,39655,63,23532,52259,6014,13,53157,37335,16520,59886,12996,4907,1582],"views":762,"_links":{"self":[{"href":"https:\/\/www.enerjigazetesi.ist\/en\/wp-json\/wp\/v2\/posts\/90928"}],"collection":[{"href":"https:\/\/www.enerjigazetesi.ist\/en\/wp-json\/wp\/v2\/posts"}],"about":[{"href":"https:\/\/www.enerjigazetesi.ist\/en\/wp-json\/wp\/v2\/types\/post"}],"author":[{"embeddable":true,"href":"https:\/\/www.enerjigazetesi.ist\/en\/wp-json\/wp\/v2\/users\/6"}],"replies":[{"embeddable":true,"href":"https:\/\/www.enerjigazetesi.ist\/en\/wp-json\/wp\/v2\/comments?post=90928"}],"version-history":[{"count":0,"href":"https:\/\/www.enerjigazetesi.ist\/en\/wp-json\/wp\/v2\/posts\/90928\/revisions"}],"wp:featuredmedia":[{"embeddable":true,"href":"https:\/\/www.enerjigazetesi.ist\/en\/wp-json\/wp\/v2\/media\/90937"}],"wp:attachment":[{"href":"https:\/\/www.enerjigazetesi.ist\/en\/wp-json\/wp\/v2\/media?parent=90928"}],"wp:term":[{"taxonomy":"category","embeddable":true,"href":"https:\/\/www.enerjigazetesi.ist\/en\/wp-json\/wp\/v2\/categories?post=90928"},{"taxonomy":"post_tag","embeddable":true,"href":"https:\/\/www.enerjigazetesi.ist\/en\/wp-json\/wp\/v2\/tags?post=90928"}],"curies":[{"name":"wp","href":"https:\/\/api.w.org\/{rel}","templated":true}]}}