{"id":90900,"date":"2019-04-12T10:18:00","date_gmt":"2019-04-12T07:18:00","guid":{"rendered":"https:\/\/www.enerjigazetesi.ist\/?p=90900"},"modified":"2019-04-12T10:24:09","modified_gmt":"2019-04-12T07:24:09","slug":"donmez-uzun-vadeli-kredi-ile-isi-yalitimi-isini-kokunden-cozecegiz","status":"publish","type":"post","link":"https:\/\/www.enerjigazetesi.ist\/en\/donmez-uzun-vadeli-kredi-ile-isi-yalitimi-isini-kokunden-cozecegiz\/","title":{"rendered":"(Turkish) D\u00f6nmez: &#8220;Uzun Vadeli Kredi \u0130le Is\u0131 Yal\u0131t\u0131m\u0131 \u0130\u015fini K\u00f6k\u00fcnden \u00c7\u00f6zece\u011fiz&#8221;"},"content":{"rendered":"<p class=\"qtranxs-available-languages-message qtranxs-available-languages-message-en\">Sorry, this entry is only available in <a href=\"https:\/\/www.enerjigazetesi.ist\/tr\/wp-json\/wp\/v2\/posts\/90900\" class=\"qtranxs-available-language-link qtranxs-available-language-link-tr\" title=\"Turkish\">Turkish<\/a>. For the sake of viewer convenience, the content is shown below in the alternative language. You may click the link to switch the active language.<\/p><p><\/p>\n<h1>\u201810. Enerji Verimlili\u011fi Forumu ve Fuar\u0131\u2019n\u0131n a\u00e7\u0131l\u0131\u015f\u0131n\u0131 yapan Enerji ve Tabii Kaynaklar Bakan\u0131 Fatih D\u00f6nmez, \u0131s\u0131 yal\u0131t\u0131m\u0131 uygulamalar\u0131n\u0131 iki kat\u0131na \u00e7\u0131karmak i\u00e7in sekt\u00f6r \u00e7at\u0131 kurulu\u015fu \u0130ZODER\u2019in de dahil oldu\u011fu bir \u00e7al\u0131\u015fma y\u00fcr\u00fctt\u00fcklerini, maliyetlerin asgariye indirildi\u011fi, s\u00fcre\u00e7lerin kolayla\u015ft\u0131r\u0131ld\u0131\u011f\u0131 bir kampanyay\u0131 \u00f6n\u00fcm\u00fczdeki haftalarda kamuoyu ile payla\u015facaklar\u0131n\u0131 a\u00e7\u0131klad\u0131. KKTC Enerji ve Ekonomi Bakan\u0131 \u00d6zdil Nami ise \u0130ZODER ile K\u0131br\u0131s T\u00fcrk Mimar ve M\u00fchendisler Odas\u0131 aras\u0131nda, \u2018KKTC\u2019de enerji verimlili\u011fi sa\u011flamak \u00fczere ba\u015flat\u0131lan i\u015f birli\u011fini desteklediklerini belirtti.<\/h1>\n<h1><img loading=\"lazy\" class=\"alignright size-medium wp-image-90902\" src=\"https:\/\/www.enerjigazetesi.ist\/wp-content\/uploads\/2019\/04\/donmez-uzun-vadeli-kredi-ile-isi-yalitimi-isini-kokunden-cozecegiz2-300x225.jpg\" alt=\"\" width=\"300\" height=\"225\" srcset=\"https:\/\/www.enerjigazetesi.ist\/wp-content\/uploads\/2019\/04\/donmez-uzun-vadeli-kredi-ile-isi-yalitimi-isini-kokunden-cozecegiz2-300x225.jpg 300w, https:\/\/www.enerjigazetesi.ist\/wp-content\/uploads\/2019\/04\/donmez-uzun-vadeli-kredi-ile-isi-yalitimi-isini-kokunden-cozecegiz2-500x375.jpg 500w, https:\/\/www.enerjigazetesi.ist\/wp-content\/uploads\/2019\/04\/donmez-uzun-vadeli-kredi-ile-isi-yalitimi-isini-kokunden-cozecegiz2-67x50.jpg 67w, https:\/\/www.enerjigazetesi.ist\/wp-content\/uploads\/2019\/04\/donmez-uzun-vadeli-kredi-ile-isi-yalitimi-isini-kokunden-cozecegiz2.jpg 651w\" sizes=\"(max-width: 300px) 100vw, 300px\" \/><\/h1>\n<p>L\u00fctfi K\u0131rdar Kongre ve Sergi Saray\u0131\u2019nda <strong>11 Nisan 2019<\/strong>\u2019da ba\u015flayan \u2018<strong>10. Enerji Verimlili\u011fi Forumu ve Fuar\u0131<\/strong>\u2019nda konu\u015fan <strong>Enerji ve Tabii Kaynaklar Bakan\u0131 Fatih D\u00f6nmez<\/strong>, \u015funlar\u0131 s\u00f6yledi: \u201cKamu binalar\u0131n\u0131n enerji verimlili\u011fi konusunda performans\u0131n\u0131 art\u0131rmak i\u00e7in \u00e7al\u0131\u015fma ba\u015flatt\u0131k. Sivil konutlarda ise \u015fu anda ortalama y\u0131ll\u0131k 150 bin konutun \u0131s\u0131 yal\u0131t\u0131m\u0131 yap\u0131l\u0131yor. Hedefimiz, bunu y\u0131ll\u0131k iki kat\u0131na \u00e7\u0131karmak. Hazine ve Maliye Bakanl\u0131\u011f\u0131m\u0131z, \u00c7evre ve \u015eehircilik Bakanl\u0131\u011f\u0131m\u0131z, keza bu projeye finansman sa\u011flayabilmesi i\u00e7in T\u00fcrkiye Bankalar Birli\u011fimiz, sekt\u00f6r \u00e7at\u0131 kurulu\u015fumuz \u0130ZODER ve Enerji Verimlili\u011fi Derne\u011fi, maliyetlerin asgariye indirildi\u011fi, s\u00fcre\u00e7lerin kolayla\u015ft\u0131r\u0131ld\u0131\u011f\u0131 ve uygulama kalitesinin denetim alt\u0131na al\u0131nd\u0131\u011f\u0131 bir kampanyay\u0131 da \u00f6n\u00fcm\u00fczdeki haftalarda kamuoyu ile payla\u015faca\u011f\u0131z. \u00c7al\u0131\u015fmalar tamamland\u0131ktan sonra vatanda\u015f\u0131m\u0131za, uzun vadeli, \u00f6denebilir bir kredi sunaca\u011f\u0131z. \u00c7ok d\u00fc\u015f\u00fck ayl\u0131k taksitli kredi ile \u0131s\u0131 yal\u0131t\u0131m\u0131 i\u015fini de k\u00f6k\u00fcnden \u00e7\u00f6zm\u00fc\u015f olaca\u011f\u0131z. Amac\u0131m\u0131z budur.\u201d<\/p>\n<h2>\u0130ZODER \u2013 KTMMOB i\u015f birli\u011fini b\u00fcy\u00fck memnuniyetle kar\u015f\u0131l\u0131yoruz<\/h2>\n<p><strong>KKTC Enerji ve Ekonomi Bakan\u0131 \u00d6zdil Nami<\/strong> ise a\u00e7\u0131l\u0131\u015f konu\u015fmas\u0131nda, 12-13 Mart 2019 tarihlerinde <strong>\u0130ZODER Y\u00f6netim Kurulu Ba\u015fkan\u0131<\/strong> <strong>Levent Pelesen<\/strong> ve <strong>Ba\u015fkan Yard\u0131mc\u0131s\u0131<\/strong> <strong>Ertu\u011frul \u015een<\/strong>\u2019in, K\u0131br\u0131s T\u00fcrk M\u00fchendis ve Mimar Odalar\u0131 Birli\u011fi (<strong>KTMMOB<\/strong>)\u2019ni ziyareti s\u0131ras\u0131nda imzalanan, \u2018Enerji Verimlili\u011fi ve Is\u0131 Yal\u0131t\u0131m\u0131-T\u00fcrkiye\u2019deki Uygulamalar\u2019 ile ilgili teknik i\u015f birli\u011fi protokol\u00fcn\u00fc desteklediklerini a\u00e7\u0131klad\u0131. <strong>KKTC Enerji ve Ekonomi Bakan\u0131 \u00d6zdil Nami,<\/strong> \u015funlar\u0131 s\u00f6yledi: <strong>\u201c<\/strong>Enerji verimlili\u011fi konusunda ilgili odalar, akademisyenler ve uzman ki\u015filerle birlikte, yeni bir enerji verimlili\u011fi yasas\u0131n\u0131 2019\u2019da bitirecek \u015fekilde \u00e7al\u0131\u015f\u0131yoruz. Bu \u00e7er\u00e7evede <strong>\u0130ZODER<\/strong> ile <strong>K\u0131br\u0131s T\u00fcrk Mimar ve M\u00fchendisler Odas\u0131 <\/strong>aras\u0131ndaKKTC\u2019de enerji verimlili\u011fini sa\u011flamak \u00fczere ba\u015flat\u0131lan ilk i\u015f birli\u011fini b\u00fcy\u00fck bir memnuniyetle kar\u015f\u0131l\u0131yoruz. Bu \u00e7al\u0131\u015fmaya her t\u00fcrl\u00fc deste\u011fi vermeye devam edece\u011fiz\u201d dedi.<\/p>\n<h2>Deneyimlerimizi KTMMOB ile payla\u015farak israf\u0131n \u00f6n\u00fcne ge\u00e7ece\u011fiz<\/h2>\n<p>Yal\u0131t\u0131m sekt\u00f6r\u00fcn\u00fc temsil eden \u00e7at\u0131 kurulu\u015f olarak <strong>\u0130ZODER<\/strong>\u2019in, T\u00fcrkiye\u2019de yal\u0131t\u0131m bilincini yayg\u0131nla\u015ft\u0131rmak amac\u0131yla tam 26 y\u0131ld\u0131r faaliyet g\u00f6sterdi\u011fini vurgulayan <strong>\u0130ZODER Y\u00f6netim Kurulu Ba\u015fkan\u0131 Levent Pelesen, <\/strong>\u201d\u0130mzalad\u0131\u011f\u0131m\u0131z i\u015f birli\u011fi protokol\u00fc ile bug\u00fcn d\u00fcnyan\u0131n en \u00e7ok konu\u015ftu\u011fu \u2018enerji verimlili\u011fi\u2019 konusundaki birikim ve deneyimimizi, <strong>KTMMOB<\/strong> ile payla\u015faca\u011f\u0131z. \u00dclke olarak t\u00fcketilen toplam enerjinin y\u00fczde 40\u2019\u0131n\u0131n binalarda israfa d\u00f6n\u00fc\u015fmesi, hepimizin cebinden para \u00e7\u0131kmas\u0131 demektir. Dolay\u0131s\u0131yla \u0131s\u0131 yal\u0131t\u0131m\u0131n\u0131n hepimizi ilgilendiren bir boyutu var. Alaca\u011f\u0131m\u0131z \u00f6nlemlerle de bu israf\u0131n \u00f6n\u00fcne ge\u00e7memiz m\u00fcmk\u00fcn. Vatanda\u015f\u0131, sekt\u00f6r akt\u00f6rlerini ve karar vericileri bu noktada bilin\u00e7lendirmeyi hedefliyor, bunun i\u00e7in kamuyla ortak hareket etmemiz gerekti\u011fine inan\u0131yoruz. \u0130nan\u0131yoruz ki, enerji verimlili\u011fi sa\u011flayan \u0131s\u0131 yal\u0131t\u0131m\u0131 uygulamalar\u0131n\u0131n, KKTC vatanda\u015f\u0131na, sekt\u00f6re ve ekonomiye katk\u0131s\u0131 b\u00fcy\u00fck olacak\u201d diye konu\u015ftu.<\/p>","protected":false},"excerpt":{"rendered":"<p>Sorry, this entry is only available in Turkish. For the sake of viewer convenience, the content is shown below in the alternative language. You may click the link to switch the active language. \u201810. Enerji Verimlili\u011fi Forumu ve Fuar\u0131\u2019n\u0131n a\u00e7\u0131l\u0131\u015f\u0131n\u0131 yapan Enerji ve Tabii Kaynaklar Bakan\u0131 Fatih D\u00f6nmez, \u0131s\u0131 yal\u0131t\u0131m\u0131 uygulamalar\u0131n\u0131 iki kat\u0131na \u00e7\u0131karmak i\u00e7in [&hellip;]<\/p>\n","protected":false},"author":1,"featured_media":90903,"comment_status":"open","ping_status":"open","sticky":false,"template":"","format":"standard","meta":[],"categories":[53,52],"tags":[49280,49285,67,1009,1525,26559,27530,675,49282,380,18551,49283,49284,11564,49281,793],"views":518,"_links":{"self":[{"href":"https:\/\/www.enerjigazetesi.ist\/en\/wp-json\/wp\/v2\/posts\/90900"}],"collection":[{"href":"https:\/\/www.enerjigazetesi.ist\/en\/wp-json\/wp\/v2\/posts"}],"about":[{"href":"https:\/\/www.enerjigazetesi.ist\/en\/wp-json\/wp\/v2\/types\/post"}],"author":[{"embeddable":true,"href":"https:\/\/www.enerjigazetesi.ist\/en\/wp-json\/wp\/v2\/users\/1"}],"replies":[{"embeddable":true,"href":"https:\/\/www.enerjigazetesi.ist\/en\/wp-json\/wp\/v2\/comments?post=90900"}],"version-history":[{"count":0,"href":"https:\/\/www.enerjigazetesi.ist\/en\/wp-json\/wp\/v2\/posts\/90900\/revisions"}],"wp:featuredmedia":[{"embeddable":true,"href":"https:\/\/www.enerjigazetesi.ist\/en\/wp-json\/wp\/v2\/media\/90903"}],"wp:attachment":[{"href":"https:\/\/www.enerjigazetesi.ist\/en\/wp-json\/wp\/v2\/media?parent=90900"}],"wp:term":[{"taxonomy":"category","embeddable":true,"href":"https:\/\/www.enerjigazetesi.ist\/en\/wp-json\/wp\/v2\/categories?post=90900"},{"taxonomy":"post_tag","embeddable":true,"href":"https:\/\/www.enerjigazetesi.ist\/en\/wp-json\/wp\/v2\/tags?post=90900"}],"curies":[{"name":"wp","href":"https:\/\/api.w.org\/{rel}","templated":true}]}}