{"id":90843,"date":"2019-04-11T12:45:21","date_gmt":"2019-04-11T09:45:21","guid":{"rendered":"https:\/\/www.enerjigazetesi.ist\/?p=90843"},"modified":"2019-04-11T12:49:21","modified_gmt":"2019-04-11T09:49:21","slug":"enervis-2inci-kez-dusuk-karbon-kahramanlari-odulunun-sahibi-oldu","status":"publish","type":"post","link":"https:\/\/www.enerjigazetesi.ist\/en\/enervis-2inci-kez-dusuk-karbon-kahramanlari-odulunun-sahibi-oldu\/","title":{"rendered":"(Turkish) &#8217;Enervis&#8217; 2&#8217;inci Kez &#8220;D\u00fc\u015f\u00fck Karbon Kahramanlar\u0131 \u00d6d\u00fcl\u00fc&#8221;n\u00fcn Sahibi Oldu!"},"content":{"rendered":"<p class=\"qtranxs-available-languages-message qtranxs-available-languages-message-en\">Sorry, this entry is only available in <a href=\"https:\/\/www.enerjigazetesi.ist\/tr\/wp-json\/wp\/v2\/posts\/90843\" class=\"qtranxs-available-language-link qtranxs-available-language-link-tr\" title=\"Turkish\">Turkish<\/a>. For the sake of viewer convenience, the content is shown below in the alternative language. You may click the link to switch the active language.<\/p><p><\/p>\n<h1>Enerji verimlili\u011fi dan\u0131\u015fmanl\u0131k ve uygulama \u015firketi Enervis, S\u00fcrd\u00fcr\u00fclebilir \u00dcretim ve T\u00fcketim Derne\u011fi (S\u00dcT-D) taraf\u0131ndan \u00c7evre ve \u015eehircilik Bakanl\u0131\u011f\u0131\u2019n\u0131n deste\u011fiyle d\u00fczenlenen 6. \u0130stanbul Karbon Zirvesi\u2019nde, demir &#8211; \u00e7elik sekt\u00f6r\u00fcne y\u00f6nelik \u201cAl\u00fcminyum Ergitme F\u0131r\u0131nlar\u0131nda At\u0131k Is\u0131 Geri Kazan\u0131m\u0131 Projesi\u201d ile ikinci kez D\u00fc\u015f\u00fck Karbon Kahraman\u0131 \u00d6d\u00fcl\u00fc\u2019n\u00fc kazand\u0131.<\/h1>\n<p>Sanayide ve binalarda enerji verimlili\u011fi dan\u0131\u015fmanl\u0131\u011f\u0131 ve uygulamalar\u0131, ISO 50001 Enerji Y\u00f6netim Sistemi dan\u0131\u015fmanl\u0131\u011f\u0131, verimli tesis projelendirme ve uygulamalar\u0131 alanlar\u0131nda tam kapsaml\u0131 hizmet veren Enervis\u2019in ba\u015far\u0131l\u0131 \u00e7al\u0131\u015fmalar\u0131 bir kez daha \u00f6d\u00fcle lay\u0131k g\u00f6r\u00fcld\u00fc. S\u00fcrd\u00fcr\u00fclebilir \u00dcretim ve T\u00fcketim <img loading=\"lazy\" class=\"alignright size-medium wp-image-90845\" src=\"https:\/\/www.enerjigazetesi.ist\/wp-content\/uploads\/2019\/04\/enervis-2inci-kez-dusuk-karbon-kahramanlari-odulunun-sahibi-oldu1-300x200.jpg\" alt=\"\" width=\"300\" height=\"200\" srcset=\"https:\/\/www.enerjigazetesi.ist\/wp-content\/uploads\/2019\/04\/enervis-2inci-kez-dusuk-karbon-kahramanlari-odulunun-sahibi-oldu1-300x200.jpg 300w, https:\/\/www.enerjigazetesi.ist\/wp-content\/uploads\/2019\/04\/enervis-2inci-kez-dusuk-karbon-kahramanlari-odulunun-sahibi-oldu1-500x333.jpg 500w, https:\/\/www.enerjigazetesi.ist\/wp-content\/uploads\/2019\/04\/enervis-2inci-kez-dusuk-karbon-kahramanlari-odulunun-sahibi-oldu1-75x50.jpg 75w, https:\/\/www.enerjigazetesi.ist\/wp-content\/uploads\/2019\/04\/enervis-2inci-kez-dusuk-karbon-kahramanlari-odulunun-sahibi-oldu1-450x300.jpg 450w, https:\/\/www.enerjigazetesi.ist\/wp-content\/uploads\/2019\/04\/enervis-2inci-kez-dusuk-karbon-kahramanlari-odulunun-sahibi-oldu1.jpg 732w\" sizes=\"(max-width: 300px) 100vw, 300px\" \/>Derne\u011fi (S\u00dcT-D) taraf\u0131ndan \u00c7evre ve \u015eehircilik Bakanl\u0131\u011f\u0131\u2019n\u0131n deste\u011fiyle d\u00fczenlenen 6. \u0130stanbul Karbon Zirvesi\u2019nde Enervis, demir &#8211; \u00e7elik sekt\u00f6r\u00fcne y\u00f6nelik \u201cAl\u00fcminyum Ergitme F\u0131r\u0131nlar\u0131nda At\u0131k Is\u0131 Geri Kazan\u0131m\u0131 Projesi \u201d ile D\u00fc\u015f\u00fck Karbon Kahraman\u0131 \u00d6d\u00fcl\u00fc\u2019ne lay\u0131k g\u00f6r\u00fcld\u00fc. 2017 y\u0131l\u0131nda, tekstil sekt\u00f6r\u00fcnde at\u0131k su \u0131s\u0131 geri kazan\u0131m\u0131 projesi ile ayn\u0131 \u00f6d\u00fcl\u00fc alan \u015firket, ikinci kez bu mutlulu\u011fu ya\u015fad\u0131.<\/p>\n<p>\u201c1,5 Derecelik K\u00fcresel Is\u0131nmaya Karbon Y\u00f6netimi \u0130le Dur Demek \u0130\u00e7in Ye\u015fil Ekonomi Yolu\u201d temas\u0131yla kamu, sivil toplum, i\u015f d\u00fcnyas\u0131, akademi ve gen\u00e7leri bir araya getiren 6. \u0130stanbul Karbon Zirvesi, 9 Nisan 2019\u2019da \u0130stanbul Teknik \u00dcniversitesi\u2019nin tescilli ye\u015fil yerle\u015fkesinde ger\u00e7ekle\u015fti. Zirve\u2019de Paris \u0130klim Anla\u015fmas\u0131, iklim ve karbon finansman\u0131, iklim de\u011fi\u015fimini hafifletme mekanizmalar\u0131, iklim de\u011fi\u015fimi destekleri ve finansman programlar\u0131, ye\u015fil iklim fonu, ye\u015fil tahviller, karbon ticareti, zorunlu ve g\u00f6n\u00fcll\u00fc karbon piyasalar\u0131 konular\u0131 ele al\u0131nd\u0131.<\/p>\n<h2>\u00d6mer Alt\u0131nok: Ye\u015fil sanayilerin kurulmas\u0131na destek olmay\u0131 s\u00fcrd\u00fcrece\u011fiz<\/h2>\n<p>T\u00fcm g\u00fcn s\u00fcren oturumlar\u0131n ard\u0131ndan ger\u00e7ekle\u015fen t\u00f6rende, Enervis ad\u0131na \u00f6d\u00fcl\u00fc Et\u00fct-Proje M\u00fcd\u00fcr\u00fc \u00d6mer Alt\u0131nok ald\u0131. Bir y\u0131l aradan sonra ikinci kez D\u00fc\u015f\u00fck Karbon Kahraman\u0131 olmaktan dolay\u0131 b\u00fcy\u00fck bir mutluluk duyduklar\u0131n\u0131 belirten Alt\u0131nok, \u201cEnervis olarak enerji verimlili\u011fi ve karbon sal\u0131n\u0131m\u0131 konular\u0131ndaki fark\u0131ndal\u0131\u011f\u0131n artmas\u0131na imkan sa\u011flayan bu t\u00fcr organizasyonlara b\u00fcy\u00fck \u00f6nem veriyoruz. Enerjinin etkin kullan\u0131lmas\u0131, enerji israf\u0131n\u0131n \u00f6nlenmesi, enerji maliyetlerinin ekonomi \u00fczerindeki y\u00fck\u00fcn\u00fcn hafifletilmesi ve \u00e7evrenin korunmas\u0131 ad\u0131na hepimiz ad\u0131m atmak zorunday\u0131z. Biz bu anlamda \u015firketlere katk\u0131 sunuyor, otomotiv, tekstil, g\u0131da, cam, seramik, kimya, demir &#8211; \u00e7elik gibi sekt\u00f6rlerde ger\u00e7ekle\u015ftirdi\u011fimiz enerji verimlili\u011fini art\u0131r\u0131c\u0131 \u00e7al\u0131\u015fmalar ile her y\u0131l milyonlarca lira tasarruf sa\u011fl\u0131yoruz. Mevcut sanayinin ye\u015fillendirilmesi ve verimli tesis proje uygulamalar\u0131 ile \u2018ye\u015fil sanayi\u2019lerin kurulmas\u0131 konusunda fayda &#8211; maliyet dengesini g\u00f6zeten, katma de\u011feri y\u00fcksek projeler \u00fcretmeye devam edece\u011fiz\u201d dedi.<\/p>\n<h2>Enervis\u2019in projesi ile at\u0131k \u0131s\u0131 geri kazan\u0131ld\u0131<\/h2>\n<p>Enervis\u2019e D\u00fc\u015f\u00fck Karbon Kahraman\u0131 \u00f6d\u00fcl\u00fcn\u00fc getiren \u201cAl\u00fcminyum Ergitme F\u0131r\u0131nlar\u0131nda At\u0131k Is\u0131 Geri Kazan\u0131m\u0131 Projesi\u201d ile ergitme f\u0131r\u0131nlar\u0131 bacalar\u0131ndan d\u0131\u015f ortama at\u0131lan at\u0131k \u0131s\u0131n\u0131n geri kazan\u0131m\u0131 ama\u00e7land\u0131. Proje kapsam\u0131nda, al\u00fcminyum ergitme f\u0131r\u0131nlar\u0131nda bulunan verimsiz ekonomizerler kald\u0131r\u0131larak verimli ekonomizerler kuruldu ve tasar\u0131m hatalar\u0131 giderilerek at\u0131k \u0131s\u0131dan maksimum geri kazan\u0131m sa\u011fland\u0131. Uygulama ile 61 derece olan su s\u0131cakl\u0131\u011f\u0131 91 dereceye \u00e7\u0131kar\u0131ld\u0131.<\/p>\n<h2>Say\u0131larlarla Ergitme F\u0131r\u0131nlar\u0131 At\u0131k Is\u0131 Geri Kazan\u0131m\u0131 Projesi<\/h2>\n<p><strong>Yat\u0131r\u0131m bedeli:<\/strong> 918 bin TL<\/p>\n<p><strong>Ortalama geri \u00f6deme s\u00fcresi:<\/strong> 1,09 y\u0131l<\/p>\n<p><strong>Elde edilen verimlilik: <\/strong>458 bin 356 (m\u00b3 &#8211; Do\u011fal gaz)<\/p>\n<p><strong>Elde edilen verimlilik:<\/strong> 664 bin 616 TL (TL \/ Y\u0131l)<\/p>\n<p><strong>Al\u0131nan hibe:<\/strong> 192 bin 605 TL<\/p>\n<p><strong>Sal\u0131n\u0131m\u0131 engellenen karbondioksit:<\/strong> 820,7 ton<\/p>","protected":false},"excerpt":{"rendered":"<p>Sorry, this entry is only available in Turkish. For the sake of viewer convenience, the content is shown below in the alternative language. You may click the link to switch the active language. Enerji verimlili\u011fi dan\u0131\u015fmanl\u0131k ve uygulama \u015firketi Enervis, S\u00fcrd\u00fcr\u00fclebilir \u00dcretim ve T\u00fcketim Derne\u011fi (S\u00dcT-D) taraf\u0131ndan \u00c7evre ve \u015eehircilik Bakanl\u0131\u011f\u0131\u2019n\u0131n deste\u011fiyle d\u00fczenlenen 6. \u0130stanbul [&hellip;]<\/p>\n","protected":false},"author":1,"featured_media":90846,"comment_status":"open","ping_status":"open","sticky":false,"template":"","format":"standard","meta":[],"categories":[53,52],"tags":[48839,49235,3359,2199,49228,36350,67,1009,12,49226,26559,2397,44856,49231,49230,49229,49227,49233,28772,5371,49232,27449,18344,18345,793,49234,41360,41135,44857],"views":615,"_links":{"self":[{"href":"https:\/\/www.enerjigazetesi.ist\/en\/wp-json\/wp\/v2\/posts\/90843"}],"collection":[{"href":"https:\/\/www.enerjigazetesi.ist\/en\/wp-json\/wp\/v2\/posts"}],"about":[{"href":"https:\/\/www.enerjigazetesi.ist\/en\/wp-json\/wp\/v2\/types\/post"}],"author":[{"embeddable":true,"href":"https:\/\/www.enerjigazetesi.ist\/en\/wp-json\/wp\/v2\/users\/1"}],"replies":[{"embeddable":true,"href":"https:\/\/www.enerjigazetesi.ist\/en\/wp-json\/wp\/v2\/comments?post=90843"}],"version-history":[{"count":0,"href":"https:\/\/www.enerjigazetesi.ist\/en\/wp-json\/wp\/v2\/posts\/90843\/revisions"}],"wp:featuredmedia":[{"embeddable":true,"href":"https:\/\/www.enerjigazetesi.ist\/en\/wp-json\/wp\/v2\/media\/90846"}],"wp:attachment":[{"href":"https:\/\/www.enerjigazetesi.ist\/en\/wp-json\/wp\/v2\/media?parent=90843"}],"wp:term":[{"taxonomy":"category","embeddable":true,"href":"https:\/\/www.enerjigazetesi.ist\/en\/wp-json\/wp\/v2\/categories?post=90843"},{"taxonomy":"post_tag","embeddable":true,"href":"https:\/\/www.enerjigazetesi.ist\/en\/wp-json\/wp\/v2\/tags?post=90843"}],"curies":[{"name":"wp","href":"https:\/\/api.w.org\/{rel}","templated":true}]}}