{"id":90766,"date":"2019-04-10T13:39:37","date_gmt":"2019-04-10T10:39:37","guid":{"rendered":"https:\/\/www.enerjigazetesi.ist\/?p=90766"},"modified":"2019-04-10T13:47:56","modified_gmt":"2019-04-10T10:47:56","slug":"enerji-tasarrufu-ve-verimli-isi-yalitimi-icin-dogru-malzeme-kullanimi-sart","status":"publish","type":"post","link":"https:\/\/www.enerjigazetesi.ist\/en\/enerji-tasarrufu-ve-verimli-isi-yalitimi-icin-dogru-malzeme-kullanimi-sart\/","title":{"rendered":"(Turkish) Enerji Tasarrufu ve Verimli &#8220;Is\u0131 Yal\u0131t\u0131m\u0131&#8221; \u0130\u00e7in Do\u011fru Malzeme Kullan\u0131m\u0131 \u015eart!"},"content":{"rendered":"<p class=\"qtranxs-available-languages-message qtranxs-available-languages-message-en\">Sorry, this entry is only available in <a href=\"https:\/\/www.enerjigazetesi.ist\/tr\/wp-json\/wp\/v2\/posts\/90766\" class=\"qtranxs-available-language-link qtranxs-available-language-link-tr\" title=\"Turkish\">Turkish<\/a>. For the sake of viewer convenience, the content is shown below in the alternative language. You may click the link to switch the active language.<\/p><p><\/p>\n<h1>T\u00fcrkiye\u2019de enerji verimlili\u011fi ve tasarrufu konusunda bilin\u00e7lendirme seferberli\u011fi ba\u015flatan ve gitti\u011fi her ilde enerji verimlili\u011fi konusunda bilinmeyenleri masaya yat\u0131ran Yap\u0131larda Enerji Verimlili\u011fi Derne\u011fi &#8211; VER\u0130MDER,\u00a0 Anadolu Bulu\u015fmalar\u0131\u2019n\u0131n yedincisini Konya\u2019da ger\u00e7ekle\u015ftirdi.\u00a0<strong>T\u00fcm Anadolu Bulu\u015fmalar\u0131\u2019nda enerji verimlili\u011fi ve tasarrufun her ile \u00f6zel ihtiya\u00e7lar\u0131na dikkat \u00e7ekerek \u0131s\u0131 yal\u0131t\u0131m\u0131 dolas\u0131yla verimlilik konusunda fark\u0131ndal\u0131k yaratmay\u0131 ama\u00e7 edinen VER\u0130MDER, Konya toplant\u0131s\u0131nda \u00f6zellikle \u201c\u0131s\u0131 yal\u0131t\u0131m\u0131 \u00fcr\u00fcnleri ve uygulamas\u0131\u201d konusunda \u201cmerdiven alt\u0131 uygulamalar\u0131n\u201d neden olabilece\u011fi hayati sonu\u00e7lara dikkat \u00e7ekerken\u00a0<\/strong><strong>VER\u0130MDER \u0130cra Kurulu Ba\u015fkan\u0131 Prof. Dr. Emre Alkin bu konunun yan\u0131 s\u0131ra t\u00fcketicilere enerji verimlili\u011fiyle ev ekonomisinde olu\u015facak tasarrufu i\u015faret etti. <\/strong><\/h1>\n<p>T\u00fcrkiye\u2019nin d\u00f6rt bir yan\u0131nda enerji tasarrufu ve \u0131s\u0131 yal\u0131t\u0131m\u0131 seferberli\u011fi ba\u015flatan<strong> Yap\u0131larda Enerji Verimlili\u011fi Derne\u011fi \u2013 VER\u0130MDER, <\/strong>kamu kurumlar\u0131, b\u00fcrokrasi, \u00fcniversiteler, medya, in\u015faat &#8211; enerji <img loading=\"lazy\" class=\"alignright size-medium wp-image-90768\" src=\"https:\/\/www.enerjigazetesi.ist\/wp-content\/uploads\/2019\/04\/enerji-tasarrufu-ve-verimli-isi-yalitimi-icin-dogru-malzeme-kullanimi-sart1-240x300.jpg\" alt=\"\" width=\"240\" height=\"300\" srcset=\"https:\/\/www.enerjigazetesi.ist\/wp-content\/uploads\/2019\/04\/enerji-tasarrufu-ve-verimli-isi-yalitimi-icin-dogru-malzeme-kullanimi-sart1-240x300.jpg 240w, https:\/\/www.enerjigazetesi.ist\/wp-content\/uploads\/2019\/04\/enerji-tasarrufu-ve-verimli-isi-yalitimi-icin-dogru-malzeme-kullanimi-sart1-320x400.jpg 320w, https:\/\/www.enerjigazetesi.ist\/wp-content\/uploads\/2019\/04\/enerji-tasarrufu-ve-verimli-isi-yalitimi-icin-dogru-malzeme-kullanimi-sart1-40x50.jpg 40w, https:\/\/www.enerjigazetesi.ist\/wp-content\/uploads\/2019\/04\/enerji-tasarrufu-ve-verimli-isi-yalitimi-icin-dogru-malzeme-kullanimi-sart1.jpg 391w\" sizes=\"(max-width: 240px) 100vw, 240px\" \/>sekt\u00f6rleri ve kanaat \u00f6nderlerini bilgilendirmeye devam ediyor. Ge\u00e7ti\u011fimiz y\u0131l b\u00fcy\u00fck ilgi ile kar\u015f\u0131lanan ve Samsun\u2019dan Adana\u2019ya, \u0130zmir\u2019den Antalya\u2019ya kadar her ilde <strong>\u0131s\u0131 yal\u0131t\u0131m\u0131 ve enerji verimlili\u011fi alan\u0131nda farkl\u0131 konular\u0131n masaya yat\u0131r\u0131ld\u0131\u011f\u0131 Anadolu Bulu\u015fmalar\u0131\u2019n\u0131n yeni dura\u011f\u0131 Konya oldu.<\/strong><\/p>\n<p>Toplant\u0131n\u0131n ba\u015fkanl\u0131\u011f\u0131n\u0131 y\u00fcr\u00fcten ve yal\u0131t\u0131m konusunda hayati ba\u015fl\u0131klar\u0131 kat\u0131l\u0131mc\u0131lara aktaran <strong>VER\u0130MDER \u0130cra Kurulu Ba\u015fkan\u0131 Prof. Dr. Emre Alkin<\/strong>; <u>\u201cBug\u00fcn vatanda\u015f\u0131n cebinden \u00e7\u0131kan paran\u0131n b\u00fcy\u00fck bir k\u0131sm\u0131 \u0131s\u0131t\u0131lamayan ya da so\u011futulamayan evlerde u\u00e7up gidiyor. Yap\u0131larda en fazla enerji ka\u00e7a\u011f\u0131, \u0131s\u0131 yal\u0131t\u0131m\u0131 olmayan binalarda olu\u015fuyor. Binalarda t\u00fcketilen enerjinin yakla\u015f\u0131k %80\u2019i \u0131s\u0131tma ve so\u011futma ihtiyac\u0131 i\u00e7in kullan\u0131l\u0131yor. Is\u0131 yal\u0131t\u0131m\u0131 yapan bina sahipleri, faturalar\u0131nda da %50\u2019ye varan tasarruf elde edebiliyor\u201d<\/u> dedi. VER\u0130MDER \u0130cra Kurulu Ba\u015fkan\u0131 Prof. Dr. Emre Alkin\u2019in ba\u015fkanl\u0131\u011f\u0131nda d\u00fczenlenen toplant\u0131da, <strong>\u0131s\u0131 yal\u0131t\u0131m\u0131 i\u00e7in do\u011fru malzeme se\u00e7imi ve sistem standartlar\u0131na sahip paket sistem kullan\u0131m\u0131n\u0131n \u00f6nemi kat\u0131l\u0131mc\u0131lara detayl\u0131 bir \u015fekilde sunuldu. <\/strong><\/p>\n<h2>Yal\u0131t\u0131m \u0130\u00e7in Sistem \u00c7\u00f6z\u00fcmlerini Tercih Edin<\/h2>\n<p>Is\u0131 yal\u0131t\u0131m\u0131n\u0131n <strong>hem do\u011fay\u0131 hem de cebi koruyacak<\/strong> faydalar\u0131n\u0131n yan\u0131 s\u0131ra <strong>nas\u0131l uygulanmas\u0131 gerekti\u011fi<\/strong> ile ilgili de detaylar\u0131n payla\u015f\u0131ld\u0131\u011f\u0131 Konya bulu\u015fmas\u0131nda<strong>, uzmanlar taraf\u0131ndan konuya ili\u015fkin yap\u0131lan ara\u015ft\u0131rmalar payla\u015f\u0131ld\u0131<\/strong>.<\/p>\n<p>Is\u0131 yal\u0131t\u0131m\u0131n\u0131n yap\u0131larda \u00f6nemli bir sistem bile\u015feni oldu\u011funu belirten uzmanlar, yal\u0131t\u0131m i\u00e7in kullan\u0131lacak \u00e7\u00f6z\u00fcmlerin tek bir elden yani <strong>\u201cpaket sistem olarak\u201d<\/strong> temin edilmesinin t\u00fcketiciyi de korudu\u011funu vurguluyorlar. Is\u0131 yal\u0131t\u0131m sistemlerinin bir\u00e7ok bile\u015fenden olu\u015fan \u201ckompozit yap\u0131lar\u201d olmas\u0131 nedeniyle birbirinden farkl\u0131 \u00fcretim hatt\u0131ndan \u00e7\u0131km\u0131\u015f \u00fcr\u00fcnlerin d\u0131\u015f cepheye zarar verdi\u011fine ve uyumsuzluklar yaratt\u0131\u011f\u0131na dikkat \u00e7ekiyorlar.<\/p>\n<p>Ayr\u0131ca uzmanlar, farkl\u0131 \u00fcretici ve markalar\u0131n ayn\u0131 cephede uygulanmaya \u00e7al\u0131\u015f\u0131lmas\u0131ndan do\u011facak teknik s\u0131k\u0131nt\u0131lar\u0131n yan\u0131 s\u0131ra uygulama sonras\u0131 m\u00fc\u015fteri destek hizmetinde de &#8220;muhatap bulamama&#8221; sorunuyla da kar\u015f\u0131 kar\u015f\u0131ya kal\u0131nd\u0131\u011f\u0131na vurgu yap\u0131yorlar.<\/p>\n<h2>Enerji Verimlili\u011fi \u0130\u00e7in <strong>Is\u0131 Yal\u0131t\u0131m\u0131 \u015eart!<\/strong><\/h2>\n<p>&#8211; Hem \u00fclkemizde hem de d\u00fcnyam\u0131zda sanayile\u015fme ve \u015fehirle\u015fme yayg\u0131nla\u015fmaya devam ediyor.<\/p>\n<p>&#8211; Bu duruma ba\u011fl\u0131 olarak enerji ihtiya\u00e7lar\u0131m\u0131z her ge\u00e7en g\u00fcn daha da art\u0131yor.<\/p>\n<p>&#8211; Ancak gelecek nesillerin de yery\u00fcz\u00fcnde az olan do\u011fal kaynaklar\u0131m\u0131z\u0131 kullanabilmeleri i\u00e7in \u00e7evreyi korumak ve yenilenebilir enerji ile enerji tasarrufu konular\u0131na dikkat etmemiz gerekiyor.<\/p>\n<p>&#8211; \u00dclkemizde enerjinin %37\u2019si konut ve sitelerde t\u00fcketiliyor.<\/p>\n<p>&#8211; Binalarda kullan\u0131lan enerjinin %80\u2019ine yak\u0131n\u0131 yap\u0131lar\u0131n \u0131s\u0131t\u0131lmas\u0131 veya so\u011futulmas\u0131 i\u00e7in kullan\u0131l\u0131yor.<\/p>\n<p>&#8211; Evlerin hem \u0131s\u0131t\u0131lmas\u0131 hem de so\u011futulmas\u0131 i\u00e7in her y\u0131l fazladan harcad\u0131\u011f\u0131m\u0131z maliyetler \u00fclke ekonomisini de etkiliyor.<\/p>\n<p>&#8211; \u00dclkemizin enerjideki d\u0131\u015fa ba\u011f\u0131ml\u0131l\u0131\u011f\u0131n\u0131n azalmas\u0131, ekonominin canlanmas\u0131, istihdam oranlar\u0131n\u0131n artmas\u0131 enerji verimlili\u011fi ile elde ediliyor.<\/p>\n<p>&#8211; Enerjinin temiz elde edilmesi kadar kullan\u0131lan enerjinin verimlili\u011fi de \u00e7ok \u00f6nemlidir. Enerji verimlili\u011fi denilince ilk akla gelen teknoloji \u0131s\u0131 yal\u0131t\u0131m\u0131d\u0131r.<\/p>\n<p>&#8211; Hem h\u00fck\u00fcmetin hem de finans sekt\u00f6r\u00fcn\u00fcn destekleyici uygulamalar\u0131 ile \u0131s\u0131 yal\u0131t\u0131m\u0131 art\u0131k bir\u00e7ok binada uygulan\u0131yor.<\/p>","protected":false},"excerpt":{"rendered":"<p>Sorry, this entry is only available in Turkish. For the sake of viewer convenience, the content is shown below in the alternative language. You may click the link to switch the active language. T\u00fcrkiye\u2019de enerji verimlili\u011fi ve tasarrufu konusunda bilin\u00e7lendirme seferberli\u011fi ba\u015flatan ve gitti\u011fi her ilde enerji verimlili\u011fi konusunda bilinmeyenleri masaya yat\u0131ran Yap\u0131larda Enerji Verimlili\u011fi [&hellip;]<\/p>\n","protected":false},"author":1,"featured_media":90769,"comment_status":"open","ping_status":"open","sticky":false,"template":"","format":"standard","meta":[],"categories":[53,52],"tags":[38298,67,1009,35423,1412,26559,8954,562,380,43386,49169,2441,37827,846,37792,793,37793],"views":642,"_links":{"self":[{"href":"https:\/\/www.enerjigazetesi.ist\/en\/wp-json\/wp\/v2\/posts\/90766"}],"collection":[{"href":"https:\/\/www.enerjigazetesi.ist\/en\/wp-json\/wp\/v2\/posts"}],"about":[{"href":"https:\/\/www.enerjigazetesi.ist\/en\/wp-json\/wp\/v2\/types\/post"}],"author":[{"embeddable":true,"href":"https:\/\/www.enerjigazetesi.ist\/en\/wp-json\/wp\/v2\/users\/1"}],"replies":[{"embeddable":true,"href":"https:\/\/www.enerjigazetesi.ist\/en\/wp-json\/wp\/v2\/comments?post=90766"}],"version-history":[{"count":0,"href":"https:\/\/www.enerjigazetesi.ist\/en\/wp-json\/wp\/v2\/posts\/90766\/revisions"}],"wp:featuredmedia":[{"embeddable":true,"href":"https:\/\/www.enerjigazetesi.ist\/en\/wp-json\/wp\/v2\/media\/90769"}],"wp:attachment":[{"href":"https:\/\/www.enerjigazetesi.ist\/en\/wp-json\/wp\/v2\/media?parent=90766"}],"wp:term":[{"taxonomy":"category","embeddable":true,"href":"https:\/\/www.enerjigazetesi.ist\/en\/wp-json\/wp\/v2\/categories?post=90766"},{"taxonomy":"post_tag","embeddable":true,"href":"https:\/\/www.enerjigazetesi.ist\/en\/wp-json\/wp\/v2\/tags?post=90766"}],"curies":[{"name":"wp","href":"https:\/\/api.w.org\/{rel}","templated":true}]}}