{"id":90728,"date":"2019-04-09T21:56:10","date_gmt":"2019-04-09T18:56:10","guid":{"rendered":"https:\/\/www.enerjigazetesi.ist\/?p=90728"},"modified":"2019-04-09T22:00:36","modified_gmt":"2019-04-09T19:00:36","slug":"suudi-arabistan-ilk-nukleer-reaktore-yonelik-insaatin-sonuna-yaklasti","status":"publish","type":"post","link":"https:\/\/www.enerjigazetesi.ist\/en\/suudi-arabistan-ilk-nukleer-reaktore-yonelik-insaatin-sonuna-yaklasti\/","title":{"rendered":"(Turkish) &#8221;Suudi Arabistan \u0130lk N\u00fckleer Reakt\u00f6re Y\u00f6nelik \u0130n\u015faat\u0131n Sonuna Yakla\u015ft\u0131&#8221;"},"content":{"rendered":"<p class=\"qtranxs-available-languages-message qtranxs-available-languages-message-en\">Sorry, this entry is only available in <a href=\"https:\/\/www.enerjigazetesi.ist\/tr\/wp-json\/wp\/v2\/posts\/90728\" class=\"qtranxs-available-language-link qtranxs-available-language-link-tr\" title=\"Turkish\">Turkish<\/a>. For the sake of viewer convenience, the content is shown below in the alternative language. You may click the link to switch the active language.<\/p><p><\/p>\n<h1>\u0130ngiliz Guardian taraf\u0131ndan yay\u0131mlanan yeni uydu g\u00f6r\u00fcnt\u00fcleriyle birlikte Suudi Arabistan\u2019\u0131n ilk n\u00fckleer reakt\u00f6r\u00fcn\u00fc tamamlama a\u015famas\u0131na geldi\u011fini g\u00f6steren <img loading=\"lazy\" class=\"alignleft wp-image-90732 size-medium\" src=\"https:\/\/www.enerjigazetesi.ist\/wp-content\/uploads\/2019\/04\/suudi-arabistan-ilk-nukleer-reaktore-yonelik-insaatinin-sonuna-yaklasti-300x181.jpg\" alt=\"\" width=\"300\" height=\"181\" srcset=\"https:\/\/www.enerjigazetesi.ist\/wp-content\/uploads\/2019\/04\/suudi-arabistan-ilk-nukleer-reaktore-yonelik-insaatinin-sonuna-yaklasti-300x181.jpg 300w, https:\/\/www.enerjigazetesi.ist\/wp-content\/uploads\/2019\/04\/suudi-arabistan-ilk-nukleer-reaktore-yonelik-insaatinin-sonuna-yaklasti-768x464.jpg 768w, https:\/\/www.enerjigazetesi.ist\/wp-content\/uploads\/2019\/04\/suudi-arabistan-ilk-nukleer-reaktore-yonelik-insaatinin-sonuna-yaklasti-500x302.jpg 500w, https:\/\/www.enerjigazetesi.ist\/wp-content\/uploads\/2019\/04\/suudi-arabistan-ilk-nukleer-reaktore-yonelik-insaatinin-sonuna-yaklasti-80x48.jpg 80w, https:\/\/www.enerjigazetesi.ist\/wp-content\/uploads\/2019\/04\/suudi-arabistan-ilk-nukleer-reaktore-yonelik-insaatinin-sonuna-yaklasti.jpg 807w\" sizes=\"(max-width: 300px) 100vw, 300px\" \/>bir haber yay\u0131mland\u0131. Reakt\u00f6r\u00fcn ba\u015fkent Riyad yak\u0131nlar\u0131nda Kral Abd\u00fclaziz kentinde in\u015fas\u0131 s\u00fcrmektedir.<\/h1>\n<p>Reakt\u00f6r\u00fcn varl\u0131\u011f\u0131 Uluslararas\u0131 Atom Enerjisi Kurumu\u2019nun (UAEK) eski denet\u00e7ilerinden Robert Kelley taraf\u0131ndan ortaya \u00e7\u0131kar\u0131l\u0131rken BBC T\u00fcrk\u00e7e\u2019nin Guardian\u2019dan aktard\u0131\u011f\u0131 haberine g\u00f6re Kelley reakt\u00f6r\u00fcn bir y\u0131l i\u00e7inde tamamlanabilece\u011fini dile getirdi.<\/p>\n<p>Uydu foto\u011fraflar\u0131nda n\u00fckleer yak\u0131ta y\u00f6nelik 10 metre y\u00fcksekli\u011finde bir \u00e7elik tank\u0131n yer ald\u0131\u011f\u0131 ve tesisteki in\u015faat\u0131n s\u00fcrd\u00fc\u011f\u00fc g\u00f6r\u00fcl\u00fcrken Kelley, e\u011fitim ama\u00e7l\u0131 olarak kullan\u0131laca\u011f\u0131 ifade edilen reakt\u00f6r\u00fcn Suudi Arabistan\u2019\u0131n &#8216;n\u00fckleer e\u015fi\u011fi ge\u00e7mesi&#8217; anlam\u0131na geldi\u011fine dikkat \u00e7ekmektedir.<\/p>","protected":false},"excerpt":{"rendered":"<p>Sorry, this entry is only available in Turkish. For the sake of viewer convenience, the content is shown below in the alternative language. You may click the link to switch the active language. \u0130ngiliz Guardian taraf\u0131ndan yay\u0131mlanan yeni uydu g\u00f6r\u00fcnt\u00fcleriyle birlikte Suudi Arabistan\u2019\u0131n ilk n\u00fckleer reakt\u00f6r\u00fcn\u00fc tamamlama a\u015famas\u0131na geldi\u011fini g\u00f6steren bir haber yay\u0131mland\u0131. Reakt\u00f6r\u00fcn ba\u015fkent [&hellip;]<\/p>\n","protected":false},"author":1,"featured_media":90732,"comment_status":"open","ping_status":"open","sticky":false,"template":"","format":"standard","meta":[],"categories":[51,53,43],"tags":[67,1009,49144,36586,49145,21,23134,25480,34931,3020,34930,1463,947,946],"views":737,"_links":{"self":[{"href":"https:\/\/www.enerjigazetesi.ist\/en\/wp-json\/wp\/v2\/posts\/90728"}],"collection":[{"href":"https:\/\/www.enerjigazetesi.ist\/en\/wp-json\/wp\/v2\/posts"}],"about":[{"href":"https:\/\/www.enerjigazetesi.ist\/en\/wp-json\/wp\/v2\/types\/post"}],"author":[{"embeddable":true,"href":"https:\/\/www.enerjigazetesi.ist\/en\/wp-json\/wp\/v2\/users\/1"}],"replies":[{"embeddable":true,"href":"https:\/\/www.enerjigazetesi.ist\/en\/wp-json\/wp\/v2\/comments?post=90728"}],"version-history":[{"count":0,"href":"https:\/\/www.enerjigazetesi.ist\/en\/wp-json\/wp\/v2\/posts\/90728\/revisions"}],"wp:featuredmedia":[{"embeddable":true,"href":"https:\/\/www.enerjigazetesi.ist\/en\/wp-json\/wp\/v2\/media\/90732"}],"wp:attachment":[{"href":"https:\/\/www.enerjigazetesi.ist\/en\/wp-json\/wp\/v2\/media?parent=90728"}],"wp:term":[{"taxonomy":"category","embeddable":true,"href":"https:\/\/www.enerjigazetesi.ist\/en\/wp-json\/wp\/v2\/categories?post=90728"},{"taxonomy":"post_tag","embeddable":true,"href":"https:\/\/www.enerjigazetesi.ist\/en\/wp-json\/wp\/v2\/tags?post=90728"}],"curies":[{"name":"wp","href":"https:\/\/api.w.org\/{rel}","templated":true}]}}