{"id":90652,"date":"2019-04-08T12:16:45","date_gmt":"2019-04-08T09:16:45","guid":{"rendered":"https:\/\/www.enerjigazetesi.ist\/?p=90652"},"modified":"2019-04-08T12:34:08","modified_gmt":"2019-04-08T09:34:08","slug":"gunes-enerjisinde-gelisim-icin-akilli-sebeke-ve-depolamaya-destek-verilmeli","status":"publish","type":"post","link":"https:\/\/www.enerjigazetesi.ist\/en\/gunes-enerjisinde-gelisim-icin-akilli-sebeke-ve-depolamaya-destek-verilmeli\/","title":{"rendered":"(Turkish) &#8221;G\u00fcne\u015fin Geli\u015fimi \u0130\u00e7in Ak\u0131ll\u0131 \u015eebeke ve Depolamaya Destek Verilmeli&#8221;"},"content":{"rendered":"<p class=\"qtranxs-available-languages-message qtranxs-available-languages-message-en\">Sorry, this entry is only available in <a href=\"https:\/\/www.enerjigazetesi.ist\/tr\/wp-json\/wp\/v2\/posts\/90652\" class=\"qtranxs-available-language-link qtranxs-available-language-link-tr\" title=\"Turkish\">Turkish<\/a>. For the sake of viewer convenience, the content is shown below in the alternative language. You may click the link to switch the active language.<\/p><p><\/p>\n<h1>T\u00fcrkiye&#8217;nin 2017 y\u0131l\u0131 sonunda yakla\u015f\u0131k 3400 MW g\u00fcce sahip tamamlanan g\u00fcne\u015f enerjisi santrali kurulu g\u00fcc\u00fcn\u00fc 2018 y\u0131l\u0131 sonu itibari ile 5000 MW\u2019a \u00e7\u0131kard\u0131\u011f\u0131n\u0131n alt\u0131n\u0131 \u00e7izen G\u00fcne\u015f Derne\u011fi Enerjisi Sanayicileri ve End\u00fcstrisi Derne\u011fi (GENSED) Genel Sekreteri Hakan Erkan, 2017 y\u0131l\u0131 i\u00e7inde yap\u0131lan y\u0131ll\u0131k 2500 MW\u2019l\u0131k kuruluma g\u00f6re bir miktar daha az kurulum ger\u00e7ekle\u015fti\u011fini dile getirdi.<\/h1>\n<p>2017 y\u0131l\u0131 sonunda da\u011f\u0131t\u0131m bedelindeki art\u0131\u015f ile birlikte kurulumda bu y\u00fckseli\u015fin kaydedildi\u011fini belirten\u00a0<img loading=\"lazy\" class=\"alignleft size-medium wp-image-90654\" src=\"https:\/\/www.enerjigazetesi.ist\/wp-content\/uploads\/2019\/04\/gunes-enerjisinde-gelisim-icin-akilli-sebeke-ve-depolamaya-destek-verilmeli-300x183.jpg\" alt=\"\" width=\"300\" height=\"183\" srcset=\"https:\/\/www.enerjigazetesi.ist\/wp-content\/uploads\/2019\/04\/gunes-enerjisinde-gelisim-icin-akilli-sebeke-ve-depolamaya-destek-verilmeli-300x183.jpg 300w, https:\/\/www.enerjigazetesi.ist\/wp-content\/uploads\/2019\/04\/gunes-enerjisinde-gelisim-icin-akilli-sebeke-ve-depolamaya-destek-verilmeli-500x305.jpg 500w, https:\/\/www.enerjigazetesi.ist\/wp-content\/uploads\/2019\/04\/gunes-enerjisinde-gelisim-icin-akilli-sebeke-ve-depolamaya-destek-verilmeli-80x50.jpg 80w, https:\/\/www.enerjigazetesi.ist\/wp-content\/uploads\/2019\/04\/gunes-enerjisinde-gelisim-icin-akilli-sebeke-ve-depolamaya-destek-verilmeli.jpg 656w\" sizes=\"(max-width: 300px) 100vw, 300px\" \/>Hakan Erkan, \u201cBu sebeple 2018&#8217;de yap\u0131lan 1600 MW\u2019l\u0131k kurulum sekt\u00f6r a\u00e7\u0131s\u0131ndan olumlu bir geli\u015fme olarak de\u011ferlendiriliyor. YEKA\u2019lar d\u0131\u015f\u0131nda her y\u0131l bu g\u00fc\u00e7lerde kurulumlar\u0131n ger\u00e7ekle\u015fmesine y\u00f6nelik gerekli d\u00fczenlemelerin yap\u0131lmas\u0131 \u00f6nemlidir. G\u00fcne\u015f enerjisi sekt\u00f6r\u00fcn\u00fcn geli\u015fmesine y\u00f6nelik ak\u0131ll\u0131 \u015febeke ve depolama gibi yard\u0131mc\u0131 teknolojilere destek verilmesi, Ar-Ge faaliyetleri ve kalifiye personel e\u011fitimlerine \u00f6nem verilmesi gerekiyor. Ayr\u0131ca mevzuat de\u011fi\u015fikli\u011fi ve yeni d\u00fczenleme yap\u0131l\u0131rken sekt\u00f6r g\u00f6r\u00fc\u015flerinin al\u0131nmas\u0131, te\u015fviklerin uygulama alanlar\u0131 ve piyasa ko\u015fullar\u0131na g\u00f6re \u00e7e\u015fitlendirilmesi \u00f6nem te\u015fkil ediyor\u201d ifadelerini kulland\u0131.<\/p>\n<div id=\"wrap\" class=\"wrap\">\n<div class=\"main-con\">\n<section>\n<div id=\"history-container\" class=\"con\">\n<div class=\"nws-dtl clearfix\" data-id=\"442540\" data-next=\"https:\/\/www.dunya.com\/sektorler\/enerji\/turkiye-genelindeki-enerji-akisi-takip-ediliyor-haberi-442476\" data-url=\"https:\/\/www.dunya.com\/sektorler\/enerji\/akilli-sebeke-ve-depolama-teknolojilerine-destek-verilmeli-haberi-442540\" data-title=\"\">\n<div class=\"nws-dtl-cnt\">\n<article>\n<div class=\"artc-cnt \">\n<h2><strong>&#8220;Piyasa ko\u015fullar\u0131na g\u00f6re h\u00fccre \u00fcretimi de ba\u015flayacakt\u0131r&#8221;<\/strong><\/h2>\n<p>G\u00fcne\u015f paneli \u00fcretiminde h\u00fccrelerin d\u0131\u015far\u0131dan getirilip monte edilmesinin T\u00fcrkiye\u2019de bir\u00e7ok firma taraf\u0131ndan yap\u0131ld\u0131\u011f\u0131n\u0131 anlatan Erkan, \u201cYEKA\u2019lar\u0131n d\u0131\u015f\u0131nda baz\u0131 panel \u00fcreticileri taraf\u0131ndan h\u00fccre \u00fcretimi i\u00e7in gerekli altyap\u0131 \u00e7al\u0131\u015fmalar\u0131 tamamland\u0131 ve piyasa ko\u015fullar\u0131 elverdi\u011finde h\u00fccre \u00fcretimine ba\u015flayacak. Panel \u00fcretiminde kullan\u0131lan cam, al\u00fcminyum \u00e7er\u00e7eve, junction box gibi par\u00e7alar\u0131n T\u00fcrkiye\u2019de \u00fcretimi yap\u0131l\u0131yor. \u0130nverterin de birka\u00e7 firma taraf\u0131ndan yerli \u00fcretimi ger\u00e7ekle\u015ftiriliyor. YEKA\u2019larla yerli inverter \u00fcreticilerinin say\u0131lar\u0131 artacak. Sehpalar\u0131n ise hem arazi hem de \u00e7at\u0131 uygulamalar\u0131 i\u00e7in \u00e7ok say\u0131da firma taraf\u0131ndan yerli \u00fcretimleri ger\u00e7ekle\u015ftiriliyor. Bunlarla birlikte YEKA1 ihalesi kapsam\u0131nda ingottan ba\u015flayarak panel \u00fcretimi yapacak y\u0131ll\u0131k 500 MW kapasiteli bir panel \u00fcretim fabrikas\u0131n\u0131n Ankara\u2019da kurulmas\u0131 planlan\u0131yor&#8221; dedi.<\/p>\n<\/div>\n<\/article>\n<\/div>\n<\/div>\n<\/div>\n<\/section>\n<\/div>\n<\/div>\n<p><\/p>","protected":false},"excerpt":{"rendered":"<p>Sorry, this entry is only available in Turkish. For the sake of viewer convenience, the content is shown below in the alternative language. You may click the link to switch the active language. T\u00fcrkiye&#8217;nin 2017 y\u0131l\u0131 sonunda yakla\u015f\u0131k 3400 MW g\u00fcce sahip tamamlanan g\u00fcne\u015f enerjisi santrali kurulu g\u00fcc\u00fcn\u00fc 2018 y\u0131l\u0131 sonu itibari ile 5000 MW\u2019a [&hellip;]<\/p>\n","protected":false},"author":1,"featured_media":90654,"comment_status":"open","ping_status":"open","sticky":false,"template":"","format":"standard","meta":[],"categories":[51,53,49],"tags":[49042,49037,49038,2674,25845,49047,812,31079,19638,34980,26353,42030,2625,67,1009,727,35038,49036,23416,36334,38247,23133,21925,44628,4223,8255,34925,35037,49045,5971,13446,49039,49044,5679,49041,1331,49043,25578,49040,18881,49046,44632],"views":790,"_links":{"self":[{"href":"https:\/\/www.enerjigazetesi.ist\/en\/wp-json\/wp\/v2\/posts\/90652"}],"collection":[{"href":"https:\/\/www.enerjigazetesi.ist\/en\/wp-json\/wp\/v2\/posts"}],"about":[{"href":"https:\/\/www.enerjigazetesi.ist\/en\/wp-json\/wp\/v2\/types\/post"}],"author":[{"embeddable":true,"href":"https:\/\/www.enerjigazetesi.ist\/en\/wp-json\/wp\/v2\/users\/1"}],"replies":[{"embeddable":true,"href":"https:\/\/www.enerjigazetesi.ist\/en\/wp-json\/wp\/v2\/comments?post=90652"}],"version-history":[{"count":0,"href":"https:\/\/www.enerjigazetesi.ist\/en\/wp-json\/wp\/v2\/posts\/90652\/revisions"}],"wp:featuredmedia":[{"embeddable":true,"href":"https:\/\/www.enerjigazetesi.ist\/en\/wp-json\/wp\/v2\/media\/90654"}],"wp:attachment":[{"href":"https:\/\/www.enerjigazetesi.ist\/en\/wp-json\/wp\/v2\/media?parent=90652"}],"wp:term":[{"taxonomy":"category","embeddable":true,"href":"https:\/\/www.enerjigazetesi.ist\/en\/wp-json\/wp\/v2\/categories?post=90652"},{"taxonomy":"post_tag","embeddable":true,"href":"https:\/\/www.enerjigazetesi.ist\/en\/wp-json\/wp\/v2\/tags?post=90652"}],"curies":[{"name":"wp","href":"https:\/\/api.w.org\/{rel}","templated":true}]}}