{"id":9062,"date":"2013-04-01T09:59:46","date_gmt":"2013-04-01T06:59:46","guid":{"rendered":"https:\/\/www.enerjigazetesi.ist\/?p=9062"},"modified":"2013-04-01T10:00:55","modified_gmt":"2013-04-01T07:00:55","slug":"eczacibasindan-140-milyon-eluk-res-yatirimi","status":"publish","type":"post","link":"https:\/\/www.enerjigazetesi.ist\/en\/eczacibasindan-140-milyon-eluk-res-yatirimi\/","title":{"rendered":"(Turkish) Eczac\u0131ba\u015f\u0131\u2019ndan 140 Milyon \u20ac\u2019luk RES Yat\u0131r\u0131m\u0131"},"content":{"rendered":"<p class=\"qtranxs-available-languages-message qtranxs-available-languages-message-en\">Sorry, this entry is only available in <a href=\"https:\/\/www.enerjigazetesi.ist\/tr\/wp-json\/wp\/v2\/posts\/9062\" class=\"qtranxs-available-language-link qtranxs-available-language-link-tr\" title=\"Turkish\">Turkish<\/a>. For the sake of viewer convenience, the content is shown below in the alternative language. You may click the link to switch the active language.<\/p><p><strong>Eczac\u0131ba\u015f\u0131 Toplulu\u011fu CEO\u2019su Erdal Karamercan, s\u0131f\u0131r karbon sal\u0131n\u0131m\u0131 yapan topluluk olmay\u0131 hedeflediklerini belirterek, &#8220;\u0130lk a\u015famada 140 milyon avroluk yat\u0131r\u0131mla, r\u00fczgar enerjisinden 110 megavatl\u0131k \u00fcretimi Hereke`de<a href=\"https:\/\/www.enerjigazetesi.ist\/wp-content\/uploads\/2013\/04\/ruzgar-enerjisi-RES-eczacibasi.jpg\"><img loading=\"lazy\" class=\"alignright size-medium wp-image-9063\" title=\"ruzgar-enerjisi-RES-eczacibasi\" src=\"https:\/\/www.enerjigazetesi.ist\/wp-content\/uploads\/2013\/04\/ruzgar-enerjisi-RES-eczacibasi-300x195.jpg\" alt=\"\" width=\"300\" height=\"195\" srcset=\"https:\/\/www.enerjigazetesi.ist\/wp-content\/uploads\/2013\/04\/ruzgar-enerjisi-RES-eczacibasi-300x195.jpg 300w, https:\/\/www.enerjigazetesi.ist\/wp-content\/uploads\/2013\/04\/ruzgar-enerjisi-RES-eczacibasi-500x326.jpg 500w, https:\/\/www.enerjigazetesi.ist\/wp-content\/uploads\/2013\/04\/ruzgar-enerjisi-RES-eczacibasi-76x50.jpg 76w, https:\/\/www.enerjigazetesi.ist\/wp-content\/uploads\/2013\/04\/ruzgar-enerjisi-RES-eczacibasi.jpg 574w\" sizes=\"(max-width: 300px) 100vw, 300px\" \/><\/a> yapaca\u011f\u0131z.<\/strong><\/p>\n<p>\u00d6n\u00fcm\u00fczdeki 10 y\u0131l i\u00e7inde bu, 3 veya 4 kat\u0131na \u00e7\u0131kabilecek\u201d dedi. Karamercan, 2008-2012 y\u0131llar\u0131 aras\u0131nda ton ba\u015f\u0131na karbon sal\u0131n\u0131m\u0131n\u0131 100`den 91,1 endekse indirdiklerini, su t\u00fcketimini 100`den 75,6 endekse d\u00fc\u015f\u00fcrd\u00fcklerini s\u00f6yledi.<\/p>\n<p>Binalarda y\u00fczde 10 enerji tasarrufu sa\u011flad\u0131klar\u0131n\u0131 ifade eden Karamercan, bunun bir i\u015f modeli oldu\u011funu dikkat \u00e7ekti. Karamercan, \u015f\u00f6yle devam etti: \u201cKulland\u0131\u011f\u0131m\u0131z enerji nedeniyle atmosfere yapt\u0131\u011f\u0131m\u0131z karbon sal\u0131n\u0131m\u0131n\u0131 n\u00f6tralize eden bir yap\u0131ya kavu\u015fmak istiyoruz.<\/p>\n<p>S\u0131f\u0131r karbon sal\u0131n\u0131m\u0131 yapan topluluk olmay\u0131 hedefliyoruz. Bu ba\u011flamda ald\u0131\u011f\u0131m\u0131z karar do\u011frultusunda, r\u00fczgar enerjisine girmemizin hedefinde bu vizyon yat\u0131yor. R\u00fczgar enerjisi bildi\u011finiz gibi temiz enerjidir ve biz bununla yak\u0131ndan ilgileniyoruz.\u201d<\/p>\n<p>Kaynak: <a href=\"http:\/\/enerjigunlugu.net\/eczacibasi\u2019ndan-140-milyon-\u20ac\u2019luk-res-yatirimi_2949.html\" target=\"_blank\">Enerji G\u00fcnl\u00fc\u011f\u00fc<\/a><\/p>","protected":false},"excerpt":{"rendered":"<p>Sorry, this entry is only available in Turkish. For the sake of viewer convenience, the content is shown below in the alternative language. You may click the link to switch the active language.Eczac\u0131ba\u015f\u0131 Toplulu\u011fu CEO\u2019su Erdal Karamercan, s\u0131f\u0131r karbon sal\u0131n\u0131m\u0131 yapan topluluk olmay\u0131 hedeflediklerini belirterek, &#8220;\u0130lk a\u015famada 140 milyon avroluk yat\u0131r\u0131mla, r\u00fczgar enerjisinden 110 megavatl\u0131k [&hellip;]<\/p>\n","protected":false},"author":1,"featured_media":9063,"comment_status":"open","ping_status":"open","sticky":false,"template":"","format":"standard","meta":[],"categories":[53,50],"tags":[4064,63,67,4066,4065,474,16,231,4063,842,105],"views":829,"_links":{"self":[{"href":"https:\/\/www.enerjigazetesi.ist\/en\/wp-json\/wp\/v2\/posts\/9062"}],"collection":[{"href":"https:\/\/www.enerjigazetesi.ist\/en\/wp-json\/wp\/v2\/posts"}],"about":[{"href":"https:\/\/www.enerjigazetesi.ist\/en\/wp-json\/wp\/v2\/types\/post"}],"author":[{"embeddable":true,"href":"https:\/\/www.enerjigazetesi.ist\/en\/wp-json\/wp\/v2\/users\/1"}],"replies":[{"embeddable":true,"href":"https:\/\/www.enerjigazetesi.ist\/en\/wp-json\/wp\/v2\/comments?post=9062"}],"version-history":[{"count":3,"href":"https:\/\/www.enerjigazetesi.ist\/en\/wp-json\/wp\/v2\/posts\/9062\/revisions"}],"predecessor-version":[{"id":9065,"href":"https:\/\/www.enerjigazetesi.ist\/en\/wp-json\/wp\/v2\/posts\/9062\/revisions\/9065"}],"wp:featuredmedia":[{"embeddable":true,"href":"https:\/\/www.enerjigazetesi.ist\/en\/wp-json\/wp\/v2\/media\/9063"}],"wp:attachment":[{"href":"https:\/\/www.enerjigazetesi.ist\/en\/wp-json\/wp\/v2\/media?parent=9062"}],"wp:term":[{"taxonomy":"category","embeddable":true,"href":"https:\/\/www.enerjigazetesi.ist\/en\/wp-json\/wp\/v2\/categories?post=9062"},{"taxonomy":"post_tag","embeddable":true,"href":"https:\/\/www.enerjigazetesi.ist\/en\/wp-json\/wp\/v2\/tags?post=9062"}],"curies":[{"name":"wp","href":"https:\/\/api.w.org\/{rel}","templated":true}]}}