{"id":90517,"date":"2019-04-05T12:37:02","date_gmt":"2019-04-05T09:37:02","guid":{"rendered":"https:\/\/www.enerjigazetesi.ist\/?p=90517"},"modified":"2019-04-05T12:41:09","modified_gmt":"2019-04-05T09:41:09","slug":"garanti-bankasindan-dunya-saati-etkinligine-tam-destek","status":"publish","type":"post","link":"https:\/\/www.enerjigazetesi.ist\/en\/garanti-bankasindan-dunya-saati-etkinligine-tam-destek\/","title":{"rendered":"(Turkish) Garanti Bankas\u0131\u2019ndan D\u00fcnya Saati Etkinli\u011fine Tam Destek!"},"content":{"rendered":"<p class=\"qtranxs-available-languages-message qtranxs-available-languages-message-en\">Sorry, this entry is only available in <a href=\"https:\/\/www.enerjigazetesi.ist\/tr\/wp-json\/wp\/v2\/posts\/90517\" class=\"qtranxs-available-language-link qtranxs-available-language-link-tr\" title=\"Turkish\">Turkish<\/a>. For the sake of viewer convenience, the content is shown below in the alternative language. You may click the link to switch the active language.<\/p><p><\/p>\n<h1>Garanti Bankas\u0131\u2019n\u0131n stratejik \u00f6ncelikleri aras\u0131nda sorumlu ve s\u00fcrd\u00fcr\u00fclebilir kalk\u0131nmay\u0131 desteklemek yer al\u0131yor. Bu \u00e7er\u00e7evede Garanti Bankas\u0131, iklim de\u011fi\u015fikli\u011fi ile m\u00fccadele konusunda da \u00f6zel \u00e7al\u0131\u015fmalara \u00f6nc\u00fcl\u00fck ediyor. Garanti Bankas\u0131, WWF\u2019in iklim de\u011fi\u015fikli\u011fine dikkat \u00e7ekmek i\u00e7in 2007 <img loading=\"lazy\" class=\"alignright wp-image-90519 size-medium\" src=\"https:\/\/www.enerjigazetesi.ist\/wp-content\/uploads\/2019\/04\/garanti-bankasindan-dunya-saati-etkinligine-tam-destek-300x300.jpg\" alt=\"\" width=\"300\" height=\"300\" srcset=\"https:\/\/www.enerjigazetesi.ist\/wp-content\/uploads\/2019\/04\/garanti-bankasindan-dunya-saati-etkinligine-tam-destek-300x300.jpg 300w, https:\/\/www.enerjigazetesi.ist\/wp-content\/uploads\/2019\/04\/garanti-bankasindan-dunya-saati-etkinligine-tam-destek-150x150.jpg 150w, https:\/\/www.enerjigazetesi.ist\/wp-content\/uploads\/2019\/04\/garanti-bankasindan-dunya-saati-etkinligine-tam-destek-402x400.jpg 402w, https:\/\/www.enerjigazetesi.ist\/wp-content\/uploads\/2019\/04\/garanti-bankasindan-dunya-saati-etkinligine-tam-destek-50x50.jpg 50w, https:\/\/www.enerjigazetesi.ist\/wp-content\/uploads\/2019\/04\/garanti-bankasindan-dunya-saati-etkinligine-tam-destek-100x100.jpg 100w, https:\/\/www.enerjigazetesi.ist\/wp-content\/uploads\/2019\/04\/garanti-bankasindan-dunya-saati-etkinligine-tam-destek.jpg 490w\" sizes=\"(max-width: 300px) 100vw, 300px\" \/>y\u0131l\u0131nda hayata ge\u00e7irdi\u011fi \u201cD\u00fcnya Saati\u201d uygulamas\u0131na bu sene de ana sponsoru olarak kat\u0131l\u0131yor.<\/h1>\n<p>Garanti Bankas\u0131, 27 y\u0131ld\u0131r oldu\u011fu gibi WWF-T\u00fcrkiye&#8217;ye destek vermeye devam ediyor.<\/p>\n<p>WWF-T\u00fcrkiye (Do\u011fal Hayat\u0131 Koruma Vakf\u0131) \u00f6nc\u00fcl\u00fc\u011f\u00fcnde; Garanti Bankas\u0131\u2019n\u0131n ana sponsorlu\u011funda d\u00fczenlenen \u201cD\u00fcnya Saati 2019\u201d etkinli\u011fi, bu y\u0131l <strong>6 Nisan Cumartesi<\/strong> g\u00fcn\u00fc, <strong>20.30 \u2013 21.30<\/strong> saatleri aras\u0131nda ger\u00e7ekle\u015ftirilecek.<\/p>\n<p>D\u00fcnyadaki bir\u00e7ok an\u0131tsal yap\u0131, kurum binas\u0131 ve evlerin \u0131\u015f\u0131klar\u0131n\u0131n s\u00f6nd\u00fcr\u00fcld\u00fc\u011f\u00fc etkinlikte Garanti Bankas\u0131\u2019n\u0131n \u0130stanbul Zincirlikuyu&#8217;daki Genel M\u00fcd\u00fcrl\u00fck binas\u0131, Bursa hizmet binas\u0131, Ankara K\u0131z\u0131lay hizmet binas\u0131 ve \u0130stanbul Suadiye hizmet binas\u0131n\u0131n \u0131\u015f\u0131klar\u0131, 1 saat s\u00fcresince s\u00f6nd\u00fcr\u00fclecek.<\/p>","protected":false},"excerpt":{"rendered":"<p>Sorry, this entry is only available in Turkish. For the sake of viewer convenience, the content is shown below in the alternative language. You may click the link to switch the active language. Garanti Bankas\u0131\u2019n\u0131n stratejik \u00f6ncelikleri aras\u0131nda sorumlu ve s\u00fcrd\u00fcr\u00fclebilir kalk\u0131nmay\u0131 desteklemek yer al\u0131yor. Bu \u00e7er\u00e7evede Garanti Bankas\u0131, iklim de\u011fi\u015fikli\u011fi ile m\u00fccadele konusunda da [&hellip;]<\/p>\n","protected":false},"author":1,"featured_media":90519,"comment_status":"open","ping_status":"open","sticky":false,"template":"","format":"standard","meta":[],"categories":[51,53,52],"tags":[1827,48019,67,1009,2716,48958,41159,1471,687],"views":853,"_links":{"self":[{"href":"https:\/\/www.enerjigazetesi.ist\/en\/wp-json\/wp\/v2\/posts\/90517"}],"collection":[{"href":"https:\/\/www.enerjigazetesi.ist\/en\/wp-json\/wp\/v2\/posts"}],"about":[{"href":"https:\/\/www.enerjigazetesi.ist\/en\/wp-json\/wp\/v2\/types\/post"}],"author":[{"embeddable":true,"href":"https:\/\/www.enerjigazetesi.ist\/en\/wp-json\/wp\/v2\/users\/1"}],"replies":[{"embeddable":true,"href":"https:\/\/www.enerjigazetesi.ist\/en\/wp-json\/wp\/v2\/comments?post=90517"}],"version-history":[{"count":0,"href":"https:\/\/www.enerjigazetesi.ist\/en\/wp-json\/wp\/v2\/posts\/90517\/revisions"}],"wp:featuredmedia":[{"embeddable":true,"href":"https:\/\/www.enerjigazetesi.ist\/en\/wp-json\/wp\/v2\/media\/90519"}],"wp:attachment":[{"href":"https:\/\/www.enerjigazetesi.ist\/en\/wp-json\/wp\/v2\/media?parent=90517"}],"wp:term":[{"taxonomy":"category","embeddable":true,"href":"https:\/\/www.enerjigazetesi.ist\/en\/wp-json\/wp\/v2\/categories?post=90517"},{"taxonomy":"post_tag","embeddable":true,"href":"https:\/\/www.enerjigazetesi.ist\/en\/wp-json\/wp\/v2\/tags?post=90517"}],"curies":[{"name":"wp","href":"https:\/\/api.w.org\/{rel}","templated":true}]}}